{"id":864,"date":"2012-07-02T00:04:43","date_gmt":"2012-07-02T03:04:43","guid":{"rendered":"http:\/\/www.encontrasantos.com.br\/noticias\/?p=864"},"modified":"2019-04-29T18:01:37","modified_gmt":"2019-04-29T21:01:37","slug":"ciee-de-santos-e-regiao-preve-abertura-de-300-vagas-de-estagio-nas-ferias-escolares","status":"publish","type":"post","link":"https:\/\/www.encontrasantos.com.br\/sobre\/ciee-de-santos-e-regiao-preve-abertura-de-300-vagas-de-estagio-nas-ferias-escolares\/","title":{"rendered":"CIEE de Santos e regi\u00e3o prev\u00ea abertura de 300 vagas de est\u00e1gio nas f\u00e9rias escolares"},"content":{"rendered":"<div class=\"79600775c85722932cbf26dff21860fb\" data-index=\"1\" style=\"float: none; margin:0px;\">\n<!-- Anuncio display - global -->\r\n<ins class=\"adsbygoogle\"\r\n     style=\"display:block\"\r\n     data-ad-client=\"ca-pub-8585364105181520\"\r\n     data-ad-slot=\"8789329856\"\r\n     data-ad-format=\"auto\"\r\n     data-full-width-responsive=\"true\"><\/ins>\r\n<script>\r\n     (adsbygoogle = window.adsbygoogle || []).push({});\r\n<\/script>\n<\/div>\n<p>Centro de Integra\u00e7\u00e3o Empresa-Escola (CIEE) prev\u00ea a abertura de 300 vagas de est\u00e1gio na regi\u00e3o de Santos at\u00e9 o final das f\u00e9rias escolares, para v\u00e1rios cursos e s\u00e9ries dos ensinos superior e m\u00e9dio. O aumento das oportunidades ocorre nesta \u00e9poca do ano para reposi\u00e7\u00e3o de vagas em empresas e \u00f3rg\u00e3os p\u00fablicos, j\u00e1 que muitos contratos vencem coincidindo com a formatura de estudantes e com a efetiva\u00e7\u00e3o de estagi\u00e1rios.<\/p>\n<p>As vagas est\u00e3o divididas entre as cidades de Santos, Barra do Turvo, Bertioga, Cajati, Canan\u00e9ia, Cubat\u00e3o, Eldorado, Guaruj\u00e1, Iguape, Ilha Comprida, Itanha\u00e9m, Itariri, Jacupiranga, Juqui\u00e1, Miracatu, Mongagu\u00e1, Pariquera-A\u00e7u, Pedro de Toledo, Peruibe, Praia Grande, Registro, S\u00e3o Vicente e Sete Barras.<\/p>\n<p>Segundo Rodrigo Reis Sessa, gerente Regional Adjunto do CIEE, a fartura de vagas vem confirmar o reconhecimento das empresas do valor do est\u00e1gio como ferramenta de atra\u00e7\u00e3o, capacita\u00e7\u00e3o e reten\u00e7\u00e3o de futuros talentos. Os jovens interessados em ingressar em est\u00e1gio devem acessar o Portal do Estudante (ciee.org.br) para se cadastrar gratuitamente no CIEE. Aos que j\u00e1 s\u00e3o inscritos \u00e9 importante atualizar os dados pois, assim, aumentar\u00e3o as chances de serem convocados para processos seletivos.<\/p>\n<p>Os cadastrados no banco de dados do CIEE contam com uma s\u00e9rie de vantagens. Al\u00e9m de concorrer a programas de est\u00e1gio, que facilitar\u00e3o o acesso futuro ao mercado de trabalho, podem turbinar seus curr\u00edculos matriculando-se em um (ou mais) dos 35 cursos gratuitos que comp\u00f5em a grade do programa de Educa\u00e7\u00e3o a Dist\u00e2ncia do CIEE, que abrange temas comportamentais, t\u00e9cnicos e conceituais.\u00a0<\/p>\n<p><em>Fonte: Jornal A Tribuna<\/em><\/p>\n\n<div style=\"font-size: 0px; height: 0px; line-height: 0px; margin: 0; padding: 0; clear: both;\"><\/div>","protected":false},"excerpt":{"rendered":"<p>Centro de Integra\u00e7\u00e3o Empresa-Escola (CIEE) prev\u00ea a abertura de 300 vagas de est\u00e1gio na regi\u00e3o de Santos at\u00e9 o final das f\u00e9rias escolares, para v\u00e1rios cursos e s\u00e9ries dos ensinos superior e m\u00e9dio. O aumento das oportunidades ocorre nesta \u00e9poca do ano para reposi\u00e7\u00e3o de vagas em empresas e \u00f3rg\u00e3os p\u00fablicos, j\u00e1 que muitos contratos vencem coincidindo com a formatura de estudantes e com a efetiva\u00e7\u00e3o de estagi\u00e1rios. As vagas est\u00e3o divididas entre as cidades de Santos, Barra do Turvo, Bertioga, Cajati, Canan\u00e9ia, Cubat\u00e3o, Eldorado, Guaruj\u00e1, Iguape, Ilha Comprida, Itanha\u00e9m, Itariri, Jacupiranga, Juqui\u00e1, Miracatu, Mongagu\u00e1, Pariquera-A\u00e7u, Pedro de Toledo, Peruibe, <\/p>\n","protected":false},"author":1,"featured_media":0,"comment_status":"open","ping_status":"closed","sticky":false,"template":"","format":"standard","meta":{"footnotes":""},"categories":[4],"tags":[14],"class_list":["post-864","post","type-post","status-publish","format-standard","hentry","category-empregos-em-santos","tag-santos"],"yoast_head":"<!-- This site is optimized with the Yoast SEO plugin v26.4 - https:\/\/yoast.com\/wordpress\/plugins\/seo\/ -->\n<title>CIEE de Santos e regi\u00e3o prev\u00ea abertura de 300 vagas de est\u00e1gio nas f\u00e9rias escolares - Encontra Santos<\/title>\n<meta name=\"robots\" content=\"index, follow, max-snippet:-1, max-image-preview:large, max-video-preview:-1\" \/>\n<link rel=\"canonical\" href=\"https:\/\/www.encontrasantos.com.br\/sobre\/ciee-de-santos-e-regiao-preve-abertura-de-300-vagas-de-estagio-nas-ferias-escolares\/\" \/>\n<meta property=\"og:locale\" content=\"pt_BR\" \/>\n<meta property=\"og:type\" content=\"article\" \/>\n<meta property=\"og:title\" content=\"CIEE de Santos e regi\u00e3o prev\u00ea abertura de 300 vagas de est\u00e1gio nas f\u00e9rias escolares - Encontra Santos\" \/>\n<meta property=\"og:description\" content=\"Centro de Integra\u00e7\u00e3o Empresa-Escola (CIEE) prev\u00ea a abertura de 300 vagas de est\u00e1gio na regi\u00e3o de Santos at\u00e9 o final das f\u00e9rias escolares, para v\u00e1rios cursos e s\u00e9ries dos ensinos superior e m\u00e9dio. O aumento das oportunidades ocorre nesta \u00e9poca do ano para reposi\u00e7\u00e3o de vagas em empresas e \u00f3rg\u00e3os p\u00fablicos, j\u00e1 que muitos contratos vencem coincidindo com a formatura de estudantes e com a efetiva\u00e7\u00e3o de estagi\u00e1rios. As vagas est\u00e3o divididas entre as cidades de Santos, Barra do Turvo, Bertioga, Cajati, Canan\u00e9ia, Cubat\u00e3o, Eldorado, Guaruj\u00e1, Iguape, Ilha Comprida, Itanha\u00e9m, Itariri, Jacupiranga, Juqui\u00e1, Miracatu, Mongagu\u00e1, Pariquera-A\u00e7u, Pedro de Toledo, Peruibe,\" \/>\n<meta property=\"og:url\" content=\"https:\/\/www.encontrasantos.com.br\/sobre\/ciee-de-santos-e-regiao-preve-abertura-de-300-vagas-de-estagio-nas-ferias-escolares\/\" \/>\n<meta property=\"og:site_name\" content=\"Encontra Santos\" \/>\n<meta property=\"article:published_time\" content=\"2012-07-02T03:04:43+00:00\" \/>\n<meta property=\"article:modified_time\" content=\"2019-04-29T21:01:37+00:00\" \/>\n<meta name=\"author\" content=\"Encontra Santos\" \/>\n<meta name=\"twitter:card\" content=\"summary_large_image\" \/>\n<meta name=\"twitter:label1\" content=\"Escrito por\" \/>\n\t<meta name=\"twitter:data1\" content=\"Encontra Santos\" \/>\n\t<meta name=\"twitter:label2\" content=\"Est. tempo de leitura\" \/>\n\t<meta name=\"twitter:data2\" content=\"1 minuto\" \/>\n<script type=\"application\/ld+json\" class=\"yoast-schema-graph\">{\"@context\":\"https:\/\/schema.org\",\"@graph\":[{\"@type\":\"WebPage\",\"@id\":\"https:\/\/www.encontrasantos.com.br\/sobre\/ciee-de-santos-e-regiao-preve-abertura-de-300-vagas-de-estagio-nas-ferias-escolares\/\",\"url\":\"https:\/\/www.encontrasantos.com.br\/sobre\/ciee-de-santos-e-regiao-preve-abertura-de-300-vagas-de-estagio-nas-ferias-escolares\/\",\"name\":\"CIEE de Santos e regi\u00e3o prev\u00ea abertura de 300 vagas de est\u00e1gio nas f\u00e9rias escolares - Encontra Santos\",\"isPartOf\":{\"@id\":\"https:\/\/www.encontrasantos.com.br\/sobre\/#website\"},\"datePublished\":\"2012-07-02T03:04:43+00:00\",\"dateModified\":\"2019-04-29T21:01:37+00:00\",\"author\":{\"@id\":\"https:\/\/www.encontrasantos.com.br\/sobre\/#\/schema\/person\/c048a1af2d003b660d350a57d8081717\"},\"breadcrumb\":{\"@id\":\"https:\/\/www.encontrasantos.com.br\/sobre\/ciee-de-santos-e-regiao-preve-abertura-de-300-vagas-de-estagio-nas-ferias-escolares\/#breadcrumb\"},\"inLanguage\":\"pt-BR\",\"potentialAction\":[{\"@type\":\"ReadAction\",\"target\":[\"https:\/\/www.encontrasantos.com.br\/sobre\/ciee-de-santos-e-regiao-preve-abertura-de-300-vagas-de-estagio-nas-ferias-escolares\/\"]}]},{\"@type\":\"BreadcrumbList\",\"@id\":\"https:\/\/www.encontrasantos.com.br\/sobre\/ciee-de-santos-e-regiao-preve-abertura-de-300-vagas-de-estagio-nas-ferias-escolares\/#breadcrumb\",\"itemListElement\":[{\"@type\":\"ListItem\",\"position\":1,\"name\":\"In\u00edcio\",\"item\":\"https:\/\/www.encontrasantos.com.br\/sobre\/\"},{\"@type\":\"ListItem\",\"position\":2,\"name\":\"CIEE de Santos e regi\u00e3o prev\u00ea abertura de 300 vagas de est\u00e1gio nas f\u00e9rias escolares\"}]},{\"@type\":\"WebSite\",\"@id\":\"https:\/\/www.encontrasantos.com.br\/sobre\/#website\",\"url\":\"https:\/\/www.encontrasantos.com.br\/sobre\/\",\"name\":\"Encontra Santos\",\"description\":\"Not\u00edcias, eventos, informa\u00e7\u00f5es e dicas na cidade de Santos e regi\u00e3o\",\"potentialAction\":[{\"@type\":\"SearchAction\",\"target\":{\"@type\":\"EntryPoint\",\"urlTemplate\":\"https:\/\/www.encontrasantos.com.br\/sobre\/?s={search_term_string}\"},\"query-input\":{\"@type\":\"PropertyValueSpecification\",\"valueRequired\":true,\"valueName\":\"search_term_string\"}}],\"inLanguage\":\"pt-BR\"},{\"@type\":\"Person\",\"@id\":\"https:\/\/www.encontrasantos.com.br\/sobre\/#\/schema\/person\/c048a1af2d003b660d350a57d8081717\",\"name\":\"Encontra Santos\",\"image\":{\"@type\":\"ImageObject\",\"inLanguage\":\"pt-BR\",\"@id\":\"https:\/\/www.encontrasantos.com.br\/sobre\/#\/schema\/person\/image\/\",\"url\":\"https:\/\/secure.gravatar.com\/avatar\/507340682b8270222e1f208e23198b6ae7e2c6a1033ae84e99bc6bce4f82a387?s=96&d=mm&r=g\",\"contentUrl\":\"https:\/\/secure.gravatar.com\/avatar\/507340682b8270222e1f208e23198b6ae7e2c6a1033ae84e99bc6bce4f82a387?s=96&d=mm&r=g\",\"caption\":\"Encontra Santos\"},\"sameAs\":[\"http:\/\/www.encontrasantos.com.br\"],\"url\":\"https:\/\/www.encontrasantos.com.br\/sobre\/author\/esantos\/\"}]}<\/script>\n<!-- \/ Yoast SEO plugin. -->","yoast_head_json":{"title":"CIEE de Santos e regi\u00e3o prev\u00ea abertura de 300 vagas de est\u00e1gio nas f\u00e9rias escolares - Encontra Santos","robots":{"index":"index","follow":"follow","max-snippet":"max-snippet:-1","max-image-preview":"max-image-preview:large","max-video-preview":"max-video-preview:-1"},"canonical":"https:\/\/www.encontrasantos.com.br\/sobre\/ciee-de-santos-e-regiao-preve-abertura-de-300-vagas-de-estagio-nas-ferias-escolares\/","og_locale":"pt_BR","og_type":"article","og_title":"CIEE de Santos e regi\u00e3o prev\u00ea abertura de 300 vagas de est\u00e1gio nas f\u00e9rias escolares - Encontra Santos","og_description":"Centro de Integra\u00e7\u00e3o Empresa-Escola (CIEE) prev\u00ea a abertura de 300 vagas de est\u00e1gio na regi\u00e3o de Santos at\u00e9 o final das f\u00e9rias escolares, para v\u00e1rios cursos e s\u00e9ries dos ensinos superior e m\u00e9dio. O aumento das oportunidades ocorre nesta \u00e9poca do ano para reposi\u00e7\u00e3o de vagas em empresas e \u00f3rg\u00e3os p\u00fablicos, j\u00e1 que muitos contratos vencem coincidindo com a formatura de estudantes e com a efetiva\u00e7\u00e3o de estagi\u00e1rios. As vagas est\u00e3o divididas entre as cidades de Santos, Barra do Turvo, Bertioga, Cajati, Canan\u00e9ia, Cubat\u00e3o, Eldorado, Guaruj\u00e1, Iguape, Ilha Comprida, Itanha\u00e9m, Itariri, Jacupiranga, Juqui\u00e1, Miracatu, Mongagu\u00e1, Pariquera-A\u00e7u, Pedro de Toledo, Peruibe,","og_url":"https:\/\/www.encontrasantos.com.br\/sobre\/ciee-de-santos-e-regiao-preve-abertura-de-300-vagas-de-estagio-nas-ferias-escolares\/","og_site_name":"Encontra Santos","article_published_time":"2012-07-02T03:04:43+00:00","article_modified_time":"2019-04-29T21:01:37+00:00","author":"Encontra Santos","twitter_card":"summary_large_image","twitter_misc":{"Escrito por":"Encontra Santos","Est. tempo de leitura":"1 minuto"},"schema":{"@context":"https:\/\/schema.org","@graph":[{"@type":"WebPage","@id":"https:\/\/www.encontrasantos.com.br\/sobre\/ciee-de-santos-e-regiao-preve-abertura-de-300-vagas-de-estagio-nas-ferias-escolares\/","url":"https:\/\/www.encontrasantos.com.br\/sobre\/ciee-de-santos-e-regiao-preve-abertura-de-300-vagas-de-estagio-nas-ferias-escolares\/","name":"CIEE de Santos e regi\u00e3o prev\u00ea abertura de 300 vagas de est\u00e1gio nas f\u00e9rias escolares - Encontra Santos","isPartOf":{"@id":"https:\/\/www.encontrasantos.com.br\/sobre\/#website"},"datePublished":"2012-07-02T03:04:43+00:00","dateModified":"2019-04-29T21:01:37+00:00","author":{"@id":"https:\/\/www.encontrasantos.com.br\/sobre\/#\/schema\/person\/c048a1af2d003b660d350a57d8081717"},"breadcrumb":{"@id":"https:\/\/www.encontrasantos.com.br\/sobre\/ciee-de-santos-e-regiao-preve-abertura-de-300-vagas-de-estagio-nas-ferias-escolares\/#breadcrumb"},"inLanguage":"pt-BR","potentialAction":[{"@type":"ReadAction","target":["https:\/\/www.encontrasantos.com.br\/sobre\/ciee-de-santos-e-regiao-preve-abertura-de-300-vagas-de-estagio-nas-ferias-escolares\/"]}]},{"@type":"BreadcrumbList","@id":"https:\/\/www.encontrasantos.com.br\/sobre\/ciee-de-santos-e-regiao-preve-abertura-de-300-vagas-de-estagio-nas-ferias-escolares\/#breadcrumb","itemListElement":[{"@type":"ListItem","position":1,"name":"In\u00edcio","item":"https:\/\/www.encontrasantos.com.br\/sobre\/"},{"@type":"ListItem","position":2,"name":"CIEE de Santos e regi\u00e3o prev\u00ea abertura de 300 vagas de est\u00e1gio nas f\u00e9rias escolares"}]},{"@type":"WebSite","@id":"https:\/\/www.encontrasantos.com.br\/sobre\/#website","url":"https:\/\/www.encontrasantos.com.br\/sobre\/","name":"Encontra Santos","description":"Not\u00edcias, eventos, informa\u00e7\u00f5es e dicas na cidade de Santos e regi\u00e3o","potentialAction":[{"@type":"SearchAction","target":{"@type":"EntryPoint","urlTemplate":"https:\/\/www.encontrasantos.com.br\/sobre\/?s={search_term_string}"},"query-input":{"@type":"PropertyValueSpecification","valueRequired":true,"valueName":"search_term_string"}}],"inLanguage":"pt-BR"},{"@type":"Person","@id":"https:\/\/www.encontrasantos.com.br\/sobre\/#\/schema\/person\/c048a1af2d003b660d350a57d8081717","name":"Encontra Santos","image":{"@type":"ImageObject","inLanguage":"pt-BR","@id":"https:\/\/www.encontrasantos.com.br\/sobre\/#\/schema\/person\/image\/","url":"https:\/\/secure.gravatar.com\/avatar\/507340682b8270222e1f208e23198b6ae7e2c6a1033ae84e99bc6bce4f82a387?s=96&d=mm&r=g","contentUrl":"https:\/\/secure.gravatar.com\/avatar\/507340682b8270222e1f208e23198b6ae7e2c6a1033ae84e99bc6bce4f82a387?s=96&d=mm&r=g","caption":"Encontra Santos"},"sameAs":["http:\/\/www.encontrasantos.com.br"],"url":"https:\/\/www.encontrasantos.com.br\/sobre\/author\/esantos\/"}]}},"_links":{"self":[{"href":"https:\/\/www.encontrasantos.com.br\/sobre\/wp-json\/wp\/v2\/posts\/864","targetHints":{"allow":["GET"]}}],"collection":[{"href":"https:\/\/www.encontrasantos.com.br\/sobre\/wp-json\/wp\/v2\/posts"}],"about":[{"href":"https:\/\/www.encontrasantos.com.br\/sobre\/wp-json\/wp\/v2\/types\/post"}],"author":[{"embeddable":true,"href":"https:\/\/www.encontrasantos.com.br\/sobre\/wp-json\/wp\/v2\/users\/1"}],"replies":[{"embeddable":true,"href":"https:\/\/www.encontrasantos.com.br\/sobre\/wp-json\/wp\/v2\/comments?post=864"}],"version-history":[{"count":0,"href":"https:\/\/www.encontrasantos.com.br\/sobre\/wp-json\/wp\/v2\/posts\/864\/revisions"}],"wp:attachment":[{"href":"https:\/\/www.encontrasantos.com.br\/sobre\/wp-json\/wp\/v2\/media?parent=864"}],"wp:term":[{"taxonomy":"category","embeddable":true,"href":"https:\/\/www.encontrasantos.com.br\/sobre\/wp-json\/wp\/v2\/categories?post=864"},{"taxonomy":"post_tag","embeddable":true,"href":"https:\/\/www.encontrasantos.com.br\/sobre\/wp-json\/wp\/v2\/tags?post=864"}],"curies":[{"name":"wp","href":"https:\/\/api.w.org\/{rel}","templated":true}]}}