{"id":6253,"date":"2026-09-04T05:30:23","date_gmt":"2026-09-04T08:30:23","guid":{"rendered":"https:\/\/www.encontrasantos.com.br\/sobre\/santos-tem-ampla-programacao-pela-conscientizacao-e-garantia-de-direitos-das-pessoas-com-deficiencia\/"},"modified":"2026-09-04T05:30:23","modified_gmt":"2026-09-04T08:30:23","slug":"santos-tem-ampla-programacao-pela-conscientizacao-e-garantia-de-direitos-das-pessoas-com-deficiencia","status":"publish","type":"post","link":"https:\/\/www.encontrasantos.com.br\/sobre\/santos-tem-ampla-programacao-pela-conscientizacao-e-garantia-de-direitos-das-pessoas-com-deficiencia\/","title":{"rendered":"Santos tem ampla programa\u00e7\u00e3o pela conscientiza\u00e7\u00e3o e garantia de direitos das pessoas com defici\u00eancia"},"content":{"rendered":"<div class=\"79600775c85722932cbf26dff21860fb\" data-index=\"1\" style=\"float: none; margin:0px;\">\n<!-- Anuncio display - global -->\r\n<ins class=\"adsbygoogle\"\r\n     style=\"display:block\"\r\n     data-ad-client=\"ca-pub-8585364105181520\"\r\n     data-ad-slot=\"8789329856\"\r\n     data-ad-format=\"auto\"\r\n     data-full-width-responsive=\"true\"><\/ins>\r\n<script>\r\n     (adsbygoogle = window.adsbygoogle || []).push({});\r\n<\/script>\n<\/div>\n<h2>Programa\u00e7\u00e3o de Conscientiza\u00e7\u00e3o e Defesa de Direitos para Pessoas com Defici\u00eancia<\/h2>\n<p>Durante o m\u00eas de setembro, Santos realiza uma extensa agenda conhecida como <strong>Setembro Verde e Azul<\/strong>. Essa campanha tem como objetivo principal aumentar a conscientiza\u00e7\u00e3o, promover a visibilidade e assegurar os direitos das pessoas com defici\u00eancia (PCD). A programa\u00e7\u00e3o abrange uma variedade de eventos, como capacita\u00e7\u00f5es, oficinas, encontros, atividades esportivas, uma caminhada e um festival art\u00edstico, todos focados em temas como acessibilidade, inclus\u00e3o e combate \u00e0 discrimina\u00e7\u00e3o.<\/p>\n<h2>Caminhada de Conscientiza\u00e7\u00e3o no Dia Nacional da Pessoa Surda<\/h2>\n<p>Um dos eventos principais acontece no dia 26, quando a cidade celebra o <strong>Dia Nacional da Pessoa Surda<\/strong>. A caminhada de conscientiza\u00e7\u00e3o come\u00e7ar\u00e1 na <strong>Pra\u00e7a das Bandeiras<\/strong>, com concentra\u00e7\u00e3o marcada para as 11h, e seguir\u00e1 at\u00e9 a <strong>Concha Ac\u00fastica<\/strong>. Este evento n\u00e3o apenas promove a conscientiza\u00e7\u00e3o sobre quest\u00f5es relacionadas \u00e0 surdez, mas tamb\u00e9m incentiva a inclus\u00e3o social e os direitos dessa comunidade.<\/p>\n<h2>Programa\u00e7\u00e3o do Setembro Verde e Azul<\/h2>\n<p>A programa\u00e7\u00e3o do <strong>Setembro Verde e Azul<\/strong> \u00e9 repleta de atividades que visam educar e engajar a comunidade em torno dos direitos das pessoas com defici\u00eancia. Al\u00e9m da caminhada, o m\u00eas contar\u00e1 com:<\/p>\n<p><img decoding=\"async\" src=\"https:\/\/www.encontrasantos.com.br\/sobre\/wp-content\/uploads\/2026\/09\/santos-tem-ampla-programacao-pela-conscientizacao-e-garantia-de-direitos-das-pessoas-com-deficiencia.webp\" alt=\"conscientiza\u00e7\u00e3o e garantia de direitos das pessoas com defici\u00eancia\" loading=\"lazy\" \/><\/p>\n<ul>\n<li><strong>Capacita\u00e7\u00f5es:<\/strong> Para profissionais que atendem diretamente a pessoas com defici\u00eancia, abordando temas como atendimento inclusivo e pol\u00edticas de acessibilidade.<\/li>\n<li><strong>Oficinas:<\/strong> Atividades pr\u00e1ticas que promovem a reflex\u00e3o sobre a acentuada import\u00e2ncia da inclus\u00e3o e do respeito \u00e0s diversidades.<\/li>\n<li><strong>Encontros:<\/strong> Discuss\u00f5es sobre as barreiras enfrentadas por PCD, al\u00e9m de propostas para melhorias sociais.<\/li>\n<li><strong>Festival Art\u00edstico Inclusivo:<\/strong> Acontecendo na <strong>Concha Ac\u00fastica<\/strong>, onde artistas com e sem defici\u00eancia se apresentar\u00e3o, promovendo a cultura e a inclus\u00e3o.<\/li>\n<\/ul>\n<h2>Festival Art\u00edstico Inclusivo 2026<\/h2>\n<p>Na data da caminhada, o <strong>Festival Art\u00edstico Inclusivo 2026<\/strong> ser\u00e1 realizado na <strong>Concha Ac\u00fastica<\/strong>. Este festival visa celebrar a <strong>Semana Nacional de Luta pelos Direitos e pela Cidadania da Pessoa com Defici\u00eancia<\/strong>. A programa\u00e7\u00e3o promete oferecer uma plataforma para que artistas de diversas origens, incluindo PCD, possam mostrar seu talento, contribuir para a sensibiliza\u00e7\u00e3o do p\u00fablico e fomentar di\u00e1logos sobre inclus\u00e3o e acessibilidade.<\/p>\n<h2>A\u00e7\u00f5es de Forma\u00e7\u00e3o para Servidores P\u00fablicos<\/h2>\n<p>Entre os destaques da programa\u00e7\u00e3o, est\u00e3o as a\u00e7\u00f5es de forma\u00e7\u00e3o especialmente voltadas para servidores p\u00fablicos e profissionais que trabalham com pessoas com defici\u00eancia. Essa capacita\u00e7\u00e3o \u00e9 crucial para garantir que as pol\u00edticas de inclus\u00e3o sejam efetivamente implementadas e respeitadas em todos os n\u00edveis de atendimento ao cidad\u00e3o. O objetivo \u00e9 educar os participantes sobre a legisla\u00e7\u00e3o vigente e boas pr\u00e1ticas de atendimento, fazendo com que cada servidor se torne um agente de mudan\u00e7a em suas respectivas \u00e1reas.<\/p>\n<h2>Pol\u00edticas P\u00fablicas de Inclus\u00e3o em Santos<\/h2>\n<p>Santos tem se comprometido a ampliar e promover pol\u00edticas p\u00fablicas que assegurem os direitos das pessoas com defici\u00eancia. Conforme dados do <strong>Censo 2022<\/strong>, cerca de 6,3% da popula\u00e7\u00e3o da cidade \u00e9 composta por pessoas com defici\u00eancia. A <strong>Comiss\u00e3o Permanente de Acessibilidade<\/strong> desempenha um importante papel ao desenvolver a\u00e7\u00f5es intersecretariais e propor melhorias em projetos e obras, sempre buscando a participa\u00e7\u00e3o ativa da sociedade civil por meio do <strong>Conselho dos Direitos das Pessoas com Defici\u00eancia (Condefi)<\/strong> e do <strong>Conselho de Arquitetura e Urbanismo (CAU)<\/strong>.<\/p>\n<h2>Direitos e Benef\u00edcios para Pessoas com Defici\u00eancia<\/h2>\n<p>A <strong>Lei Brasileira de Inclus\u00e3o (LBI)<\/strong>, em vigor h\u00e1 11 anos, \u00e9 uma ferramenta fundamental nesse contexto, tendo sido tema de v\u00e1rias capacita\u00e7\u00f5es e materiais informativos distribu\u00eddos pela <strong>Codep<\/strong> desde 2021. No ano de 2026, foram fornecidas aproximadamente 500 carteiras de identifica\u00e7\u00e3o, elevando o total para mais de 4 mil documentos emitidos at\u00e9 ent\u00e3o. Esta identifica\u00e7\u00e3o facilita o acesso a diversos direitos e benef\u00edcios garantidos por lei.<\/p>\n<h2>Centros de Reabilita\u00e7\u00e3o e Apoio<\/h2>\n<p>A cidade de Santos tamb\u00e9m se destaca por sua rede de servi\u00e7os voltados para a reabilita\u00e7\u00e3o e apoio das pessoas com defici\u00eancia. O <strong>Centro de Reabilita\u00e7\u00e3o e Estimula\u00e7\u00e3o do Neurodesenvolvimento (CREN)<\/strong> atualmente atende 225 pacientes autistas, refletindo o compromisso do munic\u00edpio com a inclus\u00e3o e a sa\u00fade dessas crian\u00e7as. Al\u00e9m disso, programas voltados para a empregabilidade, como o <strong>Polo de Empregabilidade Inclusiva<\/strong>, proporcionam oportunidades de trabalho e desenvolvimento profissional.<\/p>\n<h2>Compromisso com a Inclus\u00e3o Social<\/h2>\n<p>O compromisso de Santos com a inclus\u00e3o social \u00e9 evidente em todas as suas iniciativas. Cristiane Zamari, coordenadora de Defesa de Pol\u00edticas para Pessoas com Defici\u00eancia (Codep), destaca que: &#8220;O Setembro Verde e Azul reafirma que a inclus\u00e3o deve ser um compromisso permanente, com informa\u00e7\u00e3o, visibilidade e garantia efetiva dos direitos das pessoas com defici\u00eancia. Essa responsabilidade deve mobilizar o poder p\u00fablico e toda a sociedade durante o ano inteiro.&#8221; Essa vis\u00e3o \u00e9 crucial para que a luta pelos direitos das pessoas com defici\u00eancia seja cont\u00ednua e eficaz.<\/p>\n<h2>Import\u00e2ncia da Lei Brasileira de Inclus\u00e3o<\/h2>\n<p>A <strong>Lei Brasileira de Inclus\u00e3o (LBI)<\/strong> estabelece diretrizes claras para assegurar aos indiv\u00edduos com defici\u00eancia seus direitos b\u00e1sicos. Ela garante acesso \u00e0 educa\u00e7\u00e3o, sa\u00fade, trabalho e inclus\u00e3o social, criando um ambiente prop\u00edcio para a redu\u00e7\u00e3o das desigualdades e promo\u00e7\u00e3o da cidadania. A divulga\u00e7\u00e3o e o conhecimento dessa lei s\u00e3o essenciais para que profissionais e cidad\u00e3os compreendam a import\u00e2ncia de uma sociedade inclusiva.<\/p>\n<h2>Rede de Apoio e Servi\u00e7os Dispon\u00edveis<\/h2>\n<p>A infraestrutura de Santos tamb\u00e9m contempla uma vasta gama de servi\u00e7os para pessoas com defici\u00eancia, abrangendo sa\u00fade, educa\u00e7\u00e3o, cultura e lazer. Entre as iniciativas, destaca-se:<\/p>\n<ul>\n<li><strong>O Selo Empresa Acess\u00edvel:<\/strong> Um reconhecimento \u00e0s empresas que se comprometem com a inclus\u00e3o empregando pessoas com defici\u00eancia.<\/li>\n<li><strong>A Escola de Surfe Adaptado:<\/strong> Oferecendo aulas de surfe para crian\u00e7as e jovens com alguma defici\u00eancia.<\/li>\n<li><strong>Projeto TamTam:<\/strong> Focado em fomentar o desenvolvimento musical em pessoas com defici\u00eancia.<\/li>\n<li><strong>O Parque Para Todos:<\/strong> Localizado no Jardim Bot\u00e2nico, promovendo inclus\u00e3o e lazer.<\/li>\n<\/ul>\n<p>A inclus\u00e3o de <strong>Libras<\/strong> no curr\u00edculo escolar e a instala\u00e7\u00e3o gradual de salas multissensoriais s\u00e3o exemplos do comprometimento da rede educacional em proporcionar educa\u00e7\u00e3o de qualidade e acess\u00edvel.<\/p>\n<p>Atrav\u00e9s de todas essas a\u00e7\u00f5es, Santos n\u00e3o s\u00f3 cumpre com os Objetivos de Desenvolvimento Sustent\u00e1vel da ONU, mas tamb\u00e9m se estabelece como uma refer\u00eancia em pol\u00edticas p\u00fablicas inclusivas, demonstrando que a promo\u00e7\u00e3o dos direitos das pessoas com defici\u00eancia \u00e9 responsabilidade de toda a sociedade.<\/p>\n\n<div style=\"font-size: 0px; height: 0px; line-height: 0px; margin: 0; padding: 0; clear: both;\"><\/div>","protected":false},"excerpt":{"rendered":"<p>Santos promove ampla programa\u00e7\u00e3o pela conscientiza\u00e7\u00e3o e garantia de direitos das pessoas com defici\u00eancia.<\/p>\n","protected":false},"author":1,"featured_media":6252,"comment_status":"open","ping_status":"closed","sticky":false,"template":"","format":"standard","meta":{"footnotes":""},"categories":[35],"tags":[],"class_list":["post-6253","post","type-post","status-publish","format-standard","has-post-thumbnail","hentry","category-educacao-em-santos","has_thumb"],"yoast_head":"<!-- This site is optimized with the Yoast SEO plugin v28.2 - https:\/\/yoast.com\/product\/yoast-seo-wordpress\/ -->\n<title>Santos tem ampla programa\u00e7\u00e3o pela conscientiza\u00e7\u00e3o e garantia de direitos das pessoas com defici\u00eancia - Encontra Santos<\/title>\n<meta name=\"robots\" content=\"index, follow, max-snippet:-1, max-image-preview:large, max-video-preview:-1\" \/>\n<link rel=\"canonical\" href=\"https:\/\/www.encontrasantos.com.br\/sobre\/santos-tem-ampla-programacao-pela-conscientizacao-e-garantia-de-direitos-das-pessoas-com-deficiencia\/\" \/>\n<meta property=\"og:locale\" content=\"pt_BR\" \/>\n<meta property=\"og:type\" content=\"article\" \/>\n<meta property=\"og:title\" content=\"Santos tem ampla programa\u00e7\u00e3o pela conscientiza\u00e7\u00e3o e garantia de direitos das pessoas com defici\u00eancia - Encontra Santos\" \/>\n<meta property=\"og:description\" content=\"Santos promove ampla programa\u00e7\u00e3o pela conscientiza\u00e7\u00e3o e garantia de direitos das pessoas com defici\u00eancia.\" \/>\n<meta property=\"og:url\" content=\"https:\/\/www.encontrasantos.com.br\/sobre\/santos-tem-ampla-programacao-pela-conscientizacao-e-garantia-de-direitos-das-pessoas-com-deficiencia\/\" \/>\n<meta property=\"og:site_name\" content=\"Encontra Santos\" \/>\n<meta property=\"article:published_time\" content=\"2026-09-04T08:30:23+00:00\" \/>\n<meta property=\"og:image\" content=\"https:\/\/www.encontrasantos.com.br\/sobre\/wp-content\/uploads\/2026\/09\/santos-tem-ampla-programacao-pela-conscientizacao-e-garantia-de-direitos-das-pessoas-com-deficiencia.webp\" \/>\n<meta name=\"author\" content=\"Encontra Santos\" \/>\n<meta name=\"twitter:card\" content=\"summary_large_image\" \/>\n<meta name=\"twitter:label1\" content=\"Escrito por\" \/>\n\t<meta name=\"twitter:data1\" content=\"Encontra Santos\" \/>\n\t<meta name=\"twitter:label2\" content=\"Est. tempo de leitura\" \/>\n\t<meta name=\"twitter:data2\" content=\"5 minutos\" \/>\n<script type=\"application\/ld+json\" class=\"yoast-schema-graph\">{\"@context\":\"https:\\\/\\\/schema.org\",\"@graph\":[{\"@type\":\"Article\",\"@id\":\"https:\\\/\\\/www.encontrasantos.com.br\\\/sobre\\\/santos-tem-ampla-programacao-pela-conscientizacao-e-garantia-de-direitos-das-pessoas-com-deficiencia\\\/#article\",\"isPartOf\":{\"@id\":\"https:\\\/\\\/www.encontrasantos.com.br\\\/sobre\\\/santos-tem-ampla-programacao-pela-conscientizacao-e-garantia-de-direitos-das-pessoas-com-deficiencia\\\/\"},\"author\":{\"name\":\"Encontra Santos\",\"@id\":\"https:\\\/\\\/www.encontrasantos.com.br\\\/sobre\\\/#\\\/schema\\\/person\\\/c048a1af2d003b660d350a57d8081717\"},\"headline\":\"Santos tem ampla programa\u00e7\u00e3o pela conscientiza\u00e7\u00e3o e garantia de direitos das pessoas com defici\u00eancia\",\"datePublished\":\"2026-09-04T08:30:23+00:00\",\"mainEntityOfPage\":{\"@id\":\"https:\\\/\\\/www.encontrasantos.com.br\\\/sobre\\\/santos-tem-ampla-programacao-pela-conscientizacao-e-garantia-de-direitos-das-pessoas-com-deficiencia\\\/\"},\"wordCount\":1123,\"commentCount\":0,\"image\":{\"@id\":\"https:\\\/\\\/www.encontrasantos.com.br\\\/sobre\\\/santos-tem-ampla-programacao-pela-conscientizacao-e-garantia-de-direitos-das-pessoas-com-deficiencia\\\/#primaryimage\"},\"thumbnailUrl\":\"https:\\\/\\\/www.encontrasantos.com.br\\\/sobre\\\/wp-content\\\/uploads\\\/2026\\\/09\\\/santos-tem-ampla-programacao-pela-conscientizacao-e-garantia-de-direitos-das-pessoas-com-deficiencia.webp\",\"articleSection\":[\"Educa\u00e7\u00e3o Santos\"],\"inLanguage\":\"pt-BR\",\"potentialAction\":[{\"@type\":\"CommentAction\",\"name\":\"Comment\",\"target\":[\"https:\\\/\\\/www.encontrasantos.com.br\\\/sobre\\\/santos-tem-ampla-programacao-pela-conscientizacao-e-garantia-de-direitos-das-pessoas-com-deficiencia\\\/#respond\"]}]},{\"@type\":\"WebPage\",\"@id\":\"https:\\\/\\\/www.encontrasantos.com.br\\\/sobre\\\/santos-tem-ampla-programacao-pela-conscientizacao-e-garantia-de-direitos-das-pessoas-com-deficiencia\\\/\",\"url\":\"https:\\\/\\\/www.encontrasantos.com.br\\\/sobre\\\/santos-tem-ampla-programacao-pela-conscientizacao-e-garantia-de-direitos-das-pessoas-com-deficiencia\\\/\",\"name\":\"Santos tem ampla programa\u00e7\u00e3o pela conscientiza\u00e7\u00e3o e garantia de direitos das pessoas com defici\u00eancia - Encontra Santos\",\"isPartOf\":{\"@id\":\"https:\\\/\\\/www.encontrasantos.com.br\\\/sobre\\\/#website\"},\"primaryImageOfPage\":{\"@id\":\"https:\\\/\\\/www.encontrasantos.com.br\\\/sobre\\\/santos-tem-ampla-programacao-pela-conscientizacao-e-garantia-de-direitos-das-pessoas-com-deficiencia\\\/#primaryimage\"},\"image\":{\"@id\":\"https:\\\/\\\/www.encontrasantos.com.br\\\/sobre\\\/santos-tem-ampla-programacao-pela-conscientizacao-e-garantia-de-direitos-das-pessoas-com-deficiencia\\\/#primaryimage\"},\"thumbnailUrl\":\"https:\\\/\\\/www.encontrasantos.com.br\\\/sobre\\\/wp-content\\\/uploads\\\/2026\\\/09\\\/santos-tem-ampla-programacao-pela-conscientizacao-e-garantia-de-direitos-das-pessoas-com-deficiencia.webp\",\"datePublished\":\"2026-09-04T08:30:23+00:00\",\"author\":{\"@id\":\"https:\\\/\\\/www.encontrasantos.com.br\\\/sobre\\\/#\\\/schema\\\/person\\\/c048a1af2d003b660d350a57d8081717\"},\"breadcrumb\":{\"@id\":\"https:\\\/\\\/www.encontrasantos.com.br\\\/sobre\\\/santos-tem-ampla-programacao-pela-conscientizacao-e-garantia-de-direitos-das-pessoas-com-deficiencia\\\/#breadcrumb\"},\"inLanguage\":\"pt-BR\",\"potentialAction\":[{\"@type\":\"ReadAction\",\"target\":[\"https:\\\/\\\/www.encontrasantos.com.br\\\/sobre\\\/santos-tem-ampla-programacao-pela-conscientizacao-e-garantia-de-direitos-das-pessoas-com-deficiencia\\\/\"]}]},{\"@type\":\"ImageObject\",\"inLanguage\":\"pt-BR\",\"@id\":\"https:\\\/\\\/www.encontrasantos.com.br\\\/sobre\\\/santos-tem-ampla-programacao-pela-conscientizacao-e-garantia-de-direitos-das-pessoas-com-deficiencia\\\/#primaryimage\",\"url\":\"https:\\\/\\\/www.encontrasantos.com.br\\\/sobre\\\/wp-content\\\/uploads\\\/2026\\\/09\\\/santos-tem-ampla-programacao-pela-conscientizacao-e-garantia-de-direitos-das-pessoas-com-deficiencia.webp\",\"contentUrl\":\"https:\\\/\\\/www.encontrasantos.com.br\\\/sobre\\\/wp-content\\\/uploads\\\/2026\\\/09\\\/santos-tem-ampla-programacao-pela-conscientizacao-e-garantia-de-direitos-das-pessoas-com-deficiencia.webp\",\"width\":280,\"height\":280,\"caption\":\"conscientiza\u00e7\u00e3o e garantia de direitos das pessoas com defici\u00eancia\"},{\"@type\":\"BreadcrumbList\",\"@id\":\"https:\\\/\\\/www.encontrasantos.com.br\\\/sobre\\\/santos-tem-ampla-programacao-pela-conscientizacao-e-garantia-de-direitos-das-pessoas-com-deficiencia\\\/#breadcrumb\",\"itemListElement\":[{\"@type\":\"ListItem\",\"position\":1,\"name\":\"In\u00edcio\",\"item\":\"https:\\\/\\\/www.encontrasantos.com.br\\\/sobre\\\/\"},{\"@type\":\"ListItem\",\"position\":2,\"name\":\"Santos tem ampla programa\u00e7\u00e3o pela conscientiza\u00e7\u00e3o e garantia de direitos das pessoas com defici\u00eancia\"}]},{\"@type\":\"WebSite\",\"@id\":\"https:\\\/\\\/www.encontrasantos.com.br\\\/sobre\\\/#website\",\"url\":\"https:\\\/\\\/www.encontrasantos.com.br\\\/sobre\\\/\",\"name\":\"Encontra Santos\",\"description\":\"Not\u00edcias, eventos, informa\u00e7\u00f5es e dicas na cidade de Santos e regi\u00e3o\",\"potentialAction\":[{\"@type\":\"SearchAction\",\"target\":{\"@type\":\"EntryPoint\",\"urlTemplate\":\"https:\\\/\\\/www.encontrasantos.com.br\\\/sobre\\\/?s={search_term_string}\"},\"query-input\":{\"@type\":\"PropertyValueSpecification\",\"valueRequired\":true,\"valueName\":\"search_term_string\"}}],\"inLanguage\":\"pt-BR\"},{\"@type\":\"Person\",\"@id\":\"https:\\\/\\\/www.encontrasantos.com.br\\\/sobre\\\/#\\\/schema\\\/person\\\/c048a1af2d003b660d350a57d8081717\",\"name\":\"Encontra Santos\",\"image\":{\"@type\":\"ImageObject\",\"inLanguage\":\"pt-BR\",\"@id\":\"https:\\\/\\\/secure.gravatar.com\\\/avatar\\\/507340682b8270222e1f208e23198b6ae7e2c6a1033ae84e99bc6bce4f82a387?s=96&d=mm&r=g\",\"url\":\"https:\\\/\\\/secure.gravatar.com\\\/avatar\\\/507340682b8270222e1f208e23198b6ae7e2c6a1033ae84e99bc6bce4f82a387?s=96&d=mm&r=g\",\"contentUrl\":\"https:\\\/\\\/secure.gravatar.com\\\/avatar\\\/507340682b8270222e1f208e23198b6ae7e2c6a1033ae84e99bc6bce4f82a387?s=96&d=mm&r=g\",\"caption\":\"Encontra Santos\"},\"sameAs\":[\"http:\\\/\\\/www.encontrasantos.com.br\"],\"url\":\"https:\\\/\\\/www.encontrasantos.com.br\\\/sobre\\\/author\\\/esantos\\\/\"}]}<\/script>\n<!-- \/ Yoast SEO plugin. -->","yoast_head_json":{"title":"Santos tem ampla programa\u00e7\u00e3o pela conscientiza\u00e7\u00e3o e garantia de direitos das pessoas com defici\u00eancia - Encontra Santos","robots":{"index":"index","follow":"follow","max-snippet":"max-snippet:-1","max-image-preview":"max-image-preview:large","max-video-preview":"max-video-preview:-1"},"canonical":"https:\/\/www.encontrasantos.com.br\/sobre\/santos-tem-ampla-programacao-pela-conscientizacao-e-garantia-de-direitos-das-pessoas-com-deficiencia\/","og_locale":"pt_BR","og_type":"article","og_title":"Santos tem ampla programa\u00e7\u00e3o pela conscientiza\u00e7\u00e3o e garantia de direitos das pessoas com defici\u00eancia - Encontra Santos","og_description":"Santos promove ampla programa\u00e7\u00e3o pela conscientiza\u00e7\u00e3o e garantia de direitos das pessoas com defici\u00eancia.","og_url":"https:\/\/www.encontrasantos.com.br\/sobre\/santos-tem-ampla-programacao-pela-conscientizacao-e-garantia-de-direitos-das-pessoas-com-deficiencia\/","og_site_name":"Encontra Santos","article_published_time":"2026-09-04T08:30:23+00:00","og_image":[{"url":"https:\/\/www.encontrasantos.com.br\/sobre\/wp-content\/uploads\/2026\/09\/santos-tem-ampla-programacao-pela-conscientizacao-e-garantia-de-direitos-das-pessoas-com-deficiencia.webp","type":"","width":"","height":""}],"author":"Encontra Santos","twitter_card":"summary_large_image","twitter_misc":{"Escrito por":"Encontra Santos","Est. tempo de leitura":"5 minutos"},"schema":{"@context":"https:\/\/schema.org","@graph":[{"@type":"Article","@id":"https:\/\/www.encontrasantos.com.br\/sobre\/santos-tem-ampla-programacao-pela-conscientizacao-e-garantia-de-direitos-das-pessoas-com-deficiencia\/#article","isPartOf":{"@id":"https:\/\/www.encontrasantos.com.br\/sobre\/santos-tem-ampla-programacao-pela-conscientizacao-e-garantia-de-direitos-das-pessoas-com-deficiencia\/"},"author":{"name":"Encontra Santos","@id":"https:\/\/www.encontrasantos.com.br\/sobre\/#\/schema\/person\/c048a1af2d003b660d350a57d8081717"},"headline":"Santos tem ampla programa\u00e7\u00e3o pela conscientiza\u00e7\u00e3o e garantia de direitos das pessoas com defici\u00eancia","datePublished":"2026-09-04T08:30:23+00:00","mainEntityOfPage":{"@id":"https:\/\/www.encontrasantos.com.br\/sobre\/santos-tem-ampla-programacao-pela-conscientizacao-e-garantia-de-direitos-das-pessoas-com-deficiencia\/"},"wordCount":1123,"commentCount":0,"image":{"@id":"https:\/\/www.encontrasantos.com.br\/sobre\/santos-tem-ampla-programacao-pela-conscientizacao-e-garantia-de-direitos-das-pessoas-com-deficiencia\/#primaryimage"},"thumbnailUrl":"https:\/\/www.encontrasantos.com.br\/sobre\/wp-content\/uploads\/2026\/09\/santos-tem-ampla-programacao-pela-conscientizacao-e-garantia-de-direitos-das-pessoas-com-deficiencia.webp","articleSection":["Educa\u00e7\u00e3o Santos"],"inLanguage":"pt-BR","potentialAction":[{"@type":"CommentAction","name":"Comment","target":["https:\/\/www.encontrasantos.com.br\/sobre\/santos-tem-ampla-programacao-pela-conscientizacao-e-garantia-de-direitos-das-pessoas-com-deficiencia\/#respond"]}]},{"@type":"WebPage","@id":"https:\/\/www.encontrasantos.com.br\/sobre\/santos-tem-ampla-programacao-pela-conscientizacao-e-garantia-de-direitos-das-pessoas-com-deficiencia\/","url":"https:\/\/www.encontrasantos.com.br\/sobre\/santos-tem-ampla-programacao-pela-conscientizacao-e-garantia-de-direitos-das-pessoas-com-deficiencia\/","name":"Santos tem ampla programa\u00e7\u00e3o pela conscientiza\u00e7\u00e3o e garantia de direitos das pessoas com defici\u00eancia - Encontra Santos","isPartOf":{"@id":"https:\/\/www.encontrasantos.com.br\/sobre\/#website"},"primaryImageOfPage":{"@id":"https:\/\/www.encontrasantos.com.br\/sobre\/santos-tem-ampla-programacao-pela-conscientizacao-e-garantia-de-direitos-das-pessoas-com-deficiencia\/#primaryimage"},"image":{"@id":"https:\/\/www.encontrasantos.com.br\/sobre\/santos-tem-ampla-programacao-pela-conscientizacao-e-garantia-de-direitos-das-pessoas-com-deficiencia\/#primaryimage"},"thumbnailUrl":"https:\/\/www.encontrasantos.com.br\/sobre\/wp-content\/uploads\/2026\/09\/santos-tem-ampla-programacao-pela-conscientizacao-e-garantia-de-direitos-das-pessoas-com-deficiencia.webp","datePublished":"2026-09-04T08:30:23+00:00","author":{"@id":"https:\/\/www.encontrasantos.com.br\/sobre\/#\/schema\/person\/c048a1af2d003b660d350a57d8081717"},"breadcrumb":{"@id":"https:\/\/www.encontrasantos.com.br\/sobre\/santos-tem-ampla-programacao-pela-conscientizacao-e-garantia-de-direitos-das-pessoas-com-deficiencia\/#breadcrumb"},"inLanguage":"pt-BR","potentialAction":[{"@type":"ReadAction","target":["https:\/\/www.encontrasantos.com.br\/sobre\/santos-tem-ampla-programacao-pela-conscientizacao-e-garantia-de-direitos-das-pessoas-com-deficiencia\/"]}]},{"@type":"ImageObject","inLanguage":"pt-BR","@id":"https:\/\/www.encontrasantos.com.br\/sobre\/santos-tem-ampla-programacao-pela-conscientizacao-e-garantia-de-direitos-das-pessoas-com-deficiencia\/#primaryimage","url":"https:\/\/www.encontrasantos.com.br\/sobre\/wp-content\/uploads\/2026\/09\/santos-tem-ampla-programacao-pela-conscientizacao-e-garantia-de-direitos-das-pessoas-com-deficiencia.webp","contentUrl":"https:\/\/www.encontrasantos.com.br\/sobre\/wp-content\/uploads\/2026\/09\/santos-tem-ampla-programacao-pela-conscientizacao-e-garantia-de-direitos-das-pessoas-com-deficiencia.webp","width":280,"height":280,"caption":"conscientiza\u00e7\u00e3o e garantia de direitos das pessoas com defici\u00eancia"},{"@type":"BreadcrumbList","@id":"https:\/\/www.encontrasantos.com.br\/sobre\/santos-tem-ampla-programacao-pela-conscientizacao-e-garantia-de-direitos-das-pessoas-com-deficiencia\/#breadcrumb","itemListElement":[{"@type":"ListItem","position":1,"name":"In\u00edcio","item":"https:\/\/www.encontrasantos.com.br\/sobre\/"},{"@type":"ListItem","position":2,"name":"Santos tem ampla programa\u00e7\u00e3o pela conscientiza\u00e7\u00e3o e garantia de direitos das pessoas com defici\u00eancia"}]},{"@type":"WebSite","@id":"https:\/\/www.encontrasantos.com.br\/sobre\/#website","url":"https:\/\/www.encontrasantos.com.br\/sobre\/","name":"Encontra Santos","description":"Not\u00edcias, eventos, informa\u00e7\u00f5es e dicas na cidade de Santos e regi\u00e3o","potentialAction":[{"@type":"SearchAction","target":{"@type":"EntryPoint","urlTemplate":"https:\/\/www.encontrasantos.com.br\/sobre\/?s={search_term_string}"},"query-input":{"@type":"PropertyValueSpecification","valueRequired":true,"valueName":"search_term_string"}}],"inLanguage":"pt-BR"},{"@type":"Person","@id":"https:\/\/www.encontrasantos.com.br\/sobre\/#\/schema\/person\/c048a1af2d003b660d350a57d8081717","name":"Encontra Santos","image":{"@type":"ImageObject","inLanguage":"pt-BR","@id":"https:\/\/secure.gravatar.com\/avatar\/507340682b8270222e1f208e23198b6ae7e2c6a1033ae84e99bc6bce4f82a387?s=96&d=mm&r=g","url":"https:\/\/secure.gravatar.com\/avatar\/507340682b8270222e1f208e23198b6ae7e2c6a1033ae84e99bc6bce4f82a387?s=96&d=mm&r=g","contentUrl":"https:\/\/secure.gravatar.com\/avatar\/507340682b8270222e1f208e23198b6ae7e2c6a1033ae84e99bc6bce4f82a387?s=96&d=mm&r=g","caption":"Encontra Santos"},"sameAs":["http:\/\/www.encontrasantos.com.br"],"url":"https:\/\/www.encontrasantos.com.br\/sobre\/author\/esantos\/"}]}},"_links":{"self":[{"href":"https:\/\/www.encontrasantos.com.br\/sobre\/wp-json\/wp\/v2\/posts\/6253","targetHints":{"allow":["GET"]}}],"collection":[{"href":"https:\/\/www.encontrasantos.com.br\/sobre\/wp-json\/wp\/v2\/posts"}],"about":[{"href":"https:\/\/www.encontrasantos.com.br\/sobre\/wp-json\/wp\/v2\/types\/post"}],"author":[{"embeddable":true,"href":"https:\/\/www.encontrasantos.com.br\/sobre\/wp-json\/wp\/v2\/users\/1"}],"replies":[{"embeddable":true,"href":"https:\/\/www.encontrasantos.com.br\/sobre\/wp-json\/wp\/v2\/comments?post=6253"}],"version-history":[{"count":0,"href":"https:\/\/www.encontrasantos.com.br\/sobre\/wp-json\/wp\/v2\/posts\/6253\/revisions"}],"wp:featuredmedia":[{"embeddable":true,"href":"https:\/\/www.encontrasantos.com.br\/sobre\/wp-json\/wp\/v2\/media\/6252"}],"wp:attachment":[{"href":"https:\/\/www.encontrasantos.com.br\/sobre\/wp-json\/wp\/v2\/media?parent=6253"}],"wp:term":[{"taxonomy":"category","embeddable":true,"href":"https:\/\/www.encontrasantos.com.br\/sobre\/wp-json\/wp\/v2\/categories?post=6253"},{"taxonomy":"post_tag","embeddable":true,"href":"https:\/\/www.encontrasantos.com.br\/sobre\/wp-json\/wp\/v2\/tags?post=6253"}],"curies":[{"name":"wp","href":"https:\/\/api.w.org\/{rel}","templated":true}]}}