{"id":6251,"date":"2026-09-04T05:29:26","date_gmt":"2026-09-04T08:29:26","guid":{"rendered":"https:\/\/www.encontrasantos.com.br\/sobre\/mais-agentes-de-saude-de-santos-sao-capacitados-para-atuar-nos-eventos-climaticos\/"},"modified":"2026-09-04T05:29:26","modified_gmt":"2026-09-04T08:29:26","slug":"mais-agentes-de-saude-de-santos-sao-capacitados-para-atuar-nos-eventos-climaticos","status":"publish","type":"post","link":"https:\/\/www.encontrasantos.com.br\/sobre\/mais-agentes-de-saude-de-santos-sao-capacitados-para-atuar-nos-eventos-climaticos\/","title":{"rendered":"Mais agentes de sa\u00fade de Santos s\u00e3o capacitados para atuar nos eventos clim\u00e1ticos"},"content":{"rendered":"<div class=\"79600775c85722932cbf26dff21860fb\" data-index=\"1\" style=\"float: none; margin:0px;\">\n<!-- Anuncio display - global -->\r\n<ins class=\"adsbygoogle\"\r\n     style=\"display:block\"\r\n     data-ad-client=\"ca-pub-8585364105181520\"\r\n     data-ad-slot=\"8789329856\"\r\n     data-ad-format=\"auto\"\r\n     data-full-width-responsive=\"true\"><\/ins>\r\n<script>\r\n     (adsbygoogle = window.adsbygoogle || []).push({});\r\n<\/script>\n<\/div>\n<h2>O Papel dos Agentes de Sa\u00fade nos Eventos Clim\u00e1ticos<\/h2>\n<p>Os agentes de sa\u00fade de Santos est\u00e3o desempenhando um papel crucial na resposta a eventos clim\u00e1ticos extremos. Recentemente, esses profissionais participaram de uma capacita\u00e7\u00e3o voltada para a identifica\u00e7\u00e3o de riscos clim\u00e1ticos e para a orienta\u00e7\u00e3o sobre como agir em suas comunidades durante crises. Este treinamento destaca a import\u00e2ncia da atua\u00e7\u00e3o de agentes comunit\u00e1rios no monitoramento e na resposta a situa\u00e7\u00e3o de emerg\u00eancia, visando proteger a sa\u00fade da popula\u00e7\u00e3o.<\/p>\n<h2>A Import\u00e2ncia da Capacita\u00e7\u00e3o para Profissionais de Sa\u00fade<\/h2>\n<p>A capacita\u00e7\u00e3o cont\u00ednua dos profissionais de sa\u00fade \u00e9 essencial para que eles possam lidar adequadamente com as mudan\u00e7as que o ambiente enfrenta. Neste sentido, a forma\u00e7\u00e3o proporcionada pela Unidade de Sa\u00fade da Fam\u00edlia (USF) Jabaquara inclui t\u00f3picos como o fen\u00f4meno El Ni\u00f1o e seus impactos diretos na sa\u00fade p\u00fablica. Atrav\u00e9s deste treinamento, agentes aprendem a reconhecer e a responder a incidentes clim\u00e1ticos, o que os torna mais preparados para atuar em suas comunidades.<\/p>\n<h2>Identifica\u00e7\u00e3o de Riscos Ambientais: Um Novo Enfoque<\/h2>\n<p>Durante a capacita\u00e7\u00e3o, os agentes foram instru\u00eddos a adotar uma abordagem proativa na identifica\u00e7\u00e3o de riscos ambientais em suas \u00e1reas de atua\u00e7\u00e3o. Essa nova perspectiva tem como objetivo sensibiliz\u00e1-los para poss\u00edveis danos que os eventos clim\u00e1ticos podem causar \u00e0 sa\u00fade da popula\u00e7\u00e3o. Este olhar atento \u00e9 uma estrat\u00e9gia vital para promover o bem-estar da comunidade, especialmente em \u00e1reas vulner\u00e1veis.<\/p>\n<p><img decoding=\"async\" src=\"https:\/\/www.encontrasantos.com.br\/sobre\/wp-content\/uploads\/2026\/09\/mais-agentes-de-saude-de-santos-sao-capacitados-para-atuar-nos-eventos-climaticos.webp\" alt=\"agentes de sa\u00fade Santos\" loading=\"lazy\" \/><\/p>\n<h2>O Fen\u00f4meno El Ni\u00f1o e Seus Efeitos na Sa\u00fade P\u00fablica<\/h2>\n<p>Um dos temas centrais discutidos no treinamento foi o fen\u00f4meno El Ni\u00f1o, conhecido por provocar altera\u00e7\u00f5es clim\u00e1ticas significativas. Os especialistas enfatizaram que eventos como este est\u00e3o associados a condi\u00e7\u00f5es de calor excessivo e aumento de chuvas, que podem resultar em surtos de doen\u00e7as relacionadas ao clima. Tais informa\u00e7\u00f5es s\u00e3o vitais para que os agentes de sa\u00fade possam se preparar e alertar a popula\u00e7\u00e3o sobre os riscos associados.<\/p>\n<h2>Calor Excessivo: Riscos e Cuidados Necess\u00e1rios<\/h2>\n<p>Um dos principais riscos associados \u00e0s mudan\u00e7as clim\u00e1ticas \u00e9 o calor extremo, que eleva a chance de desidrata\u00e7\u00e3o, especialmente entre os idosos e pessoas com doen\u00e7as cr\u00f4nicas. A capacita\u00e7\u00e3o destacou a import\u00e2ncia de estrat\u00e9gias para mitigar esses riscos, incluindo a necessidade de monitorar a sa\u00fade da popula\u00e7\u00e3o mais vulner\u00e1vel, sugerindo hidrata\u00e7\u00e3o adequada e evitando a exposi\u00e7\u00e3o prolongada ao sol.<\/p>\n<h2>A Proximidade com a Comunidade: Um Diferencial dos Agentes<\/h2>\n<p>Os agentes de sa\u00fade que participaram do treinamento atuam principalmente na Regi\u00e3o Central, onde possuem um contato direto e frequente com a popula\u00e7\u00e3o. Essa proximidade \u00e9 um fator positivo, pois permite que esses profissionais compreendam melhor as necessidades dos moradores e sejam a ponte entre as unidades de sa\u00fade e as demandas da comunidade. A capacita\u00e7\u00e3o visa refor\u00e7ar essa conex\u00e3o, ensinando os agentes a usar seu conhecimento para beneficiar os locais onde trabalham.<\/p>\n<h2>Melhorando a Resili\u00eancia da Comunidade Frente \u00e0s Mudan\u00e7as Clim\u00e1ticas<\/h2>\n<p>Promover a resili\u00eancia comunit\u00e1ria \u00e9 uma das metas abordadas nas capacita\u00e7\u00f5es. Os agentes t\u00eam um papel fundamental na educa\u00e7\u00e3o da popula\u00e7\u00e3o sobre como se preparar e responder a eventos clim\u00e1ticos. Isso inclui compartilhar informa\u00e7\u00f5es sobre precau\u00e7\u00f5es a serem tomadas durante dias de calor intenso e como se comportar em caso de cheias ou tempestades. Essa abordagem educativa \u00e9 essencial para construir comunidades mais resistentes e informadas.<\/p>\n<h2>Estrat\u00e9gias de A\u00e7\u00e3o em Situa\u00e7\u00f5es de Emerg\u00eancia<\/h2>\n<p>A forma\u00e7\u00e3o tamb\u00e9m trouxe \u00e0 tona a necessidade de desenvolver estrat\u00e9gias espec\u00edficas para agir em situa\u00e7\u00f5es de emerg\u00eancia. Os agentes foram treinados para identificar sinais de problemas de sa\u00fade relacionados a eventos clim\u00e1ticos e para relatar emerg\u00eancias adequadamente. Ao entender a import\u00e2ncia do tempo de resposta r\u00e1pido, eles contribuir\u00e3o para a mitiga\u00e7\u00e3o dos efeitos negativos que situa\u00e7\u00f5es clim\u00e1ticas extremas podem causar \u00e0 sa\u00fade p\u00fablica.<\/p>\n<h2>Envolvimento da Popula\u00e7\u00e3o nas Iniciativas de Sa\u00fade<\/h2>\n<p>Uma das principais abordagens discutidas durante o treinamento foi a necessidade de envolver a popula\u00e7\u00e3o nas iniciativas relacionadas \u00e0 sa\u00fade e ao clima. Os agentes s\u00e3o incentivados a promover discuss\u00f5es sobre a import\u00e2ncia da sa\u00fade p\u00fablica e ambiental, criando um espa\u00e7o para que os moradores expressem suas preocupa\u00e7\u00f5es e sugest\u00f5es. Isso n\u00e3o s\u00f3 fortalece a sa\u00fade comunit\u00e1ria, mas tamb\u00e9m ajuda na constru\u00e7\u00e3o de um entendimento m\u00fatuo sobre como enfrentar desafios clim\u00e1ticos juntos.<\/p>\n<h2>O Futuro da Capacita\u00e7\u00e3o em Sa\u00fade e Sustentabilidade<\/h2>\n<p>O futuro da capacita\u00e7\u00e3o em sa\u00fade passa por uma integra\u00e7\u00e3o entre quest\u00f5es clim\u00e1ticas e a sa\u00fade p\u00fablica. A continuidade deste treinamento \u00e9 vital, \u00e0 medida que enfrenta os desafios emergentes trazidos pelas mudan\u00e7as clim\u00e1ticas. Capacitar continuamente os agentes de sa\u00fade n\u00e3o apenas assegura uma melhor resposta a eventos clim\u00e1ticos, mas tamb\u00e9m fortalece a infraestrutura de sa\u00fade local, promovendo uma comunidade mais saud\u00e1vel e informada.<\/p>\n\n<div style=\"font-size: 0px; height: 0px; line-height: 0px; margin: 0; padding: 0; clear: both;\"><\/div>","protected":false},"excerpt":{"rendered":"<p>Agentes de sa\u00fade em Santos recebem capacita\u00e7\u00e3o para eventos clim\u00e1ticos visando prote\u00e7\u00e3o e bem-estar da popula\u00e7\u00e3o.<\/p>\n","protected":false},"author":1,"featured_media":6250,"comment_status":"open","ping_status":"closed","sticky":false,"template":"","format":"standard","meta":{"footnotes":""},"categories":[43],"tags":[],"class_list":["post-6251","post","type-post","status-publish","format-standard","has-post-thumbnail","hentry","category-saude-em-santos","has_thumb"],"yoast_head":"<!-- This site is optimized with the Yoast SEO plugin v28.2 - https:\/\/yoast.com\/product\/yoast-seo-wordpress\/ -->\n<title>Mais agentes de sa\u00fade de Santos s\u00e3o capacitados para atuar nos eventos clim\u00e1ticos - Encontra Santos<\/title>\n<meta name=\"robots\" content=\"index, follow, max-snippet:-1, max-image-preview:large, max-video-preview:-1\" \/>\n<link rel=\"canonical\" href=\"https:\/\/www.encontrasantos.com.br\/sobre\/mais-agentes-de-saude-de-santos-sao-capacitados-para-atuar-nos-eventos-climaticos\/\" \/>\n<meta property=\"og:locale\" content=\"pt_BR\" \/>\n<meta property=\"og:type\" content=\"article\" \/>\n<meta property=\"og:title\" content=\"Mais agentes de sa\u00fade de Santos s\u00e3o capacitados para atuar nos eventos clim\u00e1ticos - Encontra Santos\" \/>\n<meta property=\"og:description\" content=\"Agentes de sa\u00fade em Santos recebem capacita\u00e7\u00e3o para eventos clim\u00e1ticos visando prote\u00e7\u00e3o e bem-estar da popula\u00e7\u00e3o.\" \/>\n<meta property=\"og:url\" content=\"https:\/\/www.encontrasantos.com.br\/sobre\/mais-agentes-de-saude-de-santos-sao-capacitados-para-atuar-nos-eventos-climaticos\/\" \/>\n<meta property=\"og:site_name\" content=\"Encontra Santos\" \/>\n<meta property=\"article:published_time\" content=\"2026-09-04T08:29:26+00:00\" \/>\n<meta property=\"og:image\" content=\"https:\/\/www.encontrasantos.com.br\/sobre\/wp-content\/uploads\/2026\/09\/mais-agentes-de-saude-de-santos-sao-capacitados-para-atuar-nos-eventos-climaticos.webp\" \/>\n<meta name=\"author\" content=\"Encontra Santos\" \/>\n<meta name=\"twitter:card\" content=\"summary_large_image\" \/>\n<meta name=\"twitter:label1\" content=\"Escrito por\" \/>\n\t<meta name=\"twitter:data1\" content=\"Encontra Santos\" \/>\n\t<meta name=\"twitter:label2\" content=\"Est. tempo de leitura\" \/>\n\t<meta name=\"twitter:data2\" content=\"4 minutos\" \/>\n<script type=\"application\/ld+json\" class=\"yoast-schema-graph\">{\"@context\":\"https:\\\/\\\/schema.org\",\"@graph\":[{\"@type\":\"Article\",\"@id\":\"https:\\\/\\\/www.encontrasantos.com.br\\\/sobre\\\/mais-agentes-de-saude-de-santos-sao-capacitados-para-atuar-nos-eventos-climaticos\\\/#article\",\"isPartOf\":{\"@id\":\"https:\\\/\\\/www.encontrasantos.com.br\\\/sobre\\\/mais-agentes-de-saude-de-santos-sao-capacitados-para-atuar-nos-eventos-climaticos\\\/\"},\"author\":{\"name\":\"Encontra Santos\",\"@id\":\"https:\\\/\\\/www.encontrasantos.com.br\\\/sobre\\\/#\\\/schema\\\/person\\\/c048a1af2d003b660d350a57d8081717\"},\"headline\":\"Mais agentes de sa\u00fade de Santos s\u00e3o capacitados para atuar nos eventos clim\u00e1ticos\",\"datePublished\":\"2026-09-04T08:29:26+00:00\",\"mainEntityOfPage\":{\"@id\":\"https:\\\/\\\/www.encontrasantos.com.br\\\/sobre\\\/mais-agentes-de-saude-de-santos-sao-capacitados-para-atuar-nos-eventos-climaticos\\\/\"},\"wordCount\":899,\"commentCount\":0,\"image\":{\"@id\":\"https:\\\/\\\/www.encontrasantos.com.br\\\/sobre\\\/mais-agentes-de-saude-de-santos-sao-capacitados-para-atuar-nos-eventos-climaticos\\\/#primaryimage\"},\"thumbnailUrl\":\"https:\\\/\\\/www.encontrasantos.com.br\\\/sobre\\\/wp-content\\\/uploads\\\/2026\\\/09\\\/mais-agentes-de-saude-de-santos-sao-capacitados-para-atuar-nos-eventos-climaticos.webp\",\"articleSection\":[\"Sa\u00fade Santos\"],\"inLanguage\":\"pt-BR\",\"potentialAction\":[{\"@type\":\"CommentAction\",\"name\":\"Comment\",\"target\":[\"https:\\\/\\\/www.encontrasantos.com.br\\\/sobre\\\/mais-agentes-de-saude-de-santos-sao-capacitados-para-atuar-nos-eventos-climaticos\\\/#respond\"]}]},{\"@type\":\"WebPage\",\"@id\":\"https:\\\/\\\/www.encontrasantos.com.br\\\/sobre\\\/mais-agentes-de-saude-de-santos-sao-capacitados-para-atuar-nos-eventos-climaticos\\\/\",\"url\":\"https:\\\/\\\/www.encontrasantos.com.br\\\/sobre\\\/mais-agentes-de-saude-de-santos-sao-capacitados-para-atuar-nos-eventos-climaticos\\\/\",\"name\":\"Mais agentes de sa\u00fade de Santos s\u00e3o capacitados para atuar nos eventos clim\u00e1ticos - Encontra Santos\",\"isPartOf\":{\"@id\":\"https:\\\/\\\/www.encontrasantos.com.br\\\/sobre\\\/#website\"},\"primaryImageOfPage\":{\"@id\":\"https:\\\/\\\/www.encontrasantos.com.br\\\/sobre\\\/mais-agentes-de-saude-de-santos-sao-capacitados-para-atuar-nos-eventos-climaticos\\\/#primaryimage\"},\"image\":{\"@id\":\"https:\\\/\\\/www.encontrasantos.com.br\\\/sobre\\\/mais-agentes-de-saude-de-santos-sao-capacitados-para-atuar-nos-eventos-climaticos\\\/#primaryimage\"},\"thumbnailUrl\":\"https:\\\/\\\/www.encontrasantos.com.br\\\/sobre\\\/wp-content\\\/uploads\\\/2026\\\/09\\\/mais-agentes-de-saude-de-santos-sao-capacitados-para-atuar-nos-eventos-climaticos.webp\",\"datePublished\":\"2026-09-04T08:29:26+00:00\",\"author\":{\"@id\":\"https:\\\/\\\/www.encontrasantos.com.br\\\/sobre\\\/#\\\/schema\\\/person\\\/c048a1af2d003b660d350a57d8081717\"},\"breadcrumb\":{\"@id\":\"https:\\\/\\\/www.encontrasantos.com.br\\\/sobre\\\/mais-agentes-de-saude-de-santos-sao-capacitados-para-atuar-nos-eventos-climaticos\\\/#breadcrumb\"},\"inLanguage\":\"pt-BR\",\"potentialAction\":[{\"@type\":\"ReadAction\",\"target\":[\"https:\\\/\\\/www.encontrasantos.com.br\\\/sobre\\\/mais-agentes-de-saude-de-santos-sao-capacitados-para-atuar-nos-eventos-climaticos\\\/\"]}]},{\"@type\":\"ImageObject\",\"inLanguage\":\"pt-BR\",\"@id\":\"https:\\\/\\\/www.encontrasantos.com.br\\\/sobre\\\/mais-agentes-de-saude-de-santos-sao-capacitados-para-atuar-nos-eventos-climaticos\\\/#primaryimage\",\"url\":\"https:\\\/\\\/www.encontrasantos.com.br\\\/sobre\\\/wp-content\\\/uploads\\\/2026\\\/09\\\/mais-agentes-de-saude-de-santos-sao-capacitados-para-atuar-nos-eventos-climaticos.webp\",\"contentUrl\":\"https:\\\/\\\/www.encontrasantos.com.br\\\/sobre\\\/wp-content\\\/uploads\\\/2026\\\/09\\\/mais-agentes-de-saude-de-santos-sao-capacitados-para-atuar-nos-eventos-climaticos.webp\",\"width\":280,\"height\":280,\"caption\":\"agentes de sa\u00fade Santos\"},{\"@type\":\"BreadcrumbList\",\"@id\":\"https:\\\/\\\/www.encontrasantos.com.br\\\/sobre\\\/mais-agentes-de-saude-de-santos-sao-capacitados-para-atuar-nos-eventos-climaticos\\\/#breadcrumb\",\"itemListElement\":[{\"@type\":\"ListItem\",\"position\":1,\"name\":\"In\u00edcio\",\"item\":\"https:\\\/\\\/www.encontrasantos.com.br\\\/sobre\\\/\"},{\"@type\":\"ListItem\",\"position\":2,\"name\":\"Mais agentes de sa\u00fade de Santos s\u00e3o capacitados para atuar nos eventos clim\u00e1ticos\"}]},{\"@type\":\"WebSite\",\"@id\":\"https:\\\/\\\/www.encontrasantos.com.br\\\/sobre\\\/#website\",\"url\":\"https:\\\/\\\/www.encontrasantos.com.br\\\/sobre\\\/\",\"name\":\"Encontra Santos\",\"description\":\"Not\u00edcias, eventos, informa\u00e7\u00f5es e dicas na cidade de Santos e regi\u00e3o\",\"potentialAction\":[{\"@type\":\"SearchAction\",\"target\":{\"@type\":\"EntryPoint\",\"urlTemplate\":\"https:\\\/\\\/www.encontrasantos.com.br\\\/sobre\\\/?s={search_term_string}\"},\"query-input\":{\"@type\":\"PropertyValueSpecification\",\"valueRequired\":true,\"valueName\":\"search_term_string\"}}],\"inLanguage\":\"pt-BR\"},{\"@type\":\"Person\",\"@id\":\"https:\\\/\\\/www.encontrasantos.com.br\\\/sobre\\\/#\\\/schema\\\/person\\\/c048a1af2d003b660d350a57d8081717\",\"name\":\"Encontra Santos\",\"image\":{\"@type\":\"ImageObject\",\"inLanguage\":\"pt-BR\",\"@id\":\"https:\\\/\\\/secure.gravatar.com\\\/avatar\\\/507340682b8270222e1f208e23198b6ae7e2c6a1033ae84e99bc6bce4f82a387?s=96&d=mm&r=g\",\"url\":\"https:\\\/\\\/secure.gravatar.com\\\/avatar\\\/507340682b8270222e1f208e23198b6ae7e2c6a1033ae84e99bc6bce4f82a387?s=96&d=mm&r=g\",\"contentUrl\":\"https:\\\/\\\/secure.gravatar.com\\\/avatar\\\/507340682b8270222e1f208e23198b6ae7e2c6a1033ae84e99bc6bce4f82a387?s=96&d=mm&r=g\",\"caption\":\"Encontra Santos\"},\"sameAs\":[\"http:\\\/\\\/www.encontrasantos.com.br\"],\"url\":\"https:\\\/\\\/www.encontrasantos.com.br\\\/sobre\\\/author\\\/esantos\\\/\"}]}<\/script>\n<!-- \/ Yoast SEO plugin. -->","yoast_head_json":{"title":"Mais agentes de sa\u00fade de Santos s\u00e3o capacitados para atuar nos eventos clim\u00e1ticos - Encontra Santos","robots":{"index":"index","follow":"follow","max-snippet":"max-snippet:-1","max-image-preview":"max-image-preview:large","max-video-preview":"max-video-preview:-1"},"canonical":"https:\/\/www.encontrasantos.com.br\/sobre\/mais-agentes-de-saude-de-santos-sao-capacitados-para-atuar-nos-eventos-climaticos\/","og_locale":"pt_BR","og_type":"article","og_title":"Mais agentes de sa\u00fade de Santos s\u00e3o capacitados para atuar nos eventos clim\u00e1ticos - Encontra Santos","og_description":"Agentes de sa\u00fade em Santos recebem capacita\u00e7\u00e3o para eventos clim\u00e1ticos visando prote\u00e7\u00e3o e bem-estar da popula\u00e7\u00e3o.","og_url":"https:\/\/www.encontrasantos.com.br\/sobre\/mais-agentes-de-saude-de-santos-sao-capacitados-para-atuar-nos-eventos-climaticos\/","og_site_name":"Encontra Santos","article_published_time":"2026-09-04T08:29:26+00:00","og_image":[{"url":"https:\/\/www.encontrasantos.com.br\/sobre\/wp-content\/uploads\/2026\/09\/mais-agentes-de-saude-de-santos-sao-capacitados-para-atuar-nos-eventos-climaticos.webp","type":"","width":"","height":""}],"author":"Encontra Santos","twitter_card":"summary_large_image","twitter_misc":{"Escrito por":"Encontra Santos","Est. tempo de leitura":"4 minutos"},"schema":{"@context":"https:\/\/schema.org","@graph":[{"@type":"Article","@id":"https:\/\/www.encontrasantos.com.br\/sobre\/mais-agentes-de-saude-de-santos-sao-capacitados-para-atuar-nos-eventos-climaticos\/#article","isPartOf":{"@id":"https:\/\/www.encontrasantos.com.br\/sobre\/mais-agentes-de-saude-de-santos-sao-capacitados-para-atuar-nos-eventos-climaticos\/"},"author":{"name":"Encontra Santos","@id":"https:\/\/www.encontrasantos.com.br\/sobre\/#\/schema\/person\/c048a1af2d003b660d350a57d8081717"},"headline":"Mais agentes de sa\u00fade de Santos s\u00e3o capacitados para atuar nos eventos clim\u00e1ticos","datePublished":"2026-09-04T08:29:26+00:00","mainEntityOfPage":{"@id":"https:\/\/www.encontrasantos.com.br\/sobre\/mais-agentes-de-saude-de-santos-sao-capacitados-para-atuar-nos-eventos-climaticos\/"},"wordCount":899,"commentCount":0,"image":{"@id":"https:\/\/www.encontrasantos.com.br\/sobre\/mais-agentes-de-saude-de-santos-sao-capacitados-para-atuar-nos-eventos-climaticos\/#primaryimage"},"thumbnailUrl":"https:\/\/www.encontrasantos.com.br\/sobre\/wp-content\/uploads\/2026\/09\/mais-agentes-de-saude-de-santos-sao-capacitados-para-atuar-nos-eventos-climaticos.webp","articleSection":["Sa\u00fade Santos"],"inLanguage":"pt-BR","potentialAction":[{"@type":"CommentAction","name":"Comment","target":["https:\/\/www.encontrasantos.com.br\/sobre\/mais-agentes-de-saude-de-santos-sao-capacitados-para-atuar-nos-eventos-climaticos\/#respond"]}]},{"@type":"WebPage","@id":"https:\/\/www.encontrasantos.com.br\/sobre\/mais-agentes-de-saude-de-santos-sao-capacitados-para-atuar-nos-eventos-climaticos\/","url":"https:\/\/www.encontrasantos.com.br\/sobre\/mais-agentes-de-saude-de-santos-sao-capacitados-para-atuar-nos-eventos-climaticos\/","name":"Mais agentes de sa\u00fade de Santos s\u00e3o capacitados para atuar nos eventos clim\u00e1ticos - Encontra Santos","isPartOf":{"@id":"https:\/\/www.encontrasantos.com.br\/sobre\/#website"},"primaryImageOfPage":{"@id":"https:\/\/www.encontrasantos.com.br\/sobre\/mais-agentes-de-saude-de-santos-sao-capacitados-para-atuar-nos-eventos-climaticos\/#primaryimage"},"image":{"@id":"https:\/\/www.encontrasantos.com.br\/sobre\/mais-agentes-de-saude-de-santos-sao-capacitados-para-atuar-nos-eventos-climaticos\/#primaryimage"},"thumbnailUrl":"https:\/\/www.encontrasantos.com.br\/sobre\/wp-content\/uploads\/2026\/09\/mais-agentes-de-saude-de-santos-sao-capacitados-para-atuar-nos-eventos-climaticos.webp","datePublished":"2026-09-04T08:29:26+00:00","author":{"@id":"https:\/\/www.encontrasantos.com.br\/sobre\/#\/schema\/person\/c048a1af2d003b660d350a57d8081717"},"breadcrumb":{"@id":"https:\/\/www.encontrasantos.com.br\/sobre\/mais-agentes-de-saude-de-santos-sao-capacitados-para-atuar-nos-eventos-climaticos\/#breadcrumb"},"inLanguage":"pt-BR","potentialAction":[{"@type":"ReadAction","target":["https:\/\/www.encontrasantos.com.br\/sobre\/mais-agentes-de-saude-de-santos-sao-capacitados-para-atuar-nos-eventos-climaticos\/"]}]},{"@type":"ImageObject","inLanguage":"pt-BR","@id":"https:\/\/www.encontrasantos.com.br\/sobre\/mais-agentes-de-saude-de-santos-sao-capacitados-para-atuar-nos-eventos-climaticos\/#primaryimage","url":"https:\/\/www.encontrasantos.com.br\/sobre\/wp-content\/uploads\/2026\/09\/mais-agentes-de-saude-de-santos-sao-capacitados-para-atuar-nos-eventos-climaticos.webp","contentUrl":"https:\/\/www.encontrasantos.com.br\/sobre\/wp-content\/uploads\/2026\/09\/mais-agentes-de-saude-de-santos-sao-capacitados-para-atuar-nos-eventos-climaticos.webp","width":280,"height":280,"caption":"agentes de sa\u00fade Santos"},{"@type":"BreadcrumbList","@id":"https:\/\/www.encontrasantos.com.br\/sobre\/mais-agentes-de-saude-de-santos-sao-capacitados-para-atuar-nos-eventos-climaticos\/#breadcrumb","itemListElement":[{"@type":"ListItem","position":1,"name":"In\u00edcio","item":"https:\/\/www.encontrasantos.com.br\/sobre\/"},{"@type":"ListItem","position":2,"name":"Mais agentes de sa\u00fade de Santos s\u00e3o capacitados para atuar nos eventos clim\u00e1ticos"}]},{"@type":"WebSite","@id":"https:\/\/www.encontrasantos.com.br\/sobre\/#website","url":"https:\/\/www.encontrasantos.com.br\/sobre\/","name":"Encontra Santos","description":"Not\u00edcias, eventos, informa\u00e7\u00f5es e dicas na cidade de Santos e regi\u00e3o","potentialAction":[{"@type":"SearchAction","target":{"@type":"EntryPoint","urlTemplate":"https:\/\/www.encontrasantos.com.br\/sobre\/?s={search_term_string}"},"query-input":{"@type":"PropertyValueSpecification","valueRequired":true,"valueName":"search_term_string"}}],"inLanguage":"pt-BR"},{"@type":"Person","@id":"https:\/\/www.encontrasantos.com.br\/sobre\/#\/schema\/person\/c048a1af2d003b660d350a57d8081717","name":"Encontra Santos","image":{"@type":"ImageObject","inLanguage":"pt-BR","@id":"https:\/\/secure.gravatar.com\/avatar\/507340682b8270222e1f208e23198b6ae7e2c6a1033ae84e99bc6bce4f82a387?s=96&d=mm&r=g","url":"https:\/\/secure.gravatar.com\/avatar\/507340682b8270222e1f208e23198b6ae7e2c6a1033ae84e99bc6bce4f82a387?s=96&d=mm&r=g","contentUrl":"https:\/\/secure.gravatar.com\/avatar\/507340682b8270222e1f208e23198b6ae7e2c6a1033ae84e99bc6bce4f82a387?s=96&d=mm&r=g","caption":"Encontra Santos"},"sameAs":["http:\/\/www.encontrasantos.com.br"],"url":"https:\/\/www.encontrasantos.com.br\/sobre\/author\/esantos\/"}]}},"_links":{"self":[{"href":"https:\/\/www.encontrasantos.com.br\/sobre\/wp-json\/wp\/v2\/posts\/6251","targetHints":{"allow":["GET"]}}],"collection":[{"href":"https:\/\/www.encontrasantos.com.br\/sobre\/wp-json\/wp\/v2\/posts"}],"about":[{"href":"https:\/\/www.encontrasantos.com.br\/sobre\/wp-json\/wp\/v2\/types\/post"}],"author":[{"embeddable":true,"href":"https:\/\/www.encontrasantos.com.br\/sobre\/wp-json\/wp\/v2\/users\/1"}],"replies":[{"embeddable":true,"href":"https:\/\/www.encontrasantos.com.br\/sobre\/wp-json\/wp\/v2\/comments?post=6251"}],"version-history":[{"count":0,"href":"https:\/\/www.encontrasantos.com.br\/sobre\/wp-json\/wp\/v2\/posts\/6251\/revisions"}],"wp:featuredmedia":[{"embeddable":true,"href":"https:\/\/www.encontrasantos.com.br\/sobre\/wp-json\/wp\/v2\/media\/6250"}],"wp:attachment":[{"href":"https:\/\/www.encontrasantos.com.br\/sobre\/wp-json\/wp\/v2\/media?parent=6251"}],"wp:term":[{"taxonomy":"category","embeddable":true,"href":"https:\/\/www.encontrasantos.com.br\/sobre\/wp-json\/wp\/v2\/categories?post=6251"},{"taxonomy":"post_tag","embeddable":true,"href":"https:\/\/www.encontrasantos.com.br\/sobre\/wp-json\/wp\/v2\/tags?post=6251"}],"curies":[{"name":"wp","href":"https:\/\/api.w.org\/{rel}","templated":true}]}}