{"id":6249,"date":"2026-09-04T05:28:33","date_gmt":"2026-09-04T08:28:33","guid":{"rendered":"https:\/\/www.encontrasantos.com.br\/sobre\/ventania-com-rajadas-de-ate-93-km-h-derruba-arvores-e-causa-estragos-na-baixada-santista\/"},"modified":"2026-09-04T05:28:33","modified_gmt":"2026-09-04T08:28:33","slug":"ventania-com-rajadas-de-ate-93-km-h-derruba-arvores-e-causa-estragos-na-baixada-santista","status":"publish","type":"post","link":"https:\/\/www.encontrasantos.com.br\/sobre\/ventania-com-rajadas-de-ate-93-km-h-derruba-arvores-e-causa-estragos-na-baixada-santista\/","title":{"rendered":"Ventania com rajadas de at\u00e9 93 km\/h derruba \u00e1rvores e causa estragos na Baixada Santista"},"content":{"rendered":"<div class=\"79600775c85722932cbf26dff21860fb\" data-index=\"1\" style=\"float: none; margin:0px;\">\n<!-- Anuncio display - global -->\r\n<ins class=\"adsbygoogle\"\r\n     style=\"display:block\"\r\n     data-ad-client=\"ca-pub-8585364105181520\"\r\n     data-ad-slot=\"8789329856\"\r\n     data-ad-format=\"auto\"\r\n     data-full-width-responsive=\"true\"><\/ins>\r\n<script>\r\n     (adsbygoogle = window.adsbygoogle || []).push({});\r\n<\/script>\n<\/div>\n<h2>Impactos da Ventania no Litoral Paulista<\/h2>\n<p>Uma forte corrente de vento atingiu a Baixada Santista, com rajadas que chegaram at\u00e9 <strong>93,41 km\/h<\/strong>. Esse fen\u00f4meno causou uma s\u00e9rie de incidentes significativos nas cidades de Santos, S\u00e3o Vicente, Mongagu\u00e1, Guaruj\u00e1 e Cubat\u00e3o. Os impactos foram variados, envolvendo n\u00e3o apenas danos materiais, mas tamb\u00e9m interrup\u00e7\u00f5es nas atividades cotidianas dos moradores e poss\u00edveis riscos \u00e0 seguran\u00e7a p\u00fablica.<\/p>\n<h2>Quedas de \u00c1rvores e Interrup\u00e7\u00f5es<\/h2>\n<p>Como resultado direto da ventania, foram registradas quedas de pelo menos <strong>16 \u00e1rvores<\/strong> em uma \u00fanica manh\u00e3, alongando-se por diferentes locais em v\u00e1rias cidades. A queda dessas \u00e1rvores resultou em bloqueios em vias p\u00fablicas e quedas de energia el\u00e9trica, complicando o deslocamento e o dia a dia dos habitantes.<\/p>\n<p>Em Santos, por exemplo, apenas no per\u00edodo da manh\u00e3 foram reportadas seis quedas de \u00e1rvores, enquanto em outras cidades como Guaruj\u00e1 e S\u00e3o Vicente, os n\u00fameros n\u00e3o foram muito diferentes. V\u00e1rias resid\u00eancias ficaram sem fornecimento de eletricidade, e ve\u00edculos foram danificados pela f\u00faria dos ventos.<\/p>\n<p><img decoding=\"async\" src=\"https:\/\/www.encontrasantos.com.br\/sobre\/wp-content\/uploads\/2026\/09\/ventania-com-rajadas-de-ate-93-km-h-derruba-arvores-e-causa-estragos-na-baixada-santista.webp\" alt=\"ventania\" loading=\"lazy\" \/><\/p>\n<h2>Hist\u00f3rico de Ventos na Regi\u00e3o<\/h2>\n<p>A Baixada Santista, localizada no litoral de S\u00e3o Paulo, possui um hist\u00f3rico de clima variado, com temporadas de chuvas intensas e ventos fortes. No decorrer dos \u00faltimos anos, eventos semelhantes t\u00eam sido cada vez mais comuns, sugerindo mudan\u00e7as no clima regional que podem estar relacionadas a padr\u00f5es meteorol\u00f3gicos que est\u00e3o mudando globalmente.<\/p>\n<h2>A Resposta da Defesa Civil<\/h2>\n<p>Em resposta aos danos e ocorr\u00eancias, a Defesa Civil foi acionada em v\u00e1rias cidades. Em Santos, equipes foram enviadas para ajudar a remover os obst\u00e1culos nas vias e restaurar a normalidade. O apoio foi estimado crucial para garantir a seguran\u00e7a dos moradores e para facilitar o tr\u00e1fego nas principais ruas da cidade.<\/p>\n<p>As prefeituras vizinhas, como a de S\u00e3o Vicente e a de Mongagu\u00e1, tamb\u00e9m fizeram a mesma coisa, estabelecendo protocolos de emerg\u00eancia para atender rapidamente \u00e0s necessidades da popula\u00e7\u00e3o afetada.<\/p>\n<h2>Dicas para Se Preparar para Tempestades<\/h2>\n<p>As tempestades podem ocorrer a qualquer momento, e a melhor defesa \u00e9 a prepara\u00e7\u00e3o:<\/p>\n<ul>\n<li><strong>Tenha um Kit de Emerg\u00eancia:<\/strong> Prepare um kit com \u00e1gua, alimentos n\u00e3o perec\u00edveis, lanternas, pilhas e medicamentos essenciais.<\/li>\n<li><strong>Conhe\u00e7a Seus Riscos:<\/strong> Informe-se sobre as \u00e1reas mais propensas a alagamentos e quedas de \u00e1rvores na sua regi\u00e3o.<\/li>\n<li><strong>Planeje Rotas de Fuga:<\/strong> Esteja ciente de rotas alternativas em caso de bloqueios nas vias principais.<\/li>\n<li><strong>Tenha Contatos de Emerg\u00eancia:<\/strong> Mantenha uma lista atualizada de n\u00fameros de emerg\u00eancia em seu celular e em locais vis\u00edveis em casa.<\/li>\n<\/ul>\n<h2>Como as Cidades Administraram a Crise<\/h2>\n<p>Diante da situa\u00e7\u00e3o atual, a administra\u00e7\u00e3o municipal e estadual tomou medidas para minimizar os danos. Cidades como Santos e S\u00e3o Vicente mobilizaram seus servi\u00e7os de emerg\u00eancia e Defesa Civil, fazendo um trabalho conjunto para atender \u00e0 popula\u00e7\u00e3o de forma r\u00e1pida e eficiente.<\/p>\n<p>S\u00e3o Vicente, que registrou quedas de \u00e1rvores em ruas movimentadas, trabalhou para remover as obstru\u00e7\u00f5es e restaurar a ordem nas vias afetadas. Isso incluiu n\u00e3o apenas a retirada das \u00e1rvores, mas tamb\u00e9m uma verifica\u00e7\u00e3o cuidadosa da rede el\u00e9trica danificada.<\/p>\n<h2>Dados Meteorol\u00f3gicos Recentes<\/h2>\n<p>A recente tempestade foi respons\u00e1vel por um ac\u00famulo de <strong>77,2 mm<\/strong> de chuva em Santos ao longo de 72 horas, sinalizando um padr\u00e3o de precipita\u00e7\u00e3o significativo que contribuiu para as quedas de \u00e1rvores e os alagamentos.<\/p>\n<p>As rajadas de vento foram medidas com precis\u00e3o pelo servi\u00e7o meteorol\u00f3gico local, que destacou a import\u00e2ncia de monitoramentos regulares durante as mudan\u00e7as de clima.<\/p>\n<h2>Alerta para a Popula\u00e7\u00e3o<\/h2>\n<p>Institui\u00e7\u00f5es meteorol\u00f3gicas e a Defesa Civil emitiram alertas para a popula\u00e7\u00e3o sobre a possibilidade de novas tempestades, sugerindo cautela e a import\u00e2ncia de agir rapidamente em situa\u00e7\u00f5es de risco, como a queda de \u00e1rvores e a possibilidade de alagamentos.<\/p>\n<h2>A Import\u00e2ncia da Preven\u00e7\u00e3o<\/h2>\n<p>Os eventos clim\u00e1ticos extremos, como a ventania registrada, fazem parte de um fen\u00f4meno que pode se tornar mais frequente. Medidas de preven\u00e7\u00e3o s\u00e3o fundamentais, incluindo a manuten\u00e7\u00e3o adequada das \u00e1rvores urbanas, inspe\u00e7\u00f5es regulares das redes el\u00e9tricas e um plano de emerg\u00eancia para a popula\u00e7\u00e3o.<\/p>\n<h2>O Que Esperar para os Pr\u00f3ximos Dias<\/h2>\n<p>Nos pr\u00f3ximos dias, as previs\u00f5es meteorol\u00f3gicas destacam a possibilidade de mais chuvas, com ventos ainda consider\u00e1veis, o que pode levar a novas ocorr\u00eancias. A popula\u00e7\u00e3o deve estar atenta \u00e0s atualiza\u00e7\u00f5es meteorol\u00f3gicas e \u00e0s orienta\u00e7\u00f5es das autoridades para garantir a seguran\u00e7a de todos.<\/p>\n\n<div style=\"font-size: 0px; height: 0px; line-height: 0px; margin: 0; padding: 0; clear: both;\"><\/div>","protected":false},"excerpt":{"rendered":"<p>Ventania de 93 km\/h causa estragos em v\u00e1rias cidades do litoral paulista.<\/p>\n","protected":false},"author":1,"featured_media":6248,"comment_status":"open","ping_status":"closed","sticky":false,"template":"","format":"standard","meta":{"footnotes":""},"categories":[6],"tags":[],"class_list":["post-6249","post","type-post","status-publish","format-standard","has-post-thumbnail","hentry","category-noticias-em-santos","has_thumb"],"yoast_head":"<!-- This site is optimized with the Yoast SEO plugin v28.2 - https:\/\/yoast.com\/product\/yoast-seo-wordpress\/ -->\n<title>Ventania com rajadas de at\u00e9 93 km\/h derruba \u00e1rvores e causa estragos na Baixada Santista - Encontra Santos<\/title>\n<meta name=\"robots\" content=\"index, follow, max-snippet:-1, max-image-preview:large, max-video-preview:-1\" \/>\n<link rel=\"canonical\" href=\"https:\/\/www.encontrasantos.com.br\/sobre\/ventania-com-rajadas-de-ate-93-km-h-derruba-arvores-e-causa-estragos-na-baixada-santista\/\" \/>\n<meta property=\"og:locale\" content=\"pt_BR\" \/>\n<meta property=\"og:type\" content=\"article\" \/>\n<meta property=\"og:title\" content=\"Ventania com rajadas de at\u00e9 93 km\/h derruba \u00e1rvores e causa estragos na Baixada Santista - Encontra Santos\" \/>\n<meta property=\"og:description\" content=\"Ventania de 93 km\/h causa estragos em v\u00e1rias cidades do litoral paulista.\" \/>\n<meta property=\"og:url\" content=\"https:\/\/www.encontrasantos.com.br\/sobre\/ventania-com-rajadas-de-ate-93-km-h-derruba-arvores-e-causa-estragos-na-baixada-santista\/\" \/>\n<meta property=\"og:site_name\" content=\"Encontra Santos\" \/>\n<meta property=\"article:published_time\" content=\"2026-09-04T08:28:33+00:00\" \/>\n<meta property=\"og:image\" content=\"https:\/\/www.encontrasantos.com.br\/sobre\/wp-content\/uploads\/2026\/09\/ventania-com-rajadas-de-ate-93-km-h-derruba-arvores-e-causa-estragos-na-baixada-santista.webp\" \/>\n<meta name=\"author\" content=\"Encontra Santos\" \/>\n<meta name=\"twitter:card\" content=\"summary_large_image\" \/>\n<meta name=\"twitter:label1\" content=\"Escrito por\" \/>\n\t<meta name=\"twitter:data1\" content=\"Encontra Santos\" \/>\n\t<meta name=\"twitter:label2\" content=\"Est. tempo de leitura\" \/>\n\t<meta name=\"twitter:data2\" content=\"4 minutos\" \/>\n<script type=\"application\/ld+json\" class=\"yoast-schema-graph\">{\"@context\":\"https:\\\/\\\/schema.org\",\"@graph\":[{\"@type\":\"Article\",\"@id\":\"https:\\\/\\\/www.encontrasantos.com.br\\\/sobre\\\/ventania-com-rajadas-de-ate-93-km-h-derruba-arvores-e-causa-estragos-na-baixada-santista\\\/#article\",\"isPartOf\":{\"@id\":\"https:\\\/\\\/www.encontrasantos.com.br\\\/sobre\\\/ventania-com-rajadas-de-ate-93-km-h-derruba-arvores-e-causa-estragos-na-baixada-santista\\\/\"},\"author\":{\"name\":\"Encontra Santos\",\"@id\":\"https:\\\/\\\/www.encontrasantos.com.br\\\/sobre\\\/#\\\/schema\\\/person\\\/c048a1af2d003b660d350a57d8081717\"},\"headline\":\"Ventania com rajadas de at\u00e9 93 km\\\/h derruba \u00e1rvores e causa estragos na Baixada Santista\",\"datePublished\":\"2026-09-04T08:28:33+00:00\",\"mainEntityOfPage\":{\"@id\":\"https:\\\/\\\/www.encontrasantos.com.br\\\/sobre\\\/ventania-com-rajadas-de-ate-93-km-h-derruba-arvores-e-causa-estragos-na-baixada-santista\\\/\"},\"wordCount\":798,\"commentCount\":0,\"image\":{\"@id\":\"https:\\\/\\\/www.encontrasantos.com.br\\\/sobre\\\/ventania-com-rajadas-de-ate-93-km-h-derruba-arvores-e-causa-estragos-na-baixada-santista\\\/#primaryimage\"},\"thumbnailUrl\":\"https:\\\/\\\/www.encontrasantos.com.br\\\/sobre\\\/wp-content\\\/uploads\\\/2026\\\/09\\\/ventania-com-rajadas-de-ate-93-km-h-derruba-arvores-e-causa-estragos-na-baixada-santista.webp\",\"articleSection\":[\"Not\u00edcias Santos\"],\"inLanguage\":\"pt-BR\",\"potentialAction\":[{\"@type\":\"CommentAction\",\"name\":\"Comment\",\"target\":[\"https:\\\/\\\/www.encontrasantos.com.br\\\/sobre\\\/ventania-com-rajadas-de-ate-93-km-h-derruba-arvores-e-causa-estragos-na-baixada-santista\\\/#respond\"]}]},{\"@type\":\"WebPage\",\"@id\":\"https:\\\/\\\/www.encontrasantos.com.br\\\/sobre\\\/ventania-com-rajadas-de-ate-93-km-h-derruba-arvores-e-causa-estragos-na-baixada-santista\\\/\",\"url\":\"https:\\\/\\\/www.encontrasantos.com.br\\\/sobre\\\/ventania-com-rajadas-de-ate-93-km-h-derruba-arvores-e-causa-estragos-na-baixada-santista\\\/\",\"name\":\"Ventania com rajadas de at\u00e9 93 km\\\/h derruba \u00e1rvores e causa estragos na Baixada Santista - Encontra Santos\",\"isPartOf\":{\"@id\":\"https:\\\/\\\/www.encontrasantos.com.br\\\/sobre\\\/#website\"},\"primaryImageOfPage\":{\"@id\":\"https:\\\/\\\/www.encontrasantos.com.br\\\/sobre\\\/ventania-com-rajadas-de-ate-93-km-h-derruba-arvores-e-causa-estragos-na-baixada-santista\\\/#primaryimage\"},\"image\":{\"@id\":\"https:\\\/\\\/www.encontrasantos.com.br\\\/sobre\\\/ventania-com-rajadas-de-ate-93-km-h-derruba-arvores-e-causa-estragos-na-baixada-santista\\\/#primaryimage\"},\"thumbnailUrl\":\"https:\\\/\\\/www.encontrasantos.com.br\\\/sobre\\\/wp-content\\\/uploads\\\/2026\\\/09\\\/ventania-com-rajadas-de-ate-93-km-h-derruba-arvores-e-causa-estragos-na-baixada-santista.webp\",\"datePublished\":\"2026-09-04T08:28:33+00:00\",\"author\":{\"@id\":\"https:\\\/\\\/www.encontrasantos.com.br\\\/sobre\\\/#\\\/schema\\\/person\\\/c048a1af2d003b660d350a57d8081717\"},\"breadcrumb\":{\"@id\":\"https:\\\/\\\/www.encontrasantos.com.br\\\/sobre\\\/ventania-com-rajadas-de-ate-93-km-h-derruba-arvores-e-causa-estragos-na-baixada-santista\\\/#breadcrumb\"},\"inLanguage\":\"pt-BR\",\"potentialAction\":[{\"@type\":\"ReadAction\",\"target\":[\"https:\\\/\\\/www.encontrasantos.com.br\\\/sobre\\\/ventania-com-rajadas-de-ate-93-km-h-derruba-arvores-e-causa-estragos-na-baixada-santista\\\/\"]}]},{\"@type\":\"ImageObject\",\"inLanguage\":\"pt-BR\",\"@id\":\"https:\\\/\\\/www.encontrasantos.com.br\\\/sobre\\\/ventania-com-rajadas-de-ate-93-km-h-derruba-arvores-e-causa-estragos-na-baixada-santista\\\/#primaryimage\",\"url\":\"https:\\\/\\\/www.encontrasantos.com.br\\\/sobre\\\/wp-content\\\/uploads\\\/2026\\\/09\\\/ventania-com-rajadas-de-ate-93-km-h-derruba-arvores-e-causa-estragos-na-baixada-santista.webp\",\"contentUrl\":\"https:\\\/\\\/www.encontrasantos.com.br\\\/sobre\\\/wp-content\\\/uploads\\\/2026\\\/09\\\/ventania-com-rajadas-de-ate-93-km-h-derruba-arvores-e-causa-estragos-na-baixada-santista.webp\",\"width\":280,\"height\":280,\"caption\":\"ventania\"},{\"@type\":\"BreadcrumbList\",\"@id\":\"https:\\\/\\\/www.encontrasantos.com.br\\\/sobre\\\/ventania-com-rajadas-de-ate-93-km-h-derruba-arvores-e-causa-estragos-na-baixada-santista\\\/#breadcrumb\",\"itemListElement\":[{\"@type\":\"ListItem\",\"position\":1,\"name\":\"In\u00edcio\",\"item\":\"https:\\\/\\\/www.encontrasantos.com.br\\\/sobre\\\/\"},{\"@type\":\"ListItem\",\"position\":2,\"name\":\"Ventania com rajadas de at\u00e9 93 km\\\/h derruba \u00e1rvores e causa estragos na Baixada Santista\"}]},{\"@type\":\"WebSite\",\"@id\":\"https:\\\/\\\/www.encontrasantos.com.br\\\/sobre\\\/#website\",\"url\":\"https:\\\/\\\/www.encontrasantos.com.br\\\/sobre\\\/\",\"name\":\"Encontra Santos\",\"description\":\"Not\u00edcias, eventos, informa\u00e7\u00f5es e dicas na cidade de Santos e regi\u00e3o\",\"potentialAction\":[{\"@type\":\"SearchAction\",\"target\":{\"@type\":\"EntryPoint\",\"urlTemplate\":\"https:\\\/\\\/www.encontrasantos.com.br\\\/sobre\\\/?s={search_term_string}\"},\"query-input\":{\"@type\":\"PropertyValueSpecification\",\"valueRequired\":true,\"valueName\":\"search_term_string\"}}],\"inLanguage\":\"pt-BR\"},{\"@type\":\"Person\",\"@id\":\"https:\\\/\\\/www.encontrasantos.com.br\\\/sobre\\\/#\\\/schema\\\/person\\\/c048a1af2d003b660d350a57d8081717\",\"name\":\"Encontra Santos\",\"image\":{\"@type\":\"ImageObject\",\"inLanguage\":\"pt-BR\",\"@id\":\"https:\\\/\\\/secure.gravatar.com\\\/avatar\\\/507340682b8270222e1f208e23198b6ae7e2c6a1033ae84e99bc6bce4f82a387?s=96&d=mm&r=g\",\"url\":\"https:\\\/\\\/secure.gravatar.com\\\/avatar\\\/507340682b8270222e1f208e23198b6ae7e2c6a1033ae84e99bc6bce4f82a387?s=96&d=mm&r=g\",\"contentUrl\":\"https:\\\/\\\/secure.gravatar.com\\\/avatar\\\/507340682b8270222e1f208e23198b6ae7e2c6a1033ae84e99bc6bce4f82a387?s=96&d=mm&r=g\",\"caption\":\"Encontra Santos\"},\"sameAs\":[\"http:\\\/\\\/www.encontrasantos.com.br\"],\"url\":\"https:\\\/\\\/www.encontrasantos.com.br\\\/sobre\\\/author\\\/esantos\\\/\"}]}<\/script>\n<!-- \/ Yoast SEO plugin. -->","yoast_head_json":{"title":"Ventania com rajadas de at\u00e9 93 km\/h derruba \u00e1rvores e causa estragos na Baixada Santista - Encontra Santos","robots":{"index":"index","follow":"follow","max-snippet":"max-snippet:-1","max-image-preview":"max-image-preview:large","max-video-preview":"max-video-preview:-1"},"canonical":"https:\/\/www.encontrasantos.com.br\/sobre\/ventania-com-rajadas-de-ate-93-km-h-derruba-arvores-e-causa-estragos-na-baixada-santista\/","og_locale":"pt_BR","og_type":"article","og_title":"Ventania com rajadas de at\u00e9 93 km\/h derruba \u00e1rvores e causa estragos na Baixada Santista - Encontra Santos","og_description":"Ventania de 93 km\/h causa estragos em v\u00e1rias cidades do litoral paulista.","og_url":"https:\/\/www.encontrasantos.com.br\/sobre\/ventania-com-rajadas-de-ate-93-km-h-derruba-arvores-e-causa-estragos-na-baixada-santista\/","og_site_name":"Encontra Santos","article_published_time":"2026-09-04T08:28:33+00:00","og_image":[{"url":"https:\/\/www.encontrasantos.com.br\/sobre\/wp-content\/uploads\/2026\/09\/ventania-com-rajadas-de-ate-93-km-h-derruba-arvores-e-causa-estragos-na-baixada-santista.webp","type":"","width":"","height":""}],"author":"Encontra Santos","twitter_card":"summary_large_image","twitter_misc":{"Escrito por":"Encontra Santos","Est. tempo de leitura":"4 minutos"},"schema":{"@context":"https:\/\/schema.org","@graph":[{"@type":"Article","@id":"https:\/\/www.encontrasantos.com.br\/sobre\/ventania-com-rajadas-de-ate-93-km-h-derruba-arvores-e-causa-estragos-na-baixada-santista\/#article","isPartOf":{"@id":"https:\/\/www.encontrasantos.com.br\/sobre\/ventania-com-rajadas-de-ate-93-km-h-derruba-arvores-e-causa-estragos-na-baixada-santista\/"},"author":{"name":"Encontra Santos","@id":"https:\/\/www.encontrasantos.com.br\/sobre\/#\/schema\/person\/c048a1af2d003b660d350a57d8081717"},"headline":"Ventania com rajadas de at\u00e9 93 km\/h derruba \u00e1rvores e causa estragos na Baixada Santista","datePublished":"2026-09-04T08:28:33+00:00","mainEntityOfPage":{"@id":"https:\/\/www.encontrasantos.com.br\/sobre\/ventania-com-rajadas-de-ate-93-km-h-derruba-arvores-e-causa-estragos-na-baixada-santista\/"},"wordCount":798,"commentCount":0,"image":{"@id":"https:\/\/www.encontrasantos.com.br\/sobre\/ventania-com-rajadas-de-ate-93-km-h-derruba-arvores-e-causa-estragos-na-baixada-santista\/#primaryimage"},"thumbnailUrl":"https:\/\/www.encontrasantos.com.br\/sobre\/wp-content\/uploads\/2026\/09\/ventania-com-rajadas-de-ate-93-km-h-derruba-arvores-e-causa-estragos-na-baixada-santista.webp","articleSection":["Not\u00edcias Santos"],"inLanguage":"pt-BR","potentialAction":[{"@type":"CommentAction","name":"Comment","target":["https:\/\/www.encontrasantos.com.br\/sobre\/ventania-com-rajadas-de-ate-93-km-h-derruba-arvores-e-causa-estragos-na-baixada-santista\/#respond"]}]},{"@type":"WebPage","@id":"https:\/\/www.encontrasantos.com.br\/sobre\/ventania-com-rajadas-de-ate-93-km-h-derruba-arvores-e-causa-estragos-na-baixada-santista\/","url":"https:\/\/www.encontrasantos.com.br\/sobre\/ventania-com-rajadas-de-ate-93-km-h-derruba-arvores-e-causa-estragos-na-baixada-santista\/","name":"Ventania com rajadas de at\u00e9 93 km\/h derruba \u00e1rvores e causa estragos na Baixada Santista - Encontra Santos","isPartOf":{"@id":"https:\/\/www.encontrasantos.com.br\/sobre\/#website"},"primaryImageOfPage":{"@id":"https:\/\/www.encontrasantos.com.br\/sobre\/ventania-com-rajadas-de-ate-93-km-h-derruba-arvores-e-causa-estragos-na-baixada-santista\/#primaryimage"},"image":{"@id":"https:\/\/www.encontrasantos.com.br\/sobre\/ventania-com-rajadas-de-ate-93-km-h-derruba-arvores-e-causa-estragos-na-baixada-santista\/#primaryimage"},"thumbnailUrl":"https:\/\/www.encontrasantos.com.br\/sobre\/wp-content\/uploads\/2026\/09\/ventania-com-rajadas-de-ate-93-km-h-derruba-arvores-e-causa-estragos-na-baixada-santista.webp","datePublished":"2026-09-04T08:28:33+00:00","author":{"@id":"https:\/\/www.encontrasantos.com.br\/sobre\/#\/schema\/person\/c048a1af2d003b660d350a57d8081717"},"breadcrumb":{"@id":"https:\/\/www.encontrasantos.com.br\/sobre\/ventania-com-rajadas-de-ate-93-km-h-derruba-arvores-e-causa-estragos-na-baixada-santista\/#breadcrumb"},"inLanguage":"pt-BR","potentialAction":[{"@type":"ReadAction","target":["https:\/\/www.encontrasantos.com.br\/sobre\/ventania-com-rajadas-de-ate-93-km-h-derruba-arvores-e-causa-estragos-na-baixada-santista\/"]}]},{"@type":"ImageObject","inLanguage":"pt-BR","@id":"https:\/\/www.encontrasantos.com.br\/sobre\/ventania-com-rajadas-de-ate-93-km-h-derruba-arvores-e-causa-estragos-na-baixada-santista\/#primaryimage","url":"https:\/\/www.encontrasantos.com.br\/sobre\/wp-content\/uploads\/2026\/09\/ventania-com-rajadas-de-ate-93-km-h-derruba-arvores-e-causa-estragos-na-baixada-santista.webp","contentUrl":"https:\/\/www.encontrasantos.com.br\/sobre\/wp-content\/uploads\/2026\/09\/ventania-com-rajadas-de-ate-93-km-h-derruba-arvores-e-causa-estragos-na-baixada-santista.webp","width":280,"height":280,"caption":"ventania"},{"@type":"BreadcrumbList","@id":"https:\/\/www.encontrasantos.com.br\/sobre\/ventania-com-rajadas-de-ate-93-km-h-derruba-arvores-e-causa-estragos-na-baixada-santista\/#breadcrumb","itemListElement":[{"@type":"ListItem","position":1,"name":"In\u00edcio","item":"https:\/\/www.encontrasantos.com.br\/sobre\/"},{"@type":"ListItem","position":2,"name":"Ventania com rajadas de at\u00e9 93 km\/h derruba \u00e1rvores e causa estragos na Baixada Santista"}]},{"@type":"WebSite","@id":"https:\/\/www.encontrasantos.com.br\/sobre\/#website","url":"https:\/\/www.encontrasantos.com.br\/sobre\/","name":"Encontra Santos","description":"Not\u00edcias, eventos, informa\u00e7\u00f5es e dicas na cidade de Santos e regi\u00e3o","potentialAction":[{"@type":"SearchAction","target":{"@type":"EntryPoint","urlTemplate":"https:\/\/www.encontrasantos.com.br\/sobre\/?s={search_term_string}"},"query-input":{"@type":"PropertyValueSpecification","valueRequired":true,"valueName":"search_term_string"}}],"inLanguage":"pt-BR"},{"@type":"Person","@id":"https:\/\/www.encontrasantos.com.br\/sobre\/#\/schema\/person\/c048a1af2d003b660d350a57d8081717","name":"Encontra Santos","image":{"@type":"ImageObject","inLanguage":"pt-BR","@id":"https:\/\/secure.gravatar.com\/avatar\/507340682b8270222e1f208e23198b6ae7e2c6a1033ae84e99bc6bce4f82a387?s=96&d=mm&r=g","url":"https:\/\/secure.gravatar.com\/avatar\/507340682b8270222e1f208e23198b6ae7e2c6a1033ae84e99bc6bce4f82a387?s=96&d=mm&r=g","contentUrl":"https:\/\/secure.gravatar.com\/avatar\/507340682b8270222e1f208e23198b6ae7e2c6a1033ae84e99bc6bce4f82a387?s=96&d=mm&r=g","caption":"Encontra Santos"},"sameAs":["http:\/\/www.encontrasantos.com.br"],"url":"https:\/\/www.encontrasantos.com.br\/sobre\/author\/esantos\/"}]}},"_links":{"self":[{"href":"https:\/\/www.encontrasantos.com.br\/sobre\/wp-json\/wp\/v2\/posts\/6249","targetHints":{"allow":["GET"]}}],"collection":[{"href":"https:\/\/www.encontrasantos.com.br\/sobre\/wp-json\/wp\/v2\/posts"}],"about":[{"href":"https:\/\/www.encontrasantos.com.br\/sobre\/wp-json\/wp\/v2\/types\/post"}],"author":[{"embeddable":true,"href":"https:\/\/www.encontrasantos.com.br\/sobre\/wp-json\/wp\/v2\/users\/1"}],"replies":[{"embeddable":true,"href":"https:\/\/www.encontrasantos.com.br\/sobre\/wp-json\/wp\/v2\/comments?post=6249"}],"version-history":[{"count":0,"href":"https:\/\/www.encontrasantos.com.br\/sobre\/wp-json\/wp\/v2\/posts\/6249\/revisions"}],"wp:featuredmedia":[{"embeddable":true,"href":"https:\/\/www.encontrasantos.com.br\/sobre\/wp-json\/wp\/v2\/media\/6248"}],"wp:attachment":[{"href":"https:\/\/www.encontrasantos.com.br\/sobre\/wp-json\/wp\/v2\/media?parent=6249"}],"wp:term":[{"taxonomy":"category","embeddable":true,"href":"https:\/\/www.encontrasantos.com.br\/sobre\/wp-json\/wp\/v2\/categories?post=6249"},{"taxonomy":"post_tag","embeddable":true,"href":"https:\/\/www.encontrasantos.com.br\/sobre\/wp-json\/wp\/v2\/tags?post=6249"}],"curies":[{"name":"wp","href":"https:\/\/api.w.org\/{rel}","templated":true}]}}