{"id":6247,"date":"2026-09-03T05:30:18","date_gmt":"2026-09-03T08:30:18","guid":{"rendered":"https:\/\/www.encontrasantos.com.br\/sobre\/aps-recebe-profissionais-de-saude-do-porto-de-santos-para-palestra-sobre-malaria\/"},"modified":"2026-09-03T05:30:18","modified_gmt":"2026-09-03T08:30:18","slug":"aps-recebe-profissionais-de-saude-do-porto-de-santos-para-palestra-sobre-malaria","status":"publish","type":"post","link":"https:\/\/www.encontrasantos.com.br\/sobre\/aps-recebe-profissionais-de-saude-do-porto-de-santos-para-palestra-sobre-malaria\/","title":{"rendered":"APS recebe profissionais de sa\u00fade do Porto de Santos para palestra sobre mal\u00e1ria"},"content":{"rendered":"<div class=\"79600775c85722932cbf26dff21860fb\" data-index=\"1\" style=\"float: none; margin:0px;\">\n<!-- Anuncio display - global -->\r\n<ins class=\"adsbygoogle\"\r\n     style=\"display:block\"\r\n     data-ad-client=\"ca-pub-8585364105181520\"\r\n     data-ad-slot=\"8789329856\"\r\n     data-ad-format=\"auto\"\r\n     data-full-width-responsive=\"true\"><\/ins>\r\n<script>\r\n     (adsbygoogle = window.adsbygoogle || []).push({});\r\n<\/script>\n<\/div>\n<h2>Hist\u00f3ria do Porto de Santos<\/h2>\n<p>O Porto de Santos, localizado no estado de S\u00e3o Paulo, \u00e9 um dos mais importantes do Brasil e possui uma rica hist\u00f3ria que remonta ao per\u00edodo colonial. Sua funda\u00e7\u00e3o ocorreu no s\u00e9culo XIX, no contexto do crescimento do com\u00e9rcio de caf\u00e9, que se tornou um dos principais produtos de exporta\u00e7\u00e3o do pa\u00eds. A partir de 1892, o porto passou a se modernizar com a constru\u00e7\u00e3o de novos p\u00ederes e a implementa\u00e7\u00e3o de infraestrutura que garantiu a efici\u00eancia das opera\u00e7\u00f5es.<\/p>\n<p>O porto foi oficialmente inaugurado em 1892, e desde ent\u00e3o, seu papel se tornou crucial para o desenvolvimento econ\u00f4mico da regi\u00e3o e do Brasil. Ao longo do s\u00e9culo XX, o empreendimento evoluiu para atender \u00e0 demanda crescente de exporta\u00e7\u00e3o, especialmente durante os per\u00edodos de expans\u00e3o agr\u00edcola e industrial do pa\u00eds.<\/p>\n<h2>Import\u00e2ncia Econ\u00f4mica do Porto<\/h2>\n<p>O Porto de Santos \u00e9 fundamental para a economia brasileira, sendo o principal ponto de escoamento de produtos agr\u00edcolas, como o milho, o a\u00e7\u00facar e o caf\u00e9. Sua localiza\u00e7\u00e3o estrat\u00e9gica facilita a liga\u00e7\u00e3o com as rotas mar\u00edtimas internacionais, tornando-o um hub log\u00edstico essencial. Estima-se que o porto responda por cerca de 28% do total das exporta\u00e7\u00f5es brasileiras, demonstrando sua relev\u00e2ncia.<\/p>\n<p><img decoding=\"async\" src=\"https:\/\/www.encontrasantos.com.br\/sobre\/wp-content\/uploads\/2026\/09\/aps-recebe-profissionais-de-saude-do-porto-de-santos-para-palestra-sobre-malaria.webp\" alt=\"porto de santos\" loading=\"lazy\" \/><\/p>\n<p>Al\u00e9m disso, o Porto de Santos gera milhares de empregos diretos e indiretos na regi\u00e3o, impactando diversos setores, como com\u00e9rcio, transportes e servi\u00e7os. O crescimento das opera\u00e7\u00f5es portu\u00e1rias tamb\u00e9m atrai investimentos e fomenta o desenvolvimento urbano nas \u00e1reas adjacentes.<\/p>\n<h2>Infraestrutura do Porto de Santos<\/h2>\n<p>A infraestrutura do Porto de Santos \u00e9 bastante ampla e moderna, composta por terminais especializados, como os de cont\u00eaineres, granel l\u00edquido e granel s\u00f3lido. Esses terminais s\u00e3o instalados nas diferentes \u00e1reas do porto, otimizando a movimenta\u00e7\u00e3o e o processamento das cargas.<\/p>\n<p>O complexo portu\u00e1rio \u00e9 composto por:<\/p>\n<ul>\n<li><strong>Terminais de Cont\u00eaineres:<\/strong> Equipados com tecnologia de ponta para manuseio e armazenagem de cont\u00eaineres, facilitando a movimenta\u00e7\u00e3o de cargas.<\/li>\n<li><strong>Terminais de Granel L\u00edquido:<\/strong> Estruturas que garantem seguran\u00e7a e efici\u00eancia no transporte de l\u00edquidos, como petr\u00f3leo e qu\u00edmicos.<\/li>\n<li><strong>Terminais de Granel S\u00f3lido:<\/strong> Voltados para a exporta\u00e7\u00e3o de produtos como a\u00e7\u00facar, min\u00e9rio e gr\u00e3os.<\/li>\n<li><strong>Infraestrutura Rodovi\u00e1ria e Ferrovi\u00e1ria:<\/strong> Conecta o porto a importantes vias de transporte, permitindo o f\u00e1cil escoamento das mercadorias.<\/li>\n<\/ul>\n<h2>Agentes que Atuam no Porto<\/h2>\n<p>Um aspecto fundamental do funcionamento do Porto de Santos \u00e9 a atua\u00e7\u00e3o de diversos agentes, incluindo operadores portu\u00e1rios, autoridades aduaneiras e agentes de carga. Cada um desempenha um papel crucial na efici\u00eancia das opera\u00e7\u00f5es e na seguran\u00e7a das atividades. Esses agentes incluem:<\/p>\n<ul>\n<li><strong>Operadores Portu\u00e1rios:<\/strong> Respons\u00e1veis pela movimenta\u00e7\u00e3o de cargas nos terminais e pela gest\u00e3o log\u00edstica.<\/li>\n<li><strong>Autoridade Portu\u00e1ria:<\/strong> Gest\u00e3o e regula\u00e7\u00e3o das atividades do porto, garantindo o cumprimento das normas e a efici\u00eancia operacional.<\/li>\n<li><strong>Agentes de Carga:<\/strong> Facilitam o transporte das mercadorias, realizando a intermedia\u00e7\u00e3o entre os exportadores e os transportadores.<\/li>\n<li><strong>Fiscaliza\u00e7\u00e3o Aduaneira:<\/strong> Assegura que todas as opera\u00e7\u00f5es atendam \u00e0s exig\u00eancias legais e regulat\u00f3rias.<\/li>\n<\/ul>\n<h2>Opera\u00e7\u00f5es Portu\u00e1rias e Dragagem<\/h2>\n<p>A opera\u00e7\u00e3o do Porto de Santos \u00e9 caracterizada por sua alta capacidade e diversidade, permitindo a movimenta\u00e7\u00e3o de grandes volumes de carga. O processo de dragagem \u00e9 essencial para a manuten\u00e7\u00e3o da profundidade dos canais e ber\u00e7os de atraca\u00e7\u00e3o, garantindo a seguran\u00e7a e efici\u00eancia das opera\u00e7\u00f5es de carga e descarga de navios.<\/p>\n<p>Al\u00e9m disso, a dragagem peri\u00f3dica \u00e9 necess\u00e1ria para remover sedimentos que podem obstruir o fluxo de \u00e1gua e limitar o acesso de embarca\u00e7\u00f5es maiores, promovendo a competitividade do porto.<\/p>\n<h2>Informa\u00e7\u00f5es Operacionais e Tarifas<\/h2>\n<p>O Porto de Santos disponibiliza informa\u00e7\u00f5es abrangentes sobre suas opera\u00e7\u00f5es, incluindo dados sobre tarifas, estat\u00edsticas de movimenta\u00e7\u00e3o e regulamenta\u00e7\u00f5es. As tarifas portu\u00e1rias s\u00e3o estabelecidas com base nos servi\u00e7os prestados, e sua transpar\u00eancia \u00e9 fundamental para a atra\u00e7\u00e3o de novos operadores e usu\u00e1rios.<\/p>\n<p>As informa\u00e7\u00f5es operacionais incluem:<\/p>\n<ul>\n<li><strong>Estat\u00edsticas de Movimenta\u00e7\u00e3o:<\/strong> Dados sobre o volume de cargas movimentadas, tipos de mercadorias e origem\/destino das opera\u00e7\u00f5es.<\/li>\n<li><strong>Tarifas Portu\u00e1rias:<\/strong> Estrutura de custos para os servi\u00e7os prestados no porto, que varia conforme a natureza da carga e o tipo de opera\u00e7\u00e3o.<\/li>\n<li><strong>Normas e Regulamentos:<\/strong> Diretrizes que devem ser seguidas por todos os operadores e usu\u00e1rios do porto.<\/li>\n<li><strong>Seguran\u00e7a Portu\u00e1ria:<\/strong> Medidas para garantir a integridade das opera\u00e7\u00f5es e proteger o meio ambiente.<\/li>\n<\/ul>\n<h2>Oportunidades de Neg\u00f3cios<\/h2>\n<p>O Porto de Santos oferece diversas oportunidades de neg\u00f3cios para investidores e empresas que buscam expandir suas opera\u00e7\u00f5es. Entre as iniciativas est\u00e3o concess\u00f5es para a explora\u00e7\u00e3o de terminais e servi\u00e7os de log\u00edstica, al\u00e9m de pol\u00edticas que incentivam novos investimentos no setor portu\u00e1rio.<\/p>\n<p>A Autoridade Portu\u00e1ria de Santos atua para facilitar a participa\u00e7\u00e3o de novos investidores, promovendo editais e consultas p\u00fablicas que visam identificar oportunidades de parceria e colabora\u00e7\u00e3o.<\/p>\n<h2>Sustentabilidade no Porto de Santos<\/h2>\n<p>A sustentabilidade \u00e9 um aspecto cada vez mais presente nas opera\u00e7\u00f5es portu\u00e1rias. O Porto de Santos vem adotando pr\u00e1ticas que visam minimizar o impacto ambiental de suas atividades, como:<\/p>\n<ul>\n<li><strong>Gest\u00e3o de Res\u00edduos:<\/strong> Programas para a correta destina\u00e7\u00e3o de res\u00edduos gerados nas opera\u00e7\u00f5es portu\u00e1rias.<\/li>\n<li><strong>Uso de Energia Limpa:<\/strong> Iniciativas para implementar fontes de energia renov\u00e1vel nas opera\u00e7\u00f5es do porto.<\/li>\n<li><strong>Prote\u00e7\u00e3o da Fauna e Flora:<\/strong> Projetos que visam preservar a biodiversidade local e os ecossistemas adjacentes ao porto.<\/li>\n<\/ul>\n<h2>Governan\u00e7a da Autoridade Portu\u00e1ria<\/h2>\n<p>A governan\u00e7a do Porto de Santos \u00e9 estruturada de maneira a garantir transpar\u00eancia e efici\u00eancia nas opera\u00e7\u00f5es. A Autoridade Portu\u00e1ria atua com base em princ\u00edpios de accountability e gest\u00e3o respons\u00e1vel, promovendo a participa\u00e7\u00e3o de stakeholders e a tomada de decis\u00e3o fundamentada.<\/p>\n<p>A Autoridade Portu\u00e1ria \u00e9 respons\u00e1vel pela regula\u00e7\u00e3o e fiscaliza\u00e7\u00e3o das atividades no porto, al\u00e9m de promover melhorias cont\u00ednuas na infraestrutura e servi\u00e7os oferecidos.<\/p>\n<h2>Central de Servi\u00e7os do Porto de Santos<\/h2>\n<p>A Central de Servi\u00e7os do Porto de Santos \u00e9 uma plataforma que busca facilitar o acesso a informa\u00e7\u00f5es e servi\u00e7os para os usu\u00e1rios do porto. O objetivo \u00e9 proporcionar um atendimento mais eficiente e \u00e1gil, agilizando processos e melhorando a experi\u00eancia para os operadores e transportadores.<\/p>\n<p>Entre os servi\u00e7os dispon\u00edveis est\u00e3o:<\/p>\n<ul>\n<li><strong>Atendimento ao Usu\u00e1rio:<\/strong> Suporte para d\u00favidas e orienta\u00e7\u00f5es relacionadas \u00e0s opera\u00e7\u00f5es no porto.<\/li>\n<li><strong>Consultas sobre Tarifas:<\/strong> Informa\u00e7\u00f5es atualizadas sobre as tarifas aplic\u00e1veis \u00e0s opera\u00e7\u00f5es.<\/li>\n<li><strong>Servi\u00e7os de Licita\u00e7\u00e3o:<\/strong> Acesso aos editais e processos de licita\u00e7\u00e3o abertos para novos neg\u00f3cios.<\/li>\n<\/ul>\n\n<div style=\"font-size: 0px; height: 0px; line-height: 0px; margin: 0; padding: 0; clear: both;\"><\/div>","protected":false},"excerpt":{"rendered":"<p>Porto de Santos \u00e9 vital para o com\u00e9rcio e infraestrutura do Brasil.<\/p>\n","protected":false},"author":1,"featured_media":6246,"comment_status":"open","ping_status":"closed","sticky":false,"template":"","format":"standard","meta":{"footnotes":""},"categories":[43],"tags":[],"class_list":["post-6247","post","type-post","status-publish","format-standard","has-post-thumbnail","hentry","category-saude-em-santos","has_thumb"],"yoast_head":"<!-- This site is optimized with the Yoast SEO plugin v28.2 - https:\/\/yoast.com\/product\/yoast-seo-wordpress\/ -->\n<title>APS recebe profissionais de sa\u00fade do Porto de Santos para palestra sobre mal\u00e1ria - Encontra Santos<\/title>\n<meta name=\"robots\" content=\"index, follow, max-snippet:-1, max-image-preview:large, max-video-preview:-1\" \/>\n<link rel=\"canonical\" href=\"https:\/\/www.encontrasantos.com.br\/sobre\/aps-recebe-profissionais-de-saude-do-porto-de-santos-para-palestra-sobre-malaria\/\" \/>\n<meta property=\"og:locale\" content=\"pt_BR\" \/>\n<meta property=\"og:type\" content=\"article\" \/>\n<meta property=\"og:title\" content=\"APS recebe profissionais de sa\u00fade do Porto de Santos para palestra sobre mal\u00e1ria - Encontra Santos\" \/>\n<meta property=\"og:description\" content=\"Porto de Santos \u00e9 vital para o com\u00e9rcio e infraestrutura do Brasil.\" \/>\n<meta property=\"og:url\" content=\"https:\/\/www.encontrasantos.com.br\/sobre\/aps-recebe-profissionais-de-saude-do-porto-de-santos-para-palestra-sobre-malaria\/\" \/>\n<meta property=\"og:site_name\" content=\"Encontra Santos\" \/>\n<meta property=\"article:published_time\" content=\"2026-09-03T08:30:18+00:00\" \/>\n<meta property=\"og:image\" content=\"https:\/\/www.encontrasantos.com.br\/sobre\/wp-content\/uploads\/2026\/09\/aps-recebe-profissionais-de-saude-do-porto-de-santos-para-palestra-sobre-malaria.webp\" \/>\n<meta name=\"author\" content=\"Encontra Santos\" \/>\n<meta name=\"twitter:card\" content=\"summary_large_image\" \/>\n<meta name=\"twitter:label1\" content=\"Escrito por\" \/>\n\t<meta name=\"twitter:data1\" content=\"Encontra Santos\" \/>\n\t<meta name=\"twitter:label2\" content=\"Est. tempo de leitura\" \/>\n\t<meta name=\"twitter:data2\" content=\"6 minutos\" \/>\n<script type=\"application\/ld+json\" class=\"yoast-schema-graph\">{\"@context\":\"https:\\\/\\\/schema.org\",\"@graph\":[{\"@type\":\"Article\",\"@id\":\"https:\\\/\\\/www.encontrasantos.com.br\\\/sobre\\\/aps-recebe-profissionais-de-saude-do-porto-de-santos-para-palestra-sobre-malaria\\\/#article\",\"isPartOf\":{\"@id\":\"https:\\\/\\\/www.encontrasantos.com.br\\\/sobre\\\/aps-recebe-profissionais-de-saude-do-porto-de-santos-para-palestra-sobre-malaria\\\/\"},\"author\":{\"name\":\"Encontra Santos\",\"@id\":\"https:\\\/\\\/www.encontrasantos.com.br\\\/sobre\\\/#\\\/schema\\\/person\\\/c048a1af2d003b660d350a57d8081717\"},\"headline\":\"APS recebe profissionais de sa\u00fade do Porto de Santos para palestra sobre mal\u00e1ria\",\"datePublished\":\"2026-09-03T08:30:18+00:00\",\"mainEntityOfPage\":{\"@id\":\"https:\\\/\\\/www.encontrasantos.com.br\\\/sobre\\\/aps-recebe-profissionais-de-saude-do-porto-de-santos-para-palestra-sobre-malaria\\\/\"},\"wordCount\":1172,\"commentCount\":0,\"image\":{\"@id\":\"https:\\\/\\\/www.encontrasantos.com.br\\\/sobre\\\/aps-recebe-profissionais-de-saude-do-porto-de-santos-para-palestra-sobre-malaria\\\/#primaryimage\"},\"thumbnailUrl\":\"https:\\\/\\\/www.encontrasantos.com.br\\\/sobre\\\/wp-content\\\/uploads\\\/2026\\\/09\\\/aps-recebe-profissionais-de-saude-do-porto-de-santos-para-palestra-sobre-malaria.webp\",\"articleSection\":[\"Sa\u00fade Santos\"],\"inLanguage\":\"pt-BR\",\"potentialAction\":[{\"@type\":\"CommentAction\",\"name\":\"Comment\",\"target\":[\"https:\\\/\\\/www.encontrasantos.com.br\\\/sobre\\\/aps-recebe-profissionais-de-saude-do-porto-de-santos-para-palestra-sobre-malaria\\\/#respond\"]}]},{\"@type\":\"WebPage\",\"@id\":\"https:\\\/\\\/www.encontrasantos.com.br\\\/sobre\\\/aps-recebe-profissionais-de-saude-do-porto-de-santos-para-palestra-sobre-malaria\\\/\",\"url\":\"https:\\\/\\\/www.encontrasantos.com.br\\\/sobre\\\/aps-recebe-profissionais-de-saude-do-porto-de-santos-para-palestra-sobre-malaria\\\/\",\"name\":\"APS recebe profissionais de sa\u00fade do Porto de Santos para palestra sobre mal\u00e1ria - Encontra Santos\",\"isPartOf\":{\"@id\":\"https:\\\/\\\/www.encontrasantos.com.br\\\/sobre\\\/#website\"},\"primaryImageOfPage\":{\"@id\":\"https:\\\/\\\/www.encontrasantos.com.br\\\/sobre\\\/aps-recebe-profissionais-de-saude-do-porto-de-santos-para-palestra-sobre-malaria\\\/#primaryimage\"},\"image\":{\"@id\":\"https:\\\/\\\/www.encontrasantos.com.br\\\/sobre\\\/aps-recebe-profissionais-de-saude-do-porto-de-santos-para-palestra-sobre-malaria\\\/#primaryimage\"},\"thumbnailUrl\":\"https:\\\/\\\/www.encontrasantos.com.br\\\/sobre\\\/wp-content\\\/uploads\\\/2026\\\/09\\\/aps-recebe-profissionais-de-saude-do-porto-de-santos-para-palestra-sobre-malaria.webp\",\"datePublished\":\"2026-09-03T08:30:18+00:00\",\"author\":{\"@id\":\"https:\\\/\\\/www.encontrasantos.com.br\\\/sobre\\\/#\\\/schema\\\/person\\\/c048a1af2d003b660d350a57d8081717\"},\"breadcrumb\":{\"@id\":\"https:\\\/\\\/www.encontrasantos.com.br\\\/sobre\\\/aps-recebe-profissionais-de-saude-do-porto-de-santos-para-palestra-sobre-malaria\\\/#breadcrumb\"},\"inLanguage\":\"pt-BR\",\"potentialAction\":[{\"@type\":\"ReadAction\",\"target\":[\"https:\\\/\\\/www.encontrasantos.com.br\\\/sobre\\\/aps-recebe-profissionais-de-saude-do-porto-de-santos-para-palestra-sobre-malaria\\\/\"]}]},{\"@type\":\"ImageObject\",\"inLanguage\":\"pt-BR\",\"@id\":\"https:\\\/\\\/www.encontrasantos.com.br\\\/sobre\\\/aps-recebe-profissionais-de-saude-do-porto-de-santos-para-palestra-sobre-malaria\\\/#primaryimage\",\"url\":\"https:\\\/\\\/www.encontrasantos.com.br\\\/sobre\\\/wp-content\\\/uploads\\\/2026\\\/09\\\/aps-recebe-profissionais-de-saude-do-porto-de-santos-para-palestra-sobre-malaria.webp\",\"contentUrl\":\"https:\\\/\\\/www.encontrasantos.com.br\\\/sobre\\\/wp-content\\\/uploads\\\/2026\\\/09\\\/aps-recebe-profissionais-de-saude-do-porto-de-santos-para-palestra-sobre-malaria.webp\",\"width\":280,\"height\":280,\"caption\":\"porto de santos\"},{\"@type\":\"BreadcrumbList\",\"@id\":\"https:\\\/\\\/www.encontrasantos.com.br\\\/sobre\\\/aps-recebe-profissionais-de-saude-do-porto-de-santos-para-palestra-sobre-malaria\\\/#breadcrumb\",\"itemListElement\":[{\"@type\":\"ListItem\",\"position\":1,\"name\":\"In\u00edcio\",\"item\":\"https:\\\/\\\/www.encontrasantos.com.br\\\/sobre\\\/\"},{\"@type\":\"ListItem\",\"position\":2,\"name\":\"APS recebe profissionais de sa\u00fade do Porto de Santos para palestra sobre mal\u00e1ria\"}]},{\"@type\":\"WebSite\",\"@id\":\"https:\\\/\\\/www.encontrasantos.com.br\\\/sobre\\\/#website\",\"url\":\"https:\\\/\\\/www.encontrasantos.com.br\\\/sobre\\\/\",\"name\":\"Encontra Santos\",\"description\":\"Not\u00edcias, eventos, informa\u00e7\u00f5es e dicas na cidade de Santos e regi\u00e3o\",\"potentialAction\":[{\"@type\":\"SearchAction\",\"target\":{\"@type\":\"EntryPoint\",\"urlTemplate\":\"https:\\\/\\\/www.encontrasantos.com.br\\\/sobre\\\/?s={search_term_string}\"},\"query-input\":{\"@type\":\"PropertyValueSpecification\",\"valueRequired\":true,\"valueName\":\"search_term_string\"}}],\"inLanguage\":\"pt-BR\"},{\"@type\":\"Person\",\"@id\":\"https:\\\/\\\/www.encontrasantos.com.br\\\/sobre\\\/#\\\/schema\\\/person\\\/c048a1af2d003b660d350a57d8081717\",\"name\":\"Encontra Santos\",\"image\":{\"@type\":\"ImageObject\",\"inLanguage\":\"pt-BR\",\"@id\":\"https:\\\/\\\/secure.gravatar.com\\\/avatar\\\/507340682b8270222e1f208e23198b6ae7e2c6a1033ae84e99bc6bce4f82a387?s=96&d=mm&r=g\",\"url\":\"https:\\\/\\\/secure.gravatar.com\\\/avatar\\\/507340682b8270222e1f208e23198b6ae7e2c6a1033ae84e99bc6bce4f82a387?s=96&d=mm&r=g\",\"contentUrl\":\"https:\\\/\\\/secure.gravatar.com\\\/avatar\\\/507340682b8270222e1f208e23198b6ae7e2c6a1033ae84e99bc6bce4f82a387?s=96&d=mm&r=g\",\"caption\":\"Encontra Santos\"},\"sameAs\":[\"http:\\\/\\\/www.encontrasantos.com.br\"],\"url\":\"https:\\\/\\\/www.encontrasantos.com.br\\\/sobre\\\/author\\\/esantos\\\/\"}]}<\/script>\n<!-- \/ Yoast SEO plugin. -->","yoast_head_json":{"title":"APS recebe profissionais de sa\u00fade do Porto de Santos para palestra sobre mal\u00e1ria - Encontra Santos","robots":{"index":"index","follow":"follow","max-snippet":"max-snippet:-1","max-image-preview":"max-image-preview:large","max-video-preview":"max-video-preview:-1"},"canonical":"https:\/\/www.encontrasantos.com.br\/sobre\/aps-recebe-profissionais-de-saude-do-porto-de-santos-para-palestra-sobre-malaria\/","og_locale":"pt_BR","og_type":"article","og_title":"APS recebe profissionais de sa\u00fade do Porto de Santos para palestra sobre mal\u00e1ria - Encontra Santos","og_description":"Porto de Santos \u00e9 vital para o com\u00e9rcio e infraestrutura do Brasil.","og_url":"https:\/\/www.encontrasantos.com.br\/sobre\/aps-recebe-profissionais-de-saude-do-porto-de-santos-para-palestra-sobre-malaria\/","og_site_name":"Encontra Santos","article_published_time":"2026-09-03T08:30:18+00:00","og_image":[{"url":"https:\/\/www.encontrasantos.com.br\/sobre\/wp-content\/uploads\/2026\/09\/aps-recebe-profissionais-de-saude-do-porto-de-santos-para-palestra-sobre-malaria.webp","type":"","width":"","height":""}],"author":"Encontra Santos","twitter_card":"summary_large_image","twitter_misc":{"Escrito por":"Encontra Santos","Est. tempo de leitura":"6 minutos"},"schema":{"@context":"https:\/\/schema.org","@graph":[{"@type":"Article","@id":"https:\/\/www.encontrasantos.com.br\/sobre\/aps-recebe-profissionais-de-saude-do-porto-de-santos-para-palestra-sobre-malaria\/#article","isPartOf":{"@id":"https:\/\/www.encontrasantos.com.br\/sobre\/aps-recebe-profissionais-de-saude-do-porto-de-santos-para-palestra-sobre-malaria\/"},"author":{"name":"Encontra Santos","@id":"https:\/\/www.encontrasantos.com.br\/sobre\/#\/schema\/person\/c048a1af2d003b660d350a57d8081717"},"headline":"APS recebe profissionais de sa\u00fade do Porto de Santos para palestra sobre mal\u00e1ria","datePublished":"2026-09-03T08:30:18+00:00","mainEntityOfPage":{"@id":"https:\/\/www.encontrasantos.com.br\/sobre\/aps-recebe-profissionais-de-saude-do-porto-de-santos-para-palestra-sobre-malaria\/"},"wordCount":1172,"commentCount":0,"image":{"@id":"https:\/\/www.encontrasantos.com.br\/sobre\/aps-recebe-profissionais-de-saude-do-porto-de-santos-para-palestra-sobre-malaria\/#primaryimage"},"thumbnailUrl":"https:\/\/www.encontrasantos.com.br\/sobre\/wp-content\/uploads\/2026\/09\/aps-recebe-profissionais-de-saude-do-porto-de-santos-para-palestra-sobre-malaria.webp","articleSection":["Sa\u00fade Santos"],"inLanguage":"pt-BR","potentialAction":[{"@type":"CommentAction","name":"Comment","target":["https:\/\/www.encontrasantos.com.br\/sobre\/aps-recebe-profissionais-de-saude-do-porto-de-santos-para-palestra-sobre-malaria\/#respond"]}]},{"@type":"WebPage","@id":"https:\/\/www.encontrasantos.com.br\/sobre\/aps-recebe-profissionais-de-saude-do-porto-de-santos-para-palestra-sobre-malaria\/","url":"https:\/\/www.encontrasantos.com.br\/sobre\/aps-recebe-profissionais-de-saude-do-porto-de-santos-para-palestra-sobre-malaria\/","name":"APS recebe profissionais de sa\u00fade do Porto de Santos para palestra sobre mal\u00e1ria - Encontra Santos","isPartOf":{"@id":"https:\/\/www.encontrasantos.com.br\/sobre\/#website"},"primaryImageOfPage":{"@id":"https:\/\/www.encontrasantos.com.br\/sobre\/aps-recebe-profissionais-de-saude-do-porto-de-santos-para-palestra-sobre-malaria\/#primaryimage"},"image":{"@id":"https:\/\/www.encontrasantos.com.br\/sobre\/aps-recebe-profissionais-de-saude-do-porto-de-santos-para-palestra-sobre-malaria\/#primaryimage"},"thumbnailUrl":"https:\/\/www.encontrasantos.com.br\/sobre\/wp-content\/uploads\/2026\/09\/aps-recebe-profissionais-de-saude-do-porto-de-santos-para-palestra-sobre-malaria.webp","datePublished":"2026-09-03T08:30:18+00:00","author":{"@id":"https:\/\/www.encontrasantos.com.br\/sobre\/#\/schema\/person\/c048a1af2d003b660d350a57d8081717"},"breadcrumb":{"@id":"https:\/\/www.encontrasantos.com.br\/sobre\/aps-recebe-profissionais-de-saude-do-porto-de-santos-para-palestra-sobre-malaria\/#breadcrumb"},"inLanguage":"pt-BR","potentialAction":[{"@type":"ReadAction","target":["https:\/\/www.encontrasantos.com.br\/sobre\/aps-recebe-profissionais-de-saude-do-porto-de-santos-para-palestra-sobre-malaria\/"]}]},{"@type":"ImageObject","inLanguage":"pt-BR","@id":"https:\/\/www.encontrasantos.com.br\/sobre\/aps-recebe-profissionais-de-saude-do-porto-de-santos-para-palestra-sobre-malaria\/#primaryimage","url":"https:\/\/www.encontrasantos.com.br\/sobre\/wp-content\/uploads\/2026\/09\/aps-recebe-profissionais-de-saude-do-porto-de-santos-para-palestra-sobre-malaria.webp","contentUrl":"https:\/\/www.encontrasantos.com.br\/sobre\/wp-content\/uploads\/2026\/09\/aps-recebe-profissionais-de-saude-do-porto-de-santos-para-palestra-sobre-malaria.webp","width":280,"height":280,"caption":"porto de santos"},{"@type":"BreadcrumbList","@id":"https:\/\/www.encontrasantos.com.br\/sobre\/aps-recebe-profissionais-de-saude-do-porto-de-santos-para-palestra-sobre-malaria\/#breadcrumb","itemListElement":[{"@type":"ListItem","position":1,"name":"In\u00edcio","item":"https:\/\/www.encontrasantos.com.br\/sobre\/"},{"@type":"ListItem","position":2,"name":"APS recebe profissionais de sa\u00fade do Porto de Santos para palestra sobre mal\u00e1ria"}]},{"@type":"WebSite","@id":"https:\/\/www.encontrasantos.com.br\/sobre\/#website","url":"https:\/\/www.encontrasantos.com.br\/sobre\/","name":"Encontra Santos","description":"Not\u00edcias, eventos, informa\u00e7\u00f5es e dicas na cidade de Santos e regi\u00e3o","potentialAction":[{"@type":"SearchAction","target":{"@type":"EntryPoint","urlTemplate":"https:\/\/www.encontrasantos.com.br\/sobre\/?s={search_term_string}"},"query-input":{"@type":"PropertyValueSpecification","valueRequired":true,"valueName":"search_term_string"}}],"inLanguage":"pt-BR"},{"@type":"Person","@id":"https:\/\/www.encontrasantos.com.br\/sobre\/#\/schema\/person\/c048a1af2d003b660d350a57d8081717","name":"Encontra Santos","image":{"@type":"ImageObject","inLanguage":"pt-BR","@id":"https:\/\/secure.gravatar.com\/avatar\/507340682b8270222e1f208e23198b6ae7e2c6a1033ae84e99bc6bce4f82a387?s=96&d=mm&r=g","url":"https:\/\/secure.gravatar.com\/avatar\/507340682b8270222e1f208e23198b6ae7e2c6a1033ae84e99bc6bce4f82a387?s=96&d=mm&r=g","contentUrl":"https:\/\/secure.gravatar.com\/avatar\/507340682b8270222e1f208e23198b6ae7e2c6a1033ae84e99bc6bce4f82a387?s=96&d=mm&r=g","caption":"Encontra Santos"},"sameAs":["http:\/\/www.encontrasantos.com.br"],"url":"https:\/\/www.encontrasantos.com.br\/sobre\/author\/esantos\/"}]}},"_links":{"self":[{"href":"https:\/\/www.encontrasantos.com.br\/sobre\/wp-json\/wp\/v2\/posts\/6247","targetHints":{"allow":["GET"]}}],"collection":[{"href":"https:\/\/www.encontrasantos.com.br\/sobre\/wp-json\/wp\/v2\/posts"}],"about":[{"href":"https:\/\/www.encontrasantos.com.br\/sobre\/wp-json\/wp\/v2\/types\/post"}],"author":[{"embeddable":true,"href":"https:\/\/www.encontrasantos.com.br\/sobre\/wp-json\/wp\/v2\/users\/1"}],"replies":[{"embeddable":true,"href":"https:\/\/www.encontrasantos.com.br\/sobre\/wp-json\/wp\/v2\/comments?post=6247"}],"version-history":[{"count":0,"href":"https:\/\/www.encontrasantos.com.br\/sobre\/wp-json\/wp\/v2\/posts\/6247\/revisions"}],"wp:featuredmedia":[{"embeddable":true,"href":"https:\/\/www.encontrasantos.com.br\/sobre\/wp-json\/wp\/v2\/media\/6246"}],"wp:attachment":[{"href":"https:\/\/www.encontrasantos.com.br\/sobre\/wp-json\/wp\/v2\/media?parent=6247"}],"wp:term":[{"taxonomy":"category","embeddable":true,"href":"https:\/\/www.encontrasantos.com.br\/sobre\/wp-json\/wp\/v2\/categories?post=6247"},{"taxonomy":"post_tag","embeddable":true,"href":"https:\/\/www.encontrasantos.com.br\/sobre\/wp-json\/wp\/v2\/tags?post=6247"}],"curies":[{"name":"wp","href":"https:\/\/api.w.org\/{rel}","templated":true}]}}