{"id":6243,"date":"2026-09-03T05:28:18","date_gmt":"2026-09-03T08:28:18","guid":{"rendered":"https:\/\/www.encontrasantos.com.br\/sobre\/abertas-as-pre\/"},"modified":"2026-09-03T05:28:18","modified_gmt":"2026-09-03T08:28:18","slug":"abertas-as-pre","status":"publish","type":"post","link":"https:\/\/www.encontrasantos.com.br\/sobre\/abertas-as-pre\/","title":{"rendered":"Abertas as pr\u00e9"},"content":{"rendered":"<div class=\"79600775c85722932cbf26dff21860fb\" data-index=\"1\" style=\"float: none; margin:0px;\">\n<!-- Anuncio display - global -->\r\n<ins class=\"adsbygoogle\"\r\n     style=\"display:block\"\r\n     data-ad-client=\"ca-pub-8585364105181520\"\r\n     data-ad-slot=\"8789329856\"\r\n     data-ad-format=\"auto\"\r\n     data-full-width-responsive=\"true\"><\/ins>\r\n<script>\r\n     (adsbygoogle = window.adsbygoogle || []).push({});\r\n<\/script>\n<\/div>\n<h2>Pr\u00e9-Inscri\u00e7\u00e3o para Matr\u00edculas na Rede Municipal de Ensino de Santos<\/h2>\n<p>A partir do dia 1\u00ba de setembro, iniciam-se as pr\u00e9-inscri\u00e7\u00f5es para estudantes que desejam se inscrever na rede p\u00fablica municipal de Santos para o ano letivo de 2027. Este processo \u00e9 direcionado a alunos que ainda n\u00e3o est\u00e3o matriculados e abrange a educa\u00e7\u00e3o infantil, o ensino fundamental e a Educa\u00e7\u00e3o de Jovens e Adultos (EJA). O prazo para a realiza\u00e7\u00e3o das pr\u00e9-inscri\u00e7\u00f5es vai at\u00e9 o dia 18 de setembro, \u00e0s 16h.<\/p>\n<h2>Como Funcionar\u00e3o as Inscri\u00e7\u00f5es?<\/h2>\n<p>Os interessados devem realizar a pr\u00e9-inscri\u00e7\u00e3o pelo portal municipal, utilizando o sistema Gest\u00e3o Inteligente da Educa\u00e7\u00e3o Respons\u00e1vel (Gier) em <a href=\"https:\/\/santosportal.gier.com.br\/\">https:\/\/santosportal.gier.com.br\/<\/a>. O procedimento inclui o preenchimento de uma ficha online e o envio de documentos requeridos. Para aqueles que preferirem, tamb\u00e9m haver\u00e1 a op\u00e7\u00e3o de se inscrever presencialmente em qualquer unidade municipal de ensino.<\/p>\n<h2>Documentos Necess\u00e1rios para Inscri\u00e7\u00e3o<\/h2>\n<p>A documenta\u00e7\u00e3o essencial para efetuar a pr\u00e9-inscri\u00e7\u00e3o inclui:<\/p>\n<p><img decoding=\"async\" src=\"https:\/\/www.encontrasantos.com.br\/sobre\/wp-content\/uploads\/2026\/09\/abertas-as-pre.webp\" alt=\"matr\u00edculas na rede municipal de ensino de Santos\" loading=\"lazy\" \/><\/p>\n<ul>\n<li>Certid\u00e3o de nascimento do candidato;<\/li>\n<li>Laudo m\u00e9dico para alunos com defici\u00eancia;<\/li>\n<li>Identidade (RG) do respons\u00e1vel legal;<\/li>\n<li>Comprovante de resid\u00eancia em Santos, conforme as orienta\u00e7\u00f5es detalhadas nas portarias.<\/li>\n<\/ul>\n<h2>Prazos e Como se Inscrever<\/h2>\n<p>Ap\u00f3s a conclus\u00e3o das pr\u00e9-inscri\u00e7\u00f5es, entre os dias 9 e 19 de novembro, \u00e9 necess\u00e1rio que os respons\u00e1veis pelas crian\u00e7as matriculadas na educa\u00e7\u00e3o infantil compare\u00e7am na unidade de ensino em que efetivaram o cadastro para confirmar a matr\u00edcula, de acordo com a disponibilidade de vagas.<\/p>\n<h2>Educa\u00e7\u00e3o Infantil e EJA<\/h2>\n<p>\u00c9 fundamental ressaltar que as pr\u00e9-inscri\u00e7\u00f5es para a Educa\u00e7\u00e3o Infantil e para a EJA s\u00e3o parte de uma estrat\u00e9gia para assegurar que todos os cidad\u00e3os tenham acesso a uma educa\u00e7\u00e3o de qualidade, conforme estabelecido na agenda global de desenvolvimento da ONU.<\/p>\n<h2>Transfer\u00eancias e Vagas Dispon\u00edveis<\/h2>\n<p>Os respons\u00e1veis por alunos que j\u00e1 est\u00e3o matriculados na educa\u00e7\u00e3o infantil poder\u00e3o solicitar transfer\u00eancia para o ano letivo de 2027 durante o per\u00edodo de 1\u00ba a 9 de outubro. Esse pedido dever\u00e1 ser realizado pessoalmente na Central de Vagas\/Seduc, localizada na Pra\u00e7a dos Andradas. A transfer\u00eancia est\u00e1 sujeita \u00e0 disponibilidade de vagas e ao zoneamento.<\/p>\n<p>No que diz respeito ao ensino fundamental, a solicita\u00e7\u00e3o de transfer\u00eancia para alunos matriculados na rede municipal tamb\u00e9m deve ser feita a partir de 1\u00ba de setembro, atrav\u00e9s de uma UME mais pr\u00f3xima da nova resid\u00eancia ou pelo portal municipal do sistema Gier, por meio de uma pr\u00e9-inscri\u00e7\u00e3o.<\/p>\n<h2>N\u00facleos de Jornada Ampliada<\/h2>\n<p>Os interessados em vagas nos N\u00facleos de Jornada Ampliada poder\u00e3o realizar as pr\u00e9-inscri\u00e7\u00f5es nas Unidades Municipais de Educa\u00e7\u00e3o (UMEs) indicadas na portaria da Seduc. Esse procedimento ser\u00e1 feito de forma volunt\u00e1ria a partir de 4 de janeiro de 2027, ap\u00f3s a confirma\u00e7\u00e3o da matr\u00edcula na UME. Para se inscrever, o candidato deve acessar o <a href=\"https:\/\/santosportal.gier.com.br\/\">Portal Municipal<\/a> e aguardar a confirma\u00e7\u00e3o de acordo com a disponibilidade de vagas no programa.<\/p>\n<h2>Import\u00e2ncia da Educa\u00e7\u00e3o em Santos<\/h2>\n<p>A educa\u00e7\u00e3o \u00e9 um pilar fundamental para o desenvolvimento social e econ\u00f4mico de qualquer munic\u00edpio. Em Santos, a gest\u00e3o educacional tem se comprometido com a inclus\u00e3o e com a oferta de uma educa\u00e7\u00e3o p\u00fablica de qualidade, promovendo diversas a\u00e7\u00f5es que buscam melhorar a aprendizagem e o bem-estar dos alunos. Essas iniciativas s\u00e3o essenciais para garantir que todas as crian\u00e7as e jovens alcancem seu pleno potencial.<\/p>\n<h2>Atividades e Recursos Educacionais<\/h2>\n<p>A rede municipal de ensino de Santos oferece uma variedade de atividades que visam enriquecer o aprendizado dos alunos. Isso inclui oficinas, esportes, arteterapia, entre outros, que contribuem para o desenvolvimento integral dos estudantes. Al\u00e9m disso, recursos educacionais como bibliotecas e laborat\u00f3rios s\u00e3o disponibilizados para fomentar o aprendizado ativo.<\/p>\n<h2>Requisitos para Matr\u00edcula<\/h2>\n<p>Para que a matr\u00edcula seja efetivada, os candidatos devem cumprir com todos os requisitos estipulados nas portarias, assegurando uma an\u00e1lise correta dos documentos e a adequa\u00e7\u00e3o \u00e0s normas estabelecidas pela Secretaria de Educa\u00e7\u00e3o do Munic\u00edpio.<\/p>\n<h2>Apoio e Diretrizes Educacionais<\/h2>\n<p>A Prefeitura de Santos, por meio da Secretaria de Educa\u00e7\u00e3o, tem como principal diretriz a promo\u00e7\u00e3o de uma educa\u00e7\u00e3o inclusiva e acess\u00edvel a todos. Para isso, disponibiliza suporte \u00e0s fam\u00edlias e orienta\u00e7\u00f5es constantes sobre o processo educativo, assegurando transpar\u00eancia e facilitando a comunica\u00e7\u00e3o entre a institui\u00e7\u00e3o e a comunidade.<\/p>\n\n<div style=\"font-size: 0px; height: 0px; line-height: 0px; margin: 0; padding: 0; clear: both;\"><\/div>","protected":false},"excerpt":{"rendered":"<p>As pr\u00e9-inscri\u00e7\u00f5es na rede municipal de ensino de Santos come\u00e7am hoje!<\/p>\n","protected":false},"author":1,"featured_media":6242,"comment_status":"open","ping_status":"closed","sticky":false,"template":"","format":"standard","meta":{"footnotes":""},"categories":[33],"tags":[],"class_list":["post-6243","post","type-post","status-publish","format-standard","has-post-thumbnail","hentry","category-concursos-em-santos","has_thumb"],"yoast_head":"<!-- This site is optimized with the Yoast SEO plugin v28.2 - https:\/\/yoast.com\/product\/yoast-seo-wordpress\/ -->\n<title>Abertas as pr\u00e9 - Encontra Santos<\/title>\n<meta name=\"robots\" content=\"index, follow, max-snippet:-1, max-image-preview:large, max-video-preview:-1\" \/>\n<link rel=\"canonical\" href=\"https:\/\/www.encontrasantos.com.br\/sobre\/abertas-as-pre\/\" \/>\n<meta property=\"og:locale\" content=\"pt_BR\" \/>\n<meta property=\"og:type\" content=\"article\" \/>\n<meta property=\"og:title\" content=\"Abertas as pr\u00e9 - Encontra Santos\" \/>\n<meta property=\"og:description\" content=\"As pr\u00e9-inscri\u00e7\u00f5es na rede municipal de ensino de Santos come\u00e7am hoje!\" \/>\n<meta property=\"og:url\" content=\"https:\/\/www.encontrasantos.com.br\/sobre\/abertas-as-pre\/\" \/>\n<meta property=\"og:site_name\" content=\"Encontra Santos\" \/>\n<meta property=\"article:published_time\" content=\"2026-09-03T08:28:18+00:00\" \/>\n<meta property=\"og:image\" content=\"https:\/\/www.encontrasantos.com.br\/sobre\/wp-content\/uploads\/2026\/09\/abertas-as-pre.webp\" \/>\n<meta name=\"author\" content=\"Encontra Santos\" \/>\n<meta name=\"twitter:card\" content=\"summary_large_image\" \/>\n<meta name=\"twitter:label1\" content=\"Escrito por\" \/>\n\t<meta name=\"twitter:data1\" content=\"Encontra Santos\" \/>\n\t<meta name=\"twitter:label2\" content=\"Est. tempo de leitura\" \/>\n\t<meta name=\"twitter:data2\" content=\"4 minutos\" \/>\n<script type=\"application\/ld+json\" class=\"yoast-schema-graph\">{\"@context\":\"https:\\\/\\\/schema.org\",\"@graph\":[{\"@type\":\"Article\",\"@id\":\"https:\\\/\\\/www.encontrasantos.com.br\\\/sobre\\\/abertas-as-pre\\\/#article\",\"isPartOf\":{\"@id\":\"https:\\\/\\\/www.encontrasantos.com.br\\\/sobre\\\/abertas-as-pre\\\/\"},\"author\":{\"name\":\"Encontra Santos\",\"@id\":\"https:\\\/\\\/www.encontrasantos.com.br\\\/sobre\\\/#\\\/schema\\\/person\\\/c048a1af2d003b660d350a57d8081717\"},\"headline\":\"Abertas as pr\u00e9\",\"datePublished\":\"2026-09-03T08:28:18+00:00\",\"mainEntityOfPage\":{\"@id\":\"https:\\\/\\\/www.encontrasantos.com.br\\\/sobre\\\/abertas-as-pre\\\/\"},\"wordCount\":768,\"commentCount\":0,\"image\":{\"@id\":\"https:\\\/\\\/www.encontrasantos.com.br\\\/sobre\\\/abertas-as-pre\\\/#primaryimage\"},\"thumbnailUrl\":\"https:\\\/\\\/www.encontrasantos.com.br\\\/sobre\\\/wp-content\\\/uploads\\\/2026\\\/09\\\/abertas-as-pre.webp\",\"articleSection\":[\"Concursos Santos\"],\"inLanguage\":\"pt-BR\",\"potentialAction\":[{\"@type\":\"CommentAction\",\"name\":\"Comment\",\"target\":[\"https:\\\/\\\/www.encontrasantos.com.br\\\/sobre\\\/abertas-as-pre\\\/#respond\"]}]},{\"@type\":\"WebPage\",\"@id\":\"https:\\\/\\\/www.encontrasantos.com.br\\\/sobre\\\/abertas-as-pre\\\/\",\"url\":\"https:\\\/\\\/www.encontrasantos.com.br\\\/sobre\\\/abertas-as-pre\\\/\",\"name\":\"Abertas as pr\u00e9 - Encontra Santos\",\"isPartOf\":{\"@id\":\"https:\\\/\\\/www.encontrasantos.com.br\\\/sobre\\\/#website\"},\"primaryImageOfPage\":{\"@id\":\"https:\\\/\\\/www.encontrasantos.com.br\\\/sobre\\\/abertas-as-pre\\\/#primaryimage\"},\"image\":{\"@id\":\"https:\\\/\\\/www.encontrasantos.com.br\\\/sobre\\\/abertas-as-pre\\\/#primaryimage\"},\"thumbnailUrl\":\"https:\\\/\\\/www.encontrasantos.com.br\\\/sobre\\\/wp-content\\\/uploads\\\/2026\\\/09\\\/abertas-as-pre.webp\",\"datePublished\":\"2026-09-03T08:28:18+00:00\",\"author\":{\"@id\":\"https:\\\/\\\/www.encontrasantos.com.br\\\/sobre\\\/#\\\/schema\\\/person\\\/c048a1af2d003b660d350a57d8081717\"},\"breadcrumb\":{\"@id\":\"https:\\\/\\\/www.encontrasantos.com.br\\\/sobre\\\/abertas-as-pre\\\/#breadcrumb\"},\"inLanguage\":\"pt-BR\",\"potentialAction\":[{\"@type\":\"ReadAction\",\"target\":[\"https:\\\/\\\/www.encontrasantos.com.br\\\/sobre\\\/abertas-as-pre\\\/\"]}]},{\"@type\":\"ImageObject\",\"inLanguage\":\"pt-BR\",\"@id\":\"https:\\\/\\\/www.encontrasantos.com.br\\\/sobre\\\/abertas-as-pre\\\/#primaryimage\",\"url\":\"https:\\\/\\\/www.encontrasantos.com.br\\\/sobre\\\/wp-content\\\/uploads\\\/2026\\\/09\\\/abertas-as-pre.webp\",\"contentUrl\":\"https:\\\/\\\/www.encontrasantos.com.br\\\/sobre\\\/wp-content\\\/uploads\\\/2026\\\/09\\\/abertas-as-pre.webp\",\"width\":280,\"height\":280,\"caption\":\"matr\u00edculas na rede municipal de ensino de Santos\"},{\"@type\":\"BreadcrumbList\",\"@id\":\"https:\\\/\\\/www.encontrasantos.com.br\\\/sobre\\\/abertas-as-pre\\\/#breadcrumb\",\"itemListElement\":[{\"@type\":\"ListItem\",\"position\":1,\"name\":\"In\u00edcio\",\"item\":\"https:\\\/\\\/www.encontrasantos.com.br\\\/sobre\\\/\"},{\"@type\":\"ListItem\",\"position\":2,\"name\":\"Abertas as pr\u00e9\"}]},{\"@type\":\"WebSite\",\"@id\":\"https:\\\/\\\/www.encontrasantos.com.br\\\/sobre\\\/#website\",\"url\":\"https:\\\/\\\/www.encontrasantos.com.br\\\/sobre\\\/\",\"name\":\"Encontra Santos\",\"description\":\"Not\u00edcias, eventos, informa\u00e7\u00f5es e dicas na cidade de Santos e regi\u00e3o\",\"potentialAction\":[{\"@type\":\"SearchAction\",\"target\":{\"@type\":\"EntryPoint\",\"urlTemplate\":\"https:\\\/\\\/www.encontrasantos.com.br\\\/sobre\\\/?s={search_term_string}\"},\"query-input\":{\"@type\":\"PropertyValueSpecification\",\"valueRequired\":true,\"valueName\":\"search_term_string\"}}],\"inLanguage\":\"pt-BR\"},{\"@type\":\"Person\",\"@id\":\"https:\\\/\\\/www.encontrasantos.com.br\\\/sobre\\\/#\\\/schema\\\/person\\\/c048a1af2d003b660d350a57d8081717\",\"name\":\"Encontra Santos\",\"image\":{\"@type\":\"ImageObject\",\"inLanguage\":\"pt-BR\",\"@id\":\"https:\\\/\\\/secure.gravatar.com\\\/avatar\\\/507340682b8270222e1f208e23198b6ae7e2c6a1033ae84e99bc6bce4f82a387?s=96&d=mm&r=g\",\"url\":\"https:\\\/\\\/secure.gravatar.com\\\/avatar\\\/507340682b8270222e1f208e23198b6ae7e2c6a1033ae84e99bc6bce4f82a387?s=96&d=mm&r=g\",\"contentUrl\":\"https:\\\/\\\/secure.gravatar.com\\\/avatar\\\/507340682b8270222e1f208e23198b6ae7e2c6a1033ae84e99bc6bce4f82a387?s=96&d=mm&r=g\",\"caption\":\"Encontra Santos\"},\"sameAs\":[\"http:\\\/\\\/www.encontrasantos.com.br\"],\"url\":\"https:\\\/\\\/www.encontrasantos.com.br\\\/sobre\\\/author\\\/esantos\\\/\"}]}<\/script>\n<!-- \/ Yoast SEO plugin. -->","yoast_head_json":{"title":"Abertas as pr\u00e9 - Encontra Santos","robots":{"index":"index","follow":"follow","max-snippet":"max-snippet:-1","max-image-preview":"max-image-preview:large","max-video-preview":"max-video-preview:-1"},"canonical":"https:\/\/www.encontrasantos.com.br\/sobre\/abertas-as-pre\/","og_locale":"pt_BR","og_type":"article","og_title":"Abertas as pr\u00e9 - Encontra Santos","og_description":"As pr\u00e9-inscri\u00e7\u00f5es na rede municipal de ensino de Santos come\u00e7am hoje!","og_url":"https:\/\/www.encontrasantos.com.br\/sobre\/abertas-as-pre\/","og_site_name":"Encontra Santos","article_published_time":"2026-09-03T08:28:18+00:00","og_image":[{"url":"https:\/\/www.encontrasantos.com.br\/sobre\/wp-content\/uploads\/2026\/09\/abertas-as-pre.webp","type":"","width":"","height":""}],"author":"Encontra Santos","twitter_card":"summary_large_image","twitter_misc":{"Escrito por":"Encontra Santos","Est. tempo de leitura":"4 minutos"},"schema":{"@context":"https:\/\/schema.org","@graph":[{"@type":"Article","@id":"https:\/\/www.encontrasantos.com.br\/sobre\/abertas-as-pre\/#article","isPartOf":{"@id":"https:\/\/www.encontrasantos.com.br\/sobre\/abertas-as-pre\/"},"author":{"name":"Encontra Santos","@id":"https:\/\/www.encontrasantos.com.br\/sobre\/#\/schema\/person\/c048a1af2d003b660d350a57d8081717"},"headline":"Abertas as pr\u00e9","datePublished":"2026-09-03T08:28:18+00:00","mainEntityOfPage":{"@id":"https:\/\/www.encontrasantos.com.br\/sobre\/abertas-as-pre\/"},"wordCount":768,"commentCount":0,"image":{"@id":"https:\/\/www.encontrasantos.com.br\/sobre\/abertas-as-pre\/#primaryimage"},"thumbnailUrl":"https:\/\/www.encontrasantos.com.br\/sobre\/wp-content\/uploads\/2026\/09\/abertas-as-pre.webp","articleSection":["Concursos Santos"],"inLanguage":"pt-BR","potentialAction":[{"@type":"CommentAction","name":"Comment","target":["https:\/\/www.encontrasantos.com.br\/sobre\/abertas-as-pre\/#respond"]}]},{"@type":"WebPage","@id":"https:\/\/www.encontrasantos.com.br\/sobre\/abertas-as-pre\/","url":"https:\/\/www.encontrasantos.com.br\/sobre\/abertas-as-pre\/","name":"Abertas as pr\u00e9 - Encontra Santos","isPartOf":{"@id":"https:\/\/www.encontrasantos.com.br\/sobre\/#website"},"primaryImageOfPage":{"@id":"https:\/\/www.encontrasantos.com.br\/sobre\/abertas-as-pre\/#primaryimage"},"image":{"@id":"https:\/\/www.encontrasantos.com.br\/sobre\/abertas-as-pre\/#primaryimage"},"thumbnailUrl":"https:\/\/www.encontrasantos.com.br\/sobre\/wp-content\/uploads\/2026\/09\/abertas-as-pre.webp","datePublished":"2026-09-03T08:28:18+00:00","author":{"@id":"https:\/\/www.encontrasantos.com.br\/sobre\/#\/schema\/person\/c048a1af2d003b660d350a57d8081717"},"breadcrumb":{"@id":"https:\/\/www.encontrasantos.com.br\/sobre\/abertas-as-pre\/#breadcrumb"},"inLanguage":"pt-BR","potentialAction":[{"@type":"ReadAction","target":["https:\/\/www.encontrasantos.com.br\/sobre\/abertas-as-pre\/"]}]},{"@type":"ImageObject","inLanguage":"pt-BR","@id":"https:\/\/www.encontrasantos.com.br\/sobre\/abertas-as-pre\/#primaryimage","url":"https:\/\/www.encontrasantos.com.br\/sobre\/wp-content\/uploads\/2026\/09\/abertas-as-pre.webp","contentUrl":"https:\/\/www.encontrasantos.com.br\/sobre\/wp-content\/uploads\/2026\/09\/abertas-as-pre.webp","width":280,"height":280,"caption":"matr\u00edculas na rede municipal de ensino de Santos"},{"@type":"BreadcrumbList","@id":"https:\/\/www.encontrasantos.com.br\/sobre\/abertas-as-pre\/#breadcrumb","itemListElement":[{"@type":"ListItem","position":1,"name":"In\u00edcio","item":"https:\/\/www.encontrasantos.com.br\/sobre\/"},{"@type":"ListItem","position":2,"name":"Abertas as pr\u00e9"}]},{"@type":"WebSite","@id":"https:\/\/www.encontrasantos.com.br\/sobre\/#website","url":"https:\/\/www.encontrasantos.com.br\/sobre\/","name":"Encontra Santos","description":"Not\u00edcias, eventos, informa\u00e7\u00f5es e dicas na cidade de Santos e regi\u00e3o","potentialAction":[{"@type":"SearchAction","target":{"@type":"EntryPoint","urlTemplate":"https:\/\/www.encontrasantos.com.br\/sobre\/?s={search_term_string}"},"query-input":{"@type":"PropertyValueSpecification","valueRequired":true,"valueName":"search_term_string"}}],"inLanguage":"pt-BR"},{"@type":"Person","@id":"https:\/\/www.encontrasantos.com.br\/sobre\/#\/schema\/person\/c048a1af2d003b660d350a57d8081717","name":"Encontra Santos","image":{"@type":"ImageObject","inLanguage":"pt-BR","@id":"https:\/\/secure.gravatar.com\/avatar\/507340682b8270222e1f208e23198b6ae7e2c6a1033ae84e99bc6bce4f82a387?s=96&d=mm&r=g","url":"https:\/\/secure.gravatar.com\/avatar\/507340682b8270222e1f208e23198b6ae7e2c6a1033ae84e99bc6bce4f82a387?s=96&d=mm&r=g","contentUrl":"https:\/\/secure.gravatar.com\/avatar\/507340682b8270222e1f208e23198b6ae7e2c6a1033ae84e99bc6bce4f82a387?s=96&d=mm&r=g","caption":"Encontra Santos"},"sameAs":["http:\/\/www.encontrasantos.com.br"],"url":"https:\/\/www.encontrasantos.com.br\/sobre\/author\/esantos\/"}]}},"_links":{"self":[{"href":"https:\/\/www.encontrasantos.com.br\/sobre\/wp-json\/wp\/v2\/posts\/6243","targetHints":{"allow":["GET"]}}],"collection":[{"href":"https:\/\/www.encontrasantos.com.br\/sobre\/wp-json\/wp\/v2\/posts"}],"about":[{"href":"https:\/\/www.encontrasantos.com.br\/sobre\/wp-json\/wp\/v2\/types\/post"}],"author":[{"embeddable":true,"href":"https:\/\/www.encontrasantos.com.br\/sobre\/wp-json\/wp\/v2\/users\/1"}],"replies":[{"embeddable":true,"href":"https:\/\/www.encontrasantos.com.br\/sobre\/wp-json\/wp\/v2\/comments?post=6243"}],"version-history":[{"count":0,"href":"https:\/\/www.encontrasantos.com.br\/sobre\/wp-json\/wp\/v2\/posts\/6243\/revisions"}],"wp:featuredmedia":[{"embeddable":true,"href":"https:\/\/www.encontrasantos.com.br\/sobre\/wp-json\/wp\/v2\/media\/6242"}],"wp:attachment":[{"href":"https:\/\/www.encontrasantos.com.br\/sobre\/wp-json\/wp\/v2\/media?parent=6243"}],"wp:term":[{"taxonomy":"category","embeddable":true,"href":"https:\/\/www.encontrasantos.com.br\/sobre\/wp-json\/wp\/v2\/categories?post=6243"},{"taxonomy":"post_tag","embeddable":true,"href":"https:\/\/www.encontrasantos.com.br\/sobre\/wp-json\/wp\/v2\/tags?post=6243"}],"curies":[{"name":"wp","href":"https:\/\/api.w.org\/{rel}","templated":true}]}}