{"id":6237,"date":"2026-09-02T05:28:17","date_gmt":"2026-09-02T08:28:17","guid":{"rendered":"https:\/\/www.encontrasantos.com.br\/sobre\/santos-e-sao-lourenco-do-sul-trocam-experiencias-sobre-ods-e-resiliencia-climatica\/"},"modified":"2026-09-02T05:28:17","modified_gmt":"2026-09-02T08:28:17","slug":"santos-e-sao-lourenco-do-sul-trocam-experiencias-sobre-ods-e-resiliencia-climatica","status":"publish","type":"post","link":"https:\/\/www.encontrasantos.com.br\/sobre\/santos-e-sao-lourenco-do-sul-trocam-experiencias-sobre-ods-e-resiliencia-climatica\/","title":{"rendered":"Santos e S\u00e3o Louren\u00e7o do Sul trocam experi\u00eancias sobre ODS e resili\u00eancia clim\u00e1tica"},"content":{"rendered":"<div class=\"79600775c85722932cbf26dff21860fb\" data-index=\"1\" style=\"float: none; margin:0px;\">\n<!-- Anuncio display - global -->\r\n<ins class=\"adsbygoogle\"\r\n     style=\"display:block\"\r\n     data-ad-client=\"ca-pub-8585364105181520\"\r\n     data-ad-slot=\"8789329856\"\r\n     data-ad-format=\"auto\"\r\n     data-full-width-responsive=\"true\"><\/ins>\r\n<script>\r\n     (adsbygoogle = window.adsbygoogle || []).push({});\r\n<\/script>\n<\/div>\n<h2>O que s\u00e3o os ODS?<\/h2>\n<p>Os <strong>Objetivos de Desenvolvimento Sustent\u00e1vel (ODS)<\/strong> foram criados pela Organiza\u00e7\u00e3o das Na\u00e7\u00f5es Unidas (ONU) em 2015, com a finalidade de promover o desenvolvimento econ\u00f4mico, social e ambiental at\u00e9 2030. Com um total de 17 objetivos, eles abordam quest\u00f5es que v\u00e3o desde a erradica\u00e7\u00e3o da pobreza e fome at\u00e9 a promo\u00e7\u00e3o da igualdade de g\u00eanero e a\u00e7\u00f5es contra as mudan\u00e7as clim\u00e1ticas.<\/p>\n<h2>Import\u00e2ncia da resili\u00eancia clim\u00e1tica<\/h2>\n<p>A <strong>resili\u00eancia clim\u00e1tica<\/strong> refere-se \u00e0 capacidade de sistemas ecol\u00f3gicos, sociais e econ\u00f4micos de se adaptar \u00e0s mudan\u00e7as clim\u00e1ticas, minimizando seus impactos. Em um mundo em constante mudan\u00e7a, fortalecer essa resili\u00eancia \u00e9 vital para garantir que as comunidades possam sobreviver e prosperar diante de eventos clim\u00e1ticos extremos, como enchentes, secas e tempestades.<\/p>\n<h2>Colabora\u00e7\u00e3o entre cidades<\/h2>\n<p>A <strong>coopera\u00e7\u00e3o entre diferentes cidades<\/strong> \u00e9 essencial para enfrentar os desafios impostos pelas mudan\u00e7as clim\u00e1ticas. As cidades podem trocar experi\u00eancias e melhores pr\u00e1ticas sobre como implementar os ODS, contribuindo para solu\u00e7\u00f5es inovadoras em gest\u00e3o de recursos e planejamento urbano sustent\u00e1vel. A troca de saberes entre cidades como Santos e S\u00e3o Louren\u00e7o do Sul exemplifica como a colabora\u00e7\u00e3o pode multiplicar os efeitos positivos dessas iniciativas.<\/p>\n<p><img decoding=\"async\" src=\"https:\/\/www.encontrasantos.com.br\/sobre\/wp-content\/uploads\/2026\/09\/santos-e-sao-lourenco-do-sul-trocam-experiencias-sobre-ods-e-resiliencia-climatica.webp\" alt=\"ODS e resili\u00eancia clim\u00e1tica\" loading=\"lazy\" \/><\/p>\n<h2>Gest\u00e3o p\u00fablica eficaz<\/h2>\n<p>Uma <strong>gest\u00e3o p\u00fablica eficaz<\/strong> \u00e9 fundamental para o sucesso na implementa\u00e7\u00e3o dos ODS. Isso envolve n\u00e3o apenas a cria\u00e7\u00e3o de pol\u00edticas mais integradas e sustent\u00e1veis, mas tamb\u00e9m a participa\u00e7\u00e3o ativa da comunidade. Governos locais devem fomentar a transpar\u00eancia e a inclus\u00e3o na tomada de decis\u00f5es, garantindo que todos os setores da sociedade participem no processo de desenvolvimento.<\/p>\n<h2>Experi\u00eancias de Santos<\/h2>\n<p>Santos, uma cidade costeira em S\u00e3o Paulo, possui uma agenda proativa em rela\u00e7\u00e3o aos ODS. Com investimentos em infraestrutura verde e solu\u00e7\u00f5es sustent\u00e1veis, a cidade tem se destacado na gest\u00e3o de servi\u00e7os p\u00fablicos e na preserva\u00e7\u00e3o ambiental. Essas experi\u00eancias tornam-se um aprendizado valioso para outras cidades que buscam se adaptar em um mundo afetado por desastres naturais.<\/p>\n<h2>Solu\u00e7\u00f5es sustent\u00e1veis<\/h2>\n<p>As <strong>solu\u00e7\u00f5es sustent\u00e1veis<\/strong> englobam diversas \u00e1reas, desde o tratamento de \u00e1gua at\u00e9 a energia renov\u00e1vel. Cidades est\u00e3o adotando tecnologias para aumentar a efici\u00eancia dos servi\u00e7os p\u00fablicos, como a coleta de res\u00edduos e o consumo de energia. Essas inova\u00e7\u00f5es n\u00e3o apenas ajudam a reduzir custos, mas tamb\u00e9m minimizam a pegada de carbono das comunidades.<\/p>\n<h2>Telemetria na gest\u00e3o de recursos<\/h2>\n<p>A <strong>telemetria<\/strong> tem emergido como uma ferramenta poderosa na administra\u00e7\u00e3o dos recursos urbanos. Essa tecnologia permite o monitoramento em tempo real de servi\u00e7os como abastecimento de \u00e1gua e gest\u00e3o de res\u00edduos, possibilitando uma resposta mais \u00e1gil a problemas e uma gest\u00e3o mais respons\u00e1vel dos recursos naturais. Cidades que implementam essa tecnologia conseguem otimizar suas opera\u00e7\u00f5es e atender melhor \u00e0s necessidades da popula\u00e7\u00e3o.<\/p>\n<h2>Desafios das mudan\u00e7as clim\u00e1ticas<\/h2>\n<p>Os <strong>desafios enfrentados devido \u00e0s mudan\u00e7as clim\u00e1ticas<\/strong> incluem o aumento da frequ\u00eancia e intensidade de eventos clim\u00e1ticos extremos, como tempestades e secas severas. As cidades precisam desenvolver estrat\u00e9gias de adapta\u00e7\u00e3o que n\u00e3o apenas mitiguem esses impactos, mas tamb\u00e9m preparem as comunidades para os desafios futuros. O fortalecimento das infraestruturas e a elabora\u00e7\u00e3o de planos de emerg\u00eancia s\u00e3o passos cruciais nessa dire\u00e7\u00e3o.<\/p>\n<h2>Integra\u00e7\u00e3o de \u00f3rg\u00e3os p\u00fablicos e sociedade<\/h2>\n<p>Para que a implementa\u00e7\u00e3o dos ODS seja eficaz, \u00e9 imprescind\u00edvel a <strong>integra\u00e7\u00e3o entre \u00f3rg\u00e3os p\u00fablicos e a sociedade civil<\/strong>. Essa colabora\u00e7\u00e3o deve ocorrer em v\u00e1rias etapas, desde a elabora\u00e7\u00e3o de pol\u00edticas at\u00e9 a fiscaliza\u00e7\u00e3o da execu\u00e7\u00e3o. A participa\u00e7\u00e3o cidad\u00e3 n\u00e3o s\u00f3 enriquece a discuss\u00e3o, mas tamb\u00e9m fortalece o compromisso da sociedade com os objetivos propostos.<\/p>\n<h2>O futuro do desenvolvimento sustent\u00e1vel<\/h2>\n<p>O <strong>desenvolvimento sustent\u00e1vel<\/strong> deve ser uma prioridade global, com investimentos que garantam um futuro equilibrado para os pr\u00f3ximos anos. Para isso, \u00e9 fundamental que a popula\u00e7\u00e3o continue engajada e que as cidades adotem pr\u00e1ticas inovadoras em suas administra\u00e7\u00f5es. A constru\u00e7\u00e3o de um futuro sustent\u00e1vel \u00e9 uma responsabilidade coletiva que exige determina\u00e7\u00e3o e a\u00e7\u00e3o em todos os n\u00edveis da sociedade.<\/p>\n\n<div style=\"font-size: 0px; height: 0px; line-height: 0px; margin: 0; padding: 0; clear: both;\"><\/div>","protected":false},"excerpt":{"rendered":"<p>ODS e resili\u00eancia clim\u00e1tica em foco na troca de experi\u00eancias entre Santos e S\u00e3o Louren\u00e7o do Sul.<\/p>\n","protected":false},"author":1,"featured_media":6236,"comment_status":"open","ping_status":"closed","sticky":false,"template":"","format":"standard","meta":{"footnotes":""},"categories":[18],"tags":[],"class_list":["post-6237","post","type-post","status-publish","format-standard","has-post-thumbnail","hentry","category-cultura-em-santos","has_thumb"],"yoast_head":"<!-- This site is optimized with the Yoast SEO plugin v28.2 - https:\/\/yoast.com\/product\/yoast-seo-wordpress\/ -->\n<title>Santos e S\u00e3o Louren\u00e7o do Sul trocam experi\u00eancias sobre ODS e resili\u00eancia clim\u00e1tica - Encontra Santos<\/title>\n<meta name=\"robots\" content=\"index, follow, max-snippet:-1, max-image-preview:large, max-video-preview:-1\" \/>\n<link rel=\"canonical\" href=\"https:\/\/www.encontrasantos.com.br\/sobre\/santos-e-sao-lourenco-do-sul-trocam-experiencias-sobre-ods-e-resiliencia-climatica\/\" \/>\n<meta property=\"og:locale\" content=\"pt_BR\" \/>\n<meta property=\"og:type\" content=\"article\" \/>\n<meta property=\"og:title\" content=\"Santos e S\u00e3o Louren\u00e7o do Sul trocam experi\u00eancias sobre ODS e resili\u00eancia clim\u00e1tica - Encontra Santos\" \/>\n<meta property=\"og:description\" content=\"ODS e resili\u00eancia clim\u00e1tica em foco na troca de experi\u00eancias entre Santos e S\u00e3o Louren\u00e7o do Sul.\" \/>\n<meta property=\"og:url\" content=\"https:\/\/www.encontrasantos.com.br\/sobre\/santos-e-sao-lourenco-do-sul-trocam-experiencias-sobre-ods-e-resiliencia-climatica\/\" \/>\n<meta property=\"og:site_name\" content=\"Encontra Santos\" \/>\n<meta property=\"article:published_time\" content=\"2026-09-02T08:28:17+00:00\" \/>\n<meta property=\"og:image\" content=\"https:\/\/www.encontrasantos.com.br\/sobre\/wp-content\/uploads\/2026\/09\/santos-e-sao-lourenco-do-sul-trocam-experiencias-sobre-ods-e-resiliencia-climatica.webp\" \/>\n<meta name=\"author\" content=\"Encontra Santos\" \/>\n<meta name=\"twitter:card\" content=\"summary_large_image\" \/>\n<meta name=\"twitter:label1\" content=\"Escrito por\" \/>\n\t<meta name=\"twitter:data1\" content=\"Encontra Santos\" \/>\n\t<meta name=\"twitter:label2\" content=\"Est. tempo de leitura\" \/>\n\t<meta name=\"twitter:data2\" content=\"4 minutos\" \/>\n<script type=\"application\/ld+json\" class=\"yoast-schema-graph\">{\"@context\":\"https:\\\/\\\/schema.org\",\"@graph\":[{\"@type\":\"Article\",\"@id\":\"https:\\\/\\\/www.encontrasantos.com.br\\\/sobre\\\/santos-e-sao-lourenco-do-sul-trocam-experiencias-sobre-ods-e-resiliencia-climatica\\\/#article\",\"isPartOf\":{\"@id\":\"https:\\\/\\\/www.encontrasantos.com.br\\\/sobre\\\/santos-e-sao-lourenco-do-sul-trocam-experiencias-sobre-ods-e-resiliencia-climatica\\\/\"},\"author\":{\"name\":\"Encontra Santos\",\"@id\":\"https:\\\/\\\/www.encontrasantos.com.br\\\/sobre\\\/#\\\/schema\\\/person\\\/c048a1af2d003b660d350a57d8081717\"},\"headline\":\"Santos e S\u00e3o Louren\u00e7o do Sul trocam experi\u00eancias sobre ODS e resili\u00eancia clim\u00e1tica\",\"datePublished\":\"2026-09-02T08:28:17+00:00\",\"mainEntityOfPage\":{\"@id\":\"https:\\\/\\\/www.encontrasantos.com.br\\\/sobre\\\/santos-e-sao-lourenco-do-sul-trocam-experiencias-sobre-ods-e-resiliencia-climatica\\\/\"},\"wordCount\":753,\"commentCount\":0,\"image\":{\"@id\":\"https:\\\/\\\/www.encontrasantos.com.br\\\/sobre\\\/santos-e-sao-lourenco-do-sul-trocam-experiencias-sobre-ods-e-resiliencia-climatica\\\/#primaryimage\"},\"thumbnailUrl\":\"https:\\\/\\\/www.encontrasantos.com.br\\\/sobre\\\/wp-content\\\/uploads\\\/2026\\\/09\\\/santos-e-sao-lourenco-do-sul-trocam-experiencias-sobre-ods-e-resiliencia-climatica.webp\",\"articleSection\":[\"Cultura Santos\"],\"inLanguage\":\"pt-BR\",\"potentialAction\":[{\"@type\":\"CommentAction\",\"name\":\"Comment\",\"target\":[\"https:\\\/\\\/www.encontrasantos.com.br\\\/sobre\\\/santos-e-sao-lourenco-do-sul-trocam-experiencias-sobre-ods-e-resiliencia-climatica\\\/#respond\"]}]},{\"@type\":\"WebPage\",\"@id\":\"https:\\\/\\\/www.encontrasantos.com.br\\\/sobre\\\/santos-e-sao-lourenco-do-sul-trocam-experiencias-sobre-ods-e-resiliencia-climatica\\\/\",\"url\":\"https:\\\/\\\/www.encontrasantos.com.br\\\/sobre\\\/santos-e-sao-lourenco-do-sul-trocam-experiencias-sobre-ods-e-resiliencia-climatica\\\/\",\"name\":\"Santos e S\u00e3o Louren\u00e7o do Sul trocam experi\u00eancias sobre ODS e resili\u00eancia clim\u00e1tica - Encontra Santos\",\"isPartOf\":{\"@id\":\"https:\\\/\\\/www.encontrasantos.com.br\\\/sobre\\\/#website\"},\"primaryImageOfPage\":{\"@id\":\"https:\\\/\\\/www.encontrasantos.com.br\\\/sobre\\\/santos-e-sao-lourenco-do-sul-trocam-experiencias-sobre-ods-e-resiliencia-climatica\\\/#primaryimage\"},\"image\":{\"@id\":\"https:\\\/\\\/www.encontrasantos.com.br\\\/sobre\\\/santos-e-sao-lourenco-do-sul-trocam-experiencias-sobre-ods-e-resiliencia-climatica\\\/#primaryimage\"},\"thumbnailUrl\":\"https:\\\/\\\/www.encontrasantos.com.br\\\/sobre\\\/wp-content\\\/uploads\\\/2026\\\/09\\\/santos-e-sao-lourenco-do-sul-trocam-experiencias-sobre-ods-e-resiliencia-climatica.webp\",\"datePublished\":\"2026-09-02T08:28:17+00:00\",\"author\":{\"@id\":\"https:\\\/\\\/www.encontrasantos.com.br\\\/sobre\\\/#\\\/schema\\\/person\\\/c048a1af2d003b660d350a57d8081717\"},\"breadcrumb\":{\"@id\":\"https:\\\/\\\/www.encontrasantos.com.br\\\/sobre\\\/santos-e-sao-lourenco-do-sul-trocam-experiencias-sobre-ods-e-resiliencia-climatica\\\/#breadcrumb\"},\"inLanguage\":\"pt-BR\",\"potentialAction\":[{\"@type\":\"ReadAction\",\"target\":[\"https:\\\/\\\/www.encontrasantos.com.br\\\/sobre\\\/santos-e-sao-lourenco-do-sul-trocam-experiencias-sobre-ods-e-resiliencia-climatica\\\/\"]}]},{\"@type\":\"ImageObject\",\"inLanguage\":\"pt-BR\",\"@id\":\"https:\\\/\\\/www.encontrasantos.com.br\\\/sobre\\\/santos-e-sao-lourenco-do-sul-trocam-experiencias-sobre-ods-e-resiliencia-climatica\\\/#primaryimage\",\"url\":\"https:\\\/\\\/www.encontrasantos.com.br\\\/sobre\\\/wp-content\\\/uploads\\\/2026\\\/09\\\/santos-e-sao-lourenco-do-sul-trocam-experiencias-sobre-ods-e-resiliencia-climatica.webp\",\"contentUrl\":\"https:\\\/\\\/www.encontrasantos.com.br\\\/sobre\\\/wp-content\\\/uploads\\\/2026\\\/09\\\/santos-e-sao-lourenco-do-sul-trocam-experiencias-sobre-ods-e-resiliencia-climatica.webp\",\"width\":280,\"height\":280,\"caption\":\"ODS e resili\u00eancia clim\u00e1tica\"},{\"@type\":\"BreadcrumbList\",\"@id\":\"https:\\\/\\\/www.encontrasantos.com.br\\\/sobre\\\/santos-e-sao-lourenco-do-sul-trocam-experiencias-sobre-ods-e-resiliencia-climatica\\\/#breadcrumb\",\"itemListElement\":[{\"@type\":\"ListItem\",\"position\":1,\"name\":\"In\u00edcio\",\"item\":\"https:\\\/\\\/www.encontrasantos.com.br\\\/sobre\\\/\"},{\"@type\":\"ListItem\",\"position\":2,\"name\":\"Santos e S\u00e3o Louren\u00e7o do Sul trocam experi\u00eancias sobre ODS e resili\u00eancia clim\u00e1tica\"}]},{\"@type\":\"WebSite\",\"@id\":\"https:\\\/\\\/www.encontrasantos.com.br\\\/sobre\\\/#website\",\"url\":\"https:\\\/\\\/www.encontrasantos.com.br\\\/sobre\\\/\",\"name\":\"Encontra Santos\",\"description\":\"Not\u00edcias, eventos, informa\u00e7\u00f5es e dicas na cidade de Santos e regi\u00e3o\",\"potentialAction\":[{\"@type\":\"SearchAction\",\"target\":{\"@type\":\"EntryPoint\",\"urlTemplate\":\"https:\\\/\\\/www.encontrasantos.com.br\\\/sobre\\\/?s={search_term_string}\"},\"query-input\":{\"@type\":\"PropertyValueSpecification\",\"valueRequired\":true,\"valueName\":\"search_term_string\"}}],\"inLanguage\":\"pt-BR\"},{\"@type\":\"Person\",\"@id\":\"https:\\\/\\\/www.encontrasantos.com.br\\\/sobre\\\/#\\\/schema\\\/person\\\/c048a1af2d003b660d350a57d8081717\",\"name\":\"Encontra Santos\",\"image\":{\"@type\":\"ImageObject\",\"inLanguage\":\"pt-BR\",\"@id\":\"https:\\\/\\\/secure.gravatar.com\\\/avatar\\\/507340682b8270222e1f208e23198b6ae7e2c6a1033ae84e99bc6bce4f82a387?s=96&d=mm&r=g\",\"url\":\"https:\\\/\\\/secure.gravatar.com\\\/avatar\\\/507340682b8270222e1f208e23198b6ae7e2c6a1033ae84e99bc6bce4f82a387?s=96&d=mm&r=g\",\"contentUrl\":\"https:\\\/\\\/secure.gravatar.com\\\/avatar\\\/507340682b8270222e1f208e23198b6ae7e2c6a1033ae84e99bc6bce4f82a387?s=96&d=mm&r=g\",\"caption\":\"Encontra Santos\"},\"sameAs\":[\"http:\\\/\\\/www.encontrasantos.com.br\"],\"url\":\"https:\\\/\\\/www.encontrasantos.com.br\\\/sobre\\\/author\\\/esantos\\\/\"}]}<\/script>\n<!-- \/ Yoast SEO plugin. -->","yoast_head_json":{"title":"Santos e S\u00e3o Louren\u00e7o do Sul trocam experi\u00eancias sobre ODS e resili\u00eancia clim\u00e1tica - Encontra Santos","robots":{"index":"index","follow":"follow","max-snippet":"max-snippet:-1","max-image-preview":"max-image-preview:large","max-video-preview":"max-video-preview:-1"},"canonical":"https:\/\/www.encontrasantos.com.br\/sobre\/santos-e-sao-lourenco-do-sul-trocam-experiencias-sobre-ods-e-resiliencia-climatica\/","og_locale":"pt_BR","og_type":"article","og_title":"Santos e S\u00e3o Louren\u00e7o do Sul trocam experi\u00eancias sobre ODS e resili\u00eancia clim\u00e1tica - Encontra Santos","og_description":"ODS e resili\u00eancia clim\u00e1tica em foco na troca de experi\u00eancias entre Santos e S\u00e3o Louren\u00e7o do Sul.","og_url":"https:\/\/www.encontrasantos.com.br\/sobre\/santos-e-sao-lourenco-do-sul-trocam-experiencias-sobre-ods-e-resiliencia-climatica\/","og_site_name":"Encontra Santos","article_published_time":"2026-09-02T08:28:17+00:00","og_image":[{"url":"https:\/\/www.encontrasantos.com.br\/sobre\/wp-content\/uploads\/2026\/09\/santos-e-sao-lourenco-do-sul-trocam-experiencias-sobre-ods-e-resiliencia-climatica.webp","type":"","width":"","height":""}],"author":"Encontra Santos","twitter_card":"summary_large_image","twitter_misc":{"Escrito por":"Encontra Santos","Est. tempo de leitura":"4 minutos"},"schema":{"@context":"https:\/\/schema.org","@graph":[{"@type":"Article","@id":"https:\/\/www.encontrasantos.com.br\/sobre\/santos-e-sao-lourenco-do-sul-trocam-experiencias-sobre-ods-e-resiliencia-climatica\/#article","isPartOf":{"@id":"https:\/\/www.encontrasantos.com.br\/sobre\/santos-e-sao-lourenco-do-sul-trocam-experiencias-sobre-ods-e-resiliencia-climatica\/"},"author":{"name":"Encontra Santos","@id":"https:\/\/www.encontrasantos.com.br\/sobre\/#\/schema\/person\/c048a1af2d003b660d350a57d8081717"},"headline":"Santos e S\u00e3o Louren\u00e7o do Sul trocam experi\u00eancias sobre ODS e resili\u00eancia clim\u00e1tica","datePublished":"2026-09-02T08:28:17+00:00","mainEntityOfPage":{"@id":"https:\/\/www.encontrasantos.com.br\/sobre\/santos-e-sao-lourenco-do-sul-trocam-experiencias-sobre-ods-e-resiliencia-climatica\/"},"wordCount":753,"commentCount":0,"image":{"@id":"https:\/\/www.encontrasantos.com.br\/sobre\/santos-e-sao-lourenco-do-sul-trocam-experiencias-sobre-ods-e-resiliencia-climatica\/#primaryimage"},"thumbnailUrl":"https:\/\/www.encontrasantos.com.br\/sobre\/wp-content\/uploads\/2026\/09\/santos-e-sao-lourenco-do-sul-trocam-experiencias-sobre-ods-e-resiliencia-climatica.webp","articleSection":["Cultura Santos"],"inLanguage":"pt-BR","potentialAction":[{"@type":"CommentAction","name":"Comment","target":["https:\/\/www.encontrasantos.com.br\/sobre\/santos-e-sao-lourenco-do-sul-trocam-experiencias-sobre-ods-e-resiliencia-climatica\/#respond"]}]},{"@type":"WebPage","@id":"https:\/\/www.encontrasantos.com.br\/sobre\/santos-e-sao-lourenco-do-sul-trocam-experiencias-sobre-ods-e-resiliencia-climatica\/","url":"https:\/\/www.encontrasantos.com.br\/sobre\/santos-e-sao-lourenco-do-sul-trocam-experiencias-sobre-ods-e-resiliencia-climatica\/","name":"Santos e S\u00e3o Louren\u00e7o do Sul trocam experi\u00eancias sobre ODS e resili\u00eancia clim\u00e1tica - Encontra Santos","isPartOf":{"@id":"https:\/\/www.encontrasantos.com.br\/sobre\/#website"},"primaryImageOfPage":{"@id":"https:\/\/www.encontrasantos.com.br\/sobre\/santos-e-sao-lourenco-do-sul-trocam-experiencias-sobre-ods-e-resiliencia-climatica\/#primaryimage"},"image":{"@id":"https:\/\/www.encontrasantos.com.br\/sobre\/santos-e-sao-lourenco-do-sul-trocam-experiencias-sobre-ods-e-resiliencia-climatica\/#primaryimage"},"thumbnailUrl":"https:\/\/www.encontrasantos.com.br\/sobre\/wp-content\/uploads\/2026\/09\/santos-e-sao-lourenco-do-sul-trocam-experiencias-sobre-ods-e-resiliencia-climatica.webp","datePublished":"2026-09-02T08:28:17+00:00","author":{"@id":"https:\/\/www.encontrasantos.com.br\/sobre\/#\/schema\/person\/c048a1af2d003b660d350a57d8081717"},"breadcrumb":{"@id":"https:\/\/www.encontrasantos.com.br\/sobre\/santos-e-sao-lourenco-do-sul-trocam-experiencias-sobre-ods-e-resiliencia-climatica\/#breadcrumb"},"inLanguage":"pt-BR","potentialAction":[{"@type":"ReadAction","target":["https:\/\/www.encontrasantos.com.br\/sobre\/santos-e-sao-lourenco-do-sul-trocam-experiencias-sobre-ods-e-resiliencia-climatica\/"]}]},{"@type":"ImageObject","inLanguage":"pt-BR","@id":"https:\/\/www.encontrasantos.com.br\/sobre\/santos-e-sao-lourenco-do-sul-trocam-experiencias-sobre-ods-e-resiliencia-climatica\/#primaryimage","url":"https:\/\/www.encontrasantos.com.br\/sobre\/wp-content\/uploads\/2026\/09\/santos-e-sao-lourenco-do-sul-trocam-experiencias-sobre-ods-e-resiliencia-climatica.webp","contentUrl":"https:\/\/www.encontrasantos.com.br\/sobre\/wp-content\/uploads\/2026\/09\/santos-e-sao-lourenco-do-sul-trocam-experiencias-sobre-ods-e-resiliencia-climatica.webp","width":280,"height":280,"caption":"ODS e resili\u00eancia clim\u00e1tica"},{"@type":"BreadcrumbList","@id":"https:\/\/www.encontrasantos.com.br\/sobre\/santos-e-sao-lourenco-do-sul-trocam-experiencias-sobre-ods-e-resiliencia-climatica\/#breadcrumb","itemListElement":[{"@type":"ListItem","position":1,"name":"In\u00edcio","item":"https:\/\/www.encontrasantos.com.br\/sobre\/"},{"@type":"ListItem","position":2,"name":"Santos e S\u00e3o Louren\u00e7o do Sul trocam experi\u00eancias sobre ODS e resili\u00eancia clim\u00e1tica"}]},{"@type":"WebSite","@id":"https:\/\/www.encontrasantos.com.br\/sobre\/#website","url":"https:\/\/www.encontrasantos.com.br\/sobre\/","name":"Encontra Santos","description":"Not\u00edcias, eventos, informa\u00e7\u00f5es e dicas na cidade de Santos e regi\u00e3o","potentialAction":[{"@type":"SearchAction","target":{"@type":"EntryPoint","urlTemplate":"https:\/\/www.encontrasantos.com.br\/sobre\/?s={search_term_string}"},"query-input":{"@type":"PropertyValueSpecification","valueRequired":true,"valueName":"search_term_string"}}],"inLanguage":"pt-BR"},{"@type":"Person","@id":"https:\/\/www.encontrasantos.com.br\/sobre\/#\/schema\/person\/c048a1af2d003b660d350a57d8081717","name":"Encontra Santos","image":{"@type":"ImageObject","inLanguage":"pt-BR","@id":"https:\/\/secure.gravatar.com\/avatar\/507340682b8270222e1f208e23198b6ae7e2c6a1033ae84e99bc6bce4f82a387?s=96&d=mm&r=g","url":"https:\/\/secure.gravatar.com\/avatar\/507340682b8270222e1f208e23198b6ae7e2c6a1033ae84e99bc6bce4f82a387?s=96&d=mm&r=g","contentUrl":"https:\/\/secure.gravatar.com\/avatar\/507340682b8270222e1f208e23198b6ae7e2c6a1033ae84e99bc6bce4f82a387?s=96&d=mm&r=g","caption":"Encontra Santos"},"sameAs":["http:\/\/www.encontrasantos.com.br"],"url":"https:\/\/www.encontrasantos.com.br\/sobre\/author\/esantos\/"}]}},"_links":{"self":[{"href":"https:\/\/www.encontrasantos.com.br\/sobre\/wp-json\/wp\/v2\/posts\/6237","targetHints":{"allow":["GET"]}}],"collection":[{"href":"https:\/\/www.encontrasantos.com.br\/sobre\/wp-json\/wp\/v2\/posts"}],"about":[{"href":"https:\/\/www.encontrasantos.com.br\/sobre\/wp-json\/wp\/v2\/types\/post"}],"author":[{"embeddable":true,"href":"https:\/\/www.encontrasantos.com.br\/sobre\/wp-json\/wp\/v2\/users\/1"}],"replies":[{"embeddable":true,"href":"https:\/\/www.encontrasantos.com.br\/sobre\/wp-json\/wp\/v2\/comments?post=6237"}],"version-history":[{"count":0,"href":"https:\/\/www.encontrasantos.com.br\/sobre\/wp-json\/wp\/v2\/posts\/6237\/revisions"}],"wp:featuredmedia":[{"embeddable":true,"href":"https:\/\/www.encontrasantos.com.br\/sobre\/wp-json\/wp\/v2\/media\/6236"}],"wp:attachment":[{"href":"https:\/\/www.encontrasantos.com.br\/sobre\/wp-json\/wp\/v2\/media?parent=6237"}],"wp:term":[{"taxonomy":"category","embeddable":true,"href":"https:\/\/www.encontrasantos.com.br\/sobre\/wp-json\/wp\/v2\/categories?post=6237"},{"taxonomy":"post_tag","embeddable":true,"href":"https:\/\/www.encontrasantos.com.br\/sobre\/wp-json\/wp\/v2\/tags?post=6237"}],"curies":[{"name":"wp","href":"https:\/\/api.w.org\/{rel}","templated":true}]}}