{"id":6235,"date":"2026-09-01T05:30:24","date_gmt":"2026-09-01T08:30:24","guid":{"rendered":"https:\/\/www.encontrasantos.com.br\/sobre\/seminario-destaca-o-trabalho-de-santos-na-prevencao-dos-eventos-climaticos-extremos\/"},"modified":"2026-09-01T05:30:24","modified_gmt":"2026-09-01T08:30:24","slug":"seminario-destaca-o-trabalho-de-santos-na-prevencao-dos-eventos-climaticos-extremos","status":"publish","type":"post","link":"https:\/\/www.encontrasantos.com.br\/sobre\/seminario-destaca-o-trabalho-de-santos-na-prevencao-dos-eventos-climaticos-extremos\/","title":{"rendered":"Semin\u00e1rio destaca o trabalho de Santos na preven\u00e7\u00e3o dos eventos clim\u00e1ticos extremos"},"content":{"rendered":"<div class=\"79600775c85722932cbf26dff21860fb\" data-index=\"1\" style=\"float: none; margin:0px;\">\n<!-- Anuncio display - global -->\r\n<ins class=\"adsbygoogle\"\r\n     style=\"display:block\"\r\n     data-ad-client=\"ca-pub-8585364105181520\"\r\n     data-ad-slot=\"8789329856\"\r\n     data-ad-format=\"auto\"\r\n     data-full-width-responsive=\"true\"><\/ins>\r\n<script>\r\n     (adsbygoogle = window.adsbygoogle || []).push({});\r\n<\/script>\n<\/div>\n<h2>Sistemas de Monitoramento Clim\u00e1tico<\/h2>\n<p>Os sistemas de vigil\u00e2ncia e previs\u00e3o clim\u00e1tica constituem a espinha dorsal do trabalho da Defesa Civil de Santos, permitindo que a cidade antecipe eventos adversos, como tempestades, ressacas e chuvas intensas. Esses sistemas realizam uma an\u00e1lise detalhada que possibilita a emiss\u00e3o de alertas para a popula\u00e7\u00e3o, contribuindo assim para a minimiza\u00e7\u00e3o de danos e a prote\u00e7\u00e3o das vidas.<\/p>\n<h2>A Import\u00e2ncia da Defesa Civil<\/h2>\n<p>A Defesa Civil desempenha um papel crucial no gerenciamento de crises e na resposta a desastres. Com m\u00e9todos modernos de monitoramento, a equipe consegue identificar situa\u00e7\u00f5es de risco em tempo h\u00e1bil. Com a utiliza\u00e7\u00e3o de tecnologia avan\u00e7ada e a antecipa\u00e7\u00e3o dos eventos, os moradores podem ser rapidamente informados, proporcionando uma seguran\u00e7a maior para a comunidade.<\/p>\n<h2>Estrat\u00e9gias de Preven\u00e7\u00e3o e Enfrentamento<\/h2>\n<p>A ades\u00e3o a um plano de a\u00e7\u00e3o eficaz \u00e9 fundamental para reduzir os impactos das mudan\u00e7as clim\u00e1ticas. O 1\u00ba Semin\u00e1rio de Sistemas de Monitoramento e Previs\u00e3o de Eventos Clim\u00e1ticos Extremos discutiu a import\u00e2ncia de adotar estrat\u00e9gias que abordem n\u00e3o apenas os desafios imediatos, mas tamb\u00e9m as causas subjacentes dos fen\u00f4menos clim\u00e1ticos extremos.<\/p>\n<p><img decoding=\"async\" src=\"https:\/\/www.encontrasantos.com.br\/sobre\/wp-content\/uploads\/2026\/09\/seminario-destaca-o-trabalho-de-santos-na-prevencao-dos-eventos-climaticos-extremos.webp\" alt=\"preven\u00e7\u00e3o de eventos clim\u00e1ticos extremos\" loading=\"lazy\" \/><\/p>\n<h2>Integra\u00e7\u00e3o de Dados Meteorol\u00f3gicos<\/h2>\n<p>A colabora\u00e7\u00e3o entre diversas institui\u00e7\u00f5es, como universidades e \u00f3rg\u00e3os de defesa civil, \u00e9 essencial para a melhoria da previs\u00e3o clim\u00e1tica. Os dados coletados s\u00e3o integrados em um sistema que permite an\u00e1lises mais precisas e a formula\u00e7\u00e3o de respostas mais r\u00e1pidas a eventos clim\u00e1ticos.<\/p>\n<h2>A Contribui\u00e7\u00e3o da Universidade<\/h2>\n<p>O N\u00facleo de Pesquisas Hidrodin\u00e2micas (NPH) da Universidade Santa Cec\u00edlia \u00e9 um exemplo de como a academia pode contribuir para a seguran\u00e7a p\u00fablica. A parceria com a Defesa Civil tem proporcionado uma decada de inova\u00e7\u00f5es, permitindo uma compreens\u00e3o mais aprofundada dos fen\u00f4menos naturais e sua previs\u00e3o.<\/p>\n<h2>Avan\u00e7os na Previs\u00e3o de Eventos Extremes<\/h2>\n<p>Os avan\u00e7os tecnol\u00f3gicos \u00e0 disposi\u00e7\u00e3o da Defesa Civil e das institui\u00e7\u00f5es de ensino t\u00eam melhorado significativamente a precis\u00e3o das previs\u00f5es. Com isso, \u00e9 poss\u00edvel monitorar fen\u00f4menos como ressacas e chuvas fortes em tempo real, facilitando a resposta a eventos clim\u00e1ticos extremos por parte das autoridades.<\/p>\n<h2>Impacto das Mudan\u00e7as Clim\u00e1ticas<\/h2>\n<p>As mudan\u00e7as clim\u00e1ticas t\u00eam trazido uma frequ\u00eancia e intensidade maiores de eventos extremos. \u00c9 crucial se preparar para esses impactos, acompanhando as tend\u00eancias e se antecipando com informa\u00e7\u00f5es precisas. O conhecimento sobre as mudan\u00e7as climatol\u00f3gicas \u00e9 a chave para a implementa\u00e7\u00e3o de pr\u00e1ticas de mitiga\u00e7\u00e3o e adapta\u00e7\u00e3o eficientes.<\/p>\n<h2>O Papel da Popula\u00e7\u00e3o na Preven\u00e7\u00e3o<\/h2>\n<p>Conscientizar a popula\u00e7\u00e3o sobre os riscos e as medidas de preven\u00e7\u00e3o \u00e9 fundamental. A educa\u00e7\u00e3o e o envolvimento da comunidade s\u00e3o pilares na constru\u00e7\u00e3o de uma sociedade mais resiliente. Ao informar a popula\u00e7\u00e3o sobre como agir em situa\u00e7\u00f5es de emerg\u00eancia, a Defesa Civil fortalece a capacidade de resposta coletiva.<\/p>\n<h2>Desafios Futuramente Pr\u00f3ximos<\/h2>\n<p>\u00c0 medida que novas condi\u00e7\u00f5es clim\u00e1ticas se manifestam, desafios adicionais emergem. A Defesa Civil precisa estar pronta para adaptar suas estrat\u00e9gias e incorporar novas tecnologias \u00e0s suas pr\u00e1ticas, garantindo que a prepara\u00e7\u00e3o para desastres se mantenha relevante e eficaz.<\/p>\n<h2>Parcerias e Colabora\u00e7\u00f5es para Seguran\u00e7a<\/h2>\n<p>A integra\u00e7\u00e3o entre o setor p\u00fablico, privado e institui\u00e7\u00f5es acad\u00eamicas \u00e9 vital para o enfrentamento eficaz das mudan\u00e7as clim\u00e1ticas. O fortalecimento dessas parcerias n\u00e3o s\u00f3 aprimora o monitoramento, mas tamb\u00e9m melhora a capacidade de resposta e a preven\u00e7\u00e3o de eventos clim\u00e1ticos extremos. Este esfor\u00e7o conjunto refor\u00e7a a seguran\u00e7a em Santos e promete um futuro mais preparado diante dos desafios clim\u00e1ticos.<\/p>\n\n<div style=\"font-size: 0px; height: 0px; line-height: 0px; margin: 0; padding: 0; clear: both;\"><\/div>","protected":false},"excerpt":{"rendered":"<p>Santos cria estrat\u00e9gias eficazes para enfrentar eventos clim\u00e1ticos extremos.<\/p>\n","protected":false},"author":1,"featured_media":6234,"comment_status":"open","ping_status":"closed","sticky":false,"template":"","format":"standard","meta":{"footnotes":""},"categories":[18],"tags":[],"class_list":["post-6235","post","type-post","status-publish","format-standard","has-post-thumbnail","hentry","category-cultura-em-santos","has_thumb"],"yoast_head":"<!-- This site is optimized with the Yoast SEO plugin v28.2 - https:\/\/yoast.com\/product\/yoast-seo-wordpress\/ -->\n<title>Semin\u00e1rio destaca o trabalho de Santos na preven\u00e7\u00e3o dos eventos clim\u00e1ticos extremos - Encontra Santos<\/title>\n<meta name=\"robots\" content=\"index, follow, max-snippet:-1, max-image-preview:large, max-video-preview:-1\" \/>\n<link rel=\"canonical\" href=\"https:\/\/www.encontrasantos.com.br\/sobre\/seminario-destaca-o-trabalho-de-santos-na-prevencao-dos-eventos-climaticos-extremos\/\" \/>\n<meta property=\"og:locale\" content=\"pt_BR\" \/>\n<meta property=\"og:type\" content=\"article\" \/>\n<meta property=\"og:title\" content=\"Semin\u00e1rio destaca o trabalho de Santos na preven\u00e7\u00e3o dos eventos clim\u00e1ticos extremos - Encontra Santos\" \/>\n<meta property=\"og:description\" content=\"Santos cria estrat\u00e9gias eficazes para enfrentar eventos clim\u00e1ticos extremos.\" \/>\n<meta property=\"og:url\" content=\"https:\/\/www.encontrasantos.com.br\/sobre\/seminario-destaca-o-trabalho-de-santos-na-prevencao-dos-eventos-climaticos-extremos\/\" \/>\n<meta property=\"og:site_name\" content=\"Encontra Santos\" \/>\n<meta property=\"article:published_time\" content=\"2026-09-01T08:30:24+00:00\" \/>\n<meta property=\"og:image\" content=\"https:\/\/www.encontrasantos.com.br\/sobre\/wp-content\/uploads\/2026\/09\/seminario-destaca-o-trabalho-de-santos-na-prevencao-dos-eventos-climaticos-extremos.webp\" \/>\n<meta name=\"author\" content=\"Encontra Santos\" \/>\n<meta name=\"twitter:card\" content=\"summary_large_image\" \/>\n<meta name=\"twitter:label1\" content=\"Escrito por\" \/>\n\t<meta name=\"twitter:data1\" content=\"Encontra Santos\" \/>\n\t<meta name=\"twitter:label2\" content=\"Est. tempo de leitura\" \/>\n\t<meta name=\"twitter:data2\" content=\"3 minutos\" \/>\n<script type=\"application\/ld+json\" class=\"yoast-schema-graph\">{\"@context\":\"https:\\\/\\\/schema.org\",\"@graph\":[{\"@type\":\"Article\",\"@id\":\"https:\\\/\\\/www.encontrasantos.com.br\\\/sobre\\\/seminario-destaca-o-trabalho-de-santos-na-prevencao-dos-eventos-climaticos-extremos\\\/#article\",\"isPartOf\":{\"@id\":\"https:\\\/\\\/www.encontrasantos.com.br\\\/sobre\\\/seminario-destaca-o-trabalho-de-santos-na-prevencao-dos-eventos-climaticos-extremos\\\/\"},\"author\":{\"name\":\"Encontra Santos\",\"@id\":\"https:\\\/\\\/www.encontrasantos.com.br\\\/sobre\\\/#\\\/schema\\\/person\\\/c048a1af2d003b660d350a57d8081717\"},\"headline\":\"Semin\u00e1rio destaca o trabalho de Santos na preven\u00e7\u00e3o dos eventos clim\u00e1ticos extremos\",\"datePublished\":\"2026-09-01T08:30:24+00:00\",\"mainEntityOfPage\":{\"@id\":\"https:\\\/\\\/www.encontrasantos.com.br\\\/sobre\\\/seminario-destaca-o-trabalho-de-santos-na-prevencao-dos-eventos-climaticos-extremos\\\/\"},\"wordCount\":657,\"commentCount\":0,\"image\":{\"@id\":\"https:\\\/\\\/www.encontrasantos.com.br\\\/sobre\\\/seminario-destaca-o-trabalho-de-santos-na-prevencao-dos-eventos-climaticos-extremos\\\/#primaryimage\"},\"thumbnailUrl\":\"https:\\\/\\\/www.encontrasantos.com.br\\\/sobre\\\/wp-content\\\/uploads\\\/2026\\\/09\\\/seminario-destaca-o-trabalho-de-santos-na-prevencao-dos-eventos-climaticos-extremos.webp\",\"articleSection\":[\"Cultura Santos\"],\"inLanguage\":\"pt-BR\",\"potentialAction\":[{\"@type\":\"CommentAction\",\"name\":\"Comment\",\"target\":[\"https:\\\/\\\/www.encontrasantos.com.br\\\/sobre\\\/seminario-destaca-o-trabalho-de-santos-na-prevencao-dos-eventos-climaticos-extremos\\\/#respond\"]}]},{\"@type\":\"WebPage\",\"@id\":\"https:\\\/\\\/www.encontrasantos.com.br\\\/sobre\\\/seminario-destaca-o-trabalho-de-santos-na-prevencao-dos-eventos-climaticos-extremos\\\/\",\"url\":\"https:\\\/\\\/www.encontrasantos.com.br\\\/sobre\\\/seminario-destaca-o-trabalho-de-santos-na-prevencao-dos-eventos-climaticos-extremos\\\/\",\"name\":\"Semin\u00e1rio destaca o trabalho de Santos na preven\u00e7\u00e3o dos eventos clim\u00e1ticos extremos - Encontra Santos\",\"isPartOf\":{\"@id\":\"https:\\\/\\\/www.encontrasantos.com.br\\\/sobre\\\/#website\"},\"primaryImageOfPage\":{\"@id\":\"https:\\\/\\\/www.encontrasantos.com.br\\\/sobre\\\/seminario-destaca-o-trabalho-de-santos-na-prevencao-dos-eventos-climaticos-extremos\\\/#primaryimage\"},\"image\":{\"@id\":\"https:\\\/\\\/www.encontrasantos.com.br\\\/sobre\\\/seminario-destaca-o-trabalho-de-santos-na-prevencao-dos-eventos-climaticos-extremos\\\/#primaryimage\"},\"thumbnailUrl\":\"https:\\\/\\\/www.encontrasantos.com.br\\\/sobre\\\/wp-content\\\/uploads\\\/2026\\\/09\\\/seminario-destaca-o-trabalho-de-santos-na-prevencao-dos-eventos-climaticos-extremos.webp\",\"datePublished\":\"2026-09-01T08:30:24+00:00\",\"author\":{\"@id\":\"https:\\\/\\\/www.encontrasantos.com.br\\\/sobre\\\/#\\\/schema\\\/person\\\/c048a1af2d003b660d350a57d8081717\"},\"breadcrumb\":{\"@id\":\"https:\\\/\\\/www.encontrasantos.com.br\\\/sobre\\\/seminario-destaca-o-trabalho-de-santos-na-prevencao-dos-eventos-climaticos-extremos\\\/#breadcrumb\"},\"inLanguage\":\"pt-BR\",\"potentialAction\":[{\"@type\":\"ReadAction\",\"target\":[\"https:\\\/\\\/www.encontrasantos.com.br\\\/sobre\\\/seminario-destaca-o-trabalho-de-santos-na-prevencao-dos-eventos-climaticos-extremos\\\/\"]}]},{\"@type\":\"ImageObject\",\"inLanguage\":\"pt-BR\",\"@id\":\"https:\\\/\\\/www.encontrasantos.com.br\\\/sobre\\\/seminario-destaca-o-trabalho-de-santos-na-prevencao-dos-eventos-climaticos-extremos\\\/#primaryimage\",\"url\":\"https:\\\/\\\/www.encontrasantos.com.br\\\/sobre\\\/wp-content\\\/uploads\\\/2026\\\/09\\\/seminario-destaca-o-trabalho-de-santos-na-prevencao-dos-eventos-climaticos-extremos.webp\",\"contentUrl\":\"https:\\\/\\\/www.encontrasantos.com.br\\\/sobre\\\/wp-content\\\/uploads\\\/2026\\\/09\\\/seminario-destaca-o-trabalho-de-santos-na-prevencao-dos-eventos-climaticos-extremos.webp\",\"width\":280,\"height\":280,\"caption\":\"preven\u00e7\u00e3o de eventos clim\u00e1ticos extremos\"},{\"@type\":\"BreadcrumbList\",\"@id\":\"https:\\\/\\\/www.encontrasantos.com.br\\\/sobre\\\/seminario-destaca-o-trabalho-de-santos-na-prevencao-dos-eventos-climaticos-extremos\\\/#breadcrumb\",\"itemListElement\":[{\"@type\":\"ListItem\",\"position\":1,\"name\":\"In\u00edcio\",\"item\":\"https:\\\/\\\/www.encontrasantos.com.br\\\/sobre\\\/\"},{\"@type\":\"ListItem\",\"position\":2,\"name\":\"Semin\u00e1rio destaca o trabalho de Santos na preven\u00e7\u00e3o dos eventos clim\u00e1ticos extremos\"}]},{\"@type\":\"WebSite\",\"@id\":\"https:\\\/\\\/www.encontrasantos.com.br\\\/sobre\\\/#website\",\"url\":\"https:\\\/\\\/www.encontrasantos.com.br\\\/sobre\\\/\",\"name\":\"Encontra Santos\",\"description\":\"Not\u00edcias, eventos, informa\u00e7\u00f5es e dicas na cidade de Santos e regi\u00e3o\",\"potentialAction\":[{\"@type\":\"SearchAction\",\"target\":{\"@type\":\"EntryPoint\",\"urlTemplate\":\"https:\\\/\\\/www.encontrasantos.com.br\\\/sobre\\\/?s={search_term_string}\"},\"query-input\":{\"@type\":\"PropertyValueSpecification\",\"valueRequired\":true,\"valueName\":\"search_term_string\"}}],\"inLanguage\":\"pt-BR\"},{\"@type\":\"Person\",\"@id\":\"https:\\\/\\\/www.encontrasantos.com.br\\\/sobre\\\/#\\\/schema\\\/person\\\/c048a1af2d003b660d350a57d8081717\",\"name\":\"Encontra Santos\",\"image\":{\"@type\":\"ImageObject\",\"inLanguage\":\"pt-BR\",\"@id\":\"https:\\\/\\\/secure.gravatar.com\\\/avatar\\\/507340682b8270222e1f208e23198b6ae7e2c6a1033ae84e99bc6bce4f82a387?s=96&d=mm&r=g\",\"url\":\"https:\\\/\\\/secure.gravatar.com\\\/avatar\\\/507340682b8270222e1f208e23198b6ae7e2c6a1033ae84e99bc6bce4f82a387?s=96&d=mm&r=g\",\"contentUrl\":\"https:\\\/\\\/secure.gravatar.com\\\/avatar\\\/507340682b8270222e1f208e23198b6ae7e2c6a1033ae84e99bc6bce4f82a387?s=96&d=mm&r=g\",\"caption\":\"Encontra Santos\"},\"sameAs\":[\"http:\\\/\\\/www.encontrasantos.com.br\"],\"url\":\"https:\\\/\\\/www.encontrasantos.com.br\\\/sobre\\\/author\\\/esantos\\\/\"}]}<\/script>\n<!-- \/ Yoast SEO plugin. -->","yoast_head_json":{"title":"Semin\u00e1rio destaca o trabalho de Santos na preven\u00e7\u00e3o dos eventos clim\u00e1ticos extremos - Encontra Santos","robots":{"index":"index","follow":"follow","max-snippet":"max-snippet:-1","max-image-preview":"max-image-preview:large","max-video-preview":"max-video-preview:-1"},"canonical":"https:\/\/www.encontrasantos.com.br\/sobre\/seminario-destaca-o-trabalho-de-santos-na-prevencao-dos-eventos-climaticos-extremos\/","og_locale":"pt_BR","og_type":"article","og_title":"Semin\u00e1rio destaca o trabalho de Santos na preven\u00e7\u00e3o dos eventos clim\u00e1ticos extremos - Encontra Santos","og_description":"Santos cria estrat\u00e9gias eficazes para enfrentar eventos clim\u00e1ticos extremos.","og_url":"https:\/\/www.encontrasantos.com.br\/sobre\/seminario-destaca-o-trabalho-de-santos-na-prevencao-dos-eventos-climaticos-extremos\/","og_site_name":"Encontra Santos","article_published_time":"2026-09-01T08:30:24+00:00","og_image":[{"url":"https:\/\/www.encontrasantos.com.br\/sobre\/wp-content\/uploads\/2026\/09\/seminario-destaca-o-trabalho-de-santos-na-prevencao-dos-eventos-climaticos-extremos.webp","type":"","width":"","height":""}],"author":"Encontra Santos","twitter_card":"summary_large_image","twitter_misc":{"Escrito por":"Encontra Santos","Est. tempo de leitura":"3 minutos"},"schema":{"@context":"https:\/\/schema.org","@graph":[{"@type":"Article","@id":"https:\/\/www.encontrasantos.com.br\/sobre\/seminario-destaca-o-trabalho-de-santos-na-prevencao-dos-eventos-climaticos-extremos\/#article","isPartOf":{"@id":"https:\/\/www.encontrasantos.com.br\/sobre\/seminario-destaca-o-trabalho-de-santos-na-prevencao-dos-eventos-climaticos-extremos\/"},"author":{"name":"Encontra Santos","@id":"https:\/\/www.encontrasantos.com.br\/sobre\/#\/schema\/person\/c048a1af2d003b660d350a57d8081717"},"headline":"Semin\u00e1rio destaca o trabalho de Santos na preven\u00e7\u00e3o dos eventos clim\u00e1ticos extremos","datePublished":"2026-09-01T08:30:24+00:00","mainEntityOfPage":{"@id":"https:\/\/www.encontrasantos.com.br\/sobre\/seminario-destaca-o-trabalho-de-santos-na-prevencao-dos-eventos-climaticos-extremos\/"},"wordCount":657,"commentCount":0,"image":{"@id":"https:\/\/www.encontrasantos.com.br\/sobre\/seminario-destaca-o-trabalho-de-santos-na-prevencao-dos-eventos-climaticos-extremos\/#primaryimage"},"thumbnailUrl":"https:\/\/www.encontrasantos.com.br\/sobre\/wp-content\/uploads\/2026\/09\/seminario-destaca-o-trabalho-de-santos-na-prevencao-dos-eventos-climaticos-extremos.webp","articleSection":["Cultura Santos"],"inLanguage":"pt-BR","potentialAction":[{"@type":"CommentAction","name":"Comment","target":["https:\/\/www.encontrasantos.com.br\/sobre\/seminario-destaca-o-trabalho-de-santos-na-prevencao-dos-eventos-climaticos-extremos\/#respond"]}]},{"@type":"WebPage","@id":"https:\/\/www.encontrasantos.com.br\/sobre\/seminario-destaca-o-trabalho-de-santos-na-prevencao-dos-eventos-climaticos-extremos\/","url":"https:\/\/www.encontrasantos.com.br\/sobre\/seminario-destaca-o-trabalho-de-santos-na-prevencao-dos-eventos-climaticos-extremos\/","name":"Semin\u00e1rio destaca o trabalho de Santos na preven\u00e7\u00e3o dos eventos clim\u00e1ticos extremos - Encontra Santos","isPartOf":{"@id":"https:\/\/www.encontrasantos.com.br\/sobre\/#website"},"primaryImageOfPage":{"@id":"https:\/\/www.encontrasantos.com.br\/sobre\/seminario-destaca-o-trabalho-de-santos-na-prevencao-dos-eventos-climaticos-extremos\/#primaryimage"},"image":{"@id":"https:\/\/www.encontrasantos.com.br\/sobre\/seminario-destaca-o-trabalho-de-santos-na-prevencao-dos-eventos-climaticos-extremos\/#primaryimage"},"thumbnailUrl":"https:\/\/www.encontrasantos.com.br\/sobre\/wp-content\/uploads\/2026\/09\/seminario-destaca-o-trabalho-de-santos-na-prevencao-dos-eventos-climaticos-extremos.webp","datePublished":"2026-09-01T08:30:24+00:00","author":{"@id":"https:\/\/www.encontrasantos.com.br\/sobre\/#\/schema\/person\/c048a1af2d003b660d350a57d8081717"},"breadcrumb":{"@id":"https:\/\/www.encontrasantos.com.br\/sobre\/seminario-destaca-o-trabalho-de-santos-na-prevencao-dos-eventos-climaticos-extremos\/#breadcrumb"},"inLanguage":"pt-BR","potentialAction":[{"@type":"ReadAction","target":["https:\/\/www.encontrasantos.com.br\/sobre\/seminario-destaca-o-trabalho-de-santos-na-prevencao-dos-eventos-climaticos-extremos\/"]}]},{"@type":"ImageObject","inLanguage":"pt-BR","@id":"https:\/\/www.encontrasantos.com.br\/sobre\/seminario-destaca-o-trabalho-de-santos-na-prevencao-dos-eventos-climaticos-extremos\/#primaryimage","url":"https:\/\/www.encontrasantos.com.br\/sobre\/wp-content\/uploads\/2026\/09\/seminario-destaca-o-trabalho-de-santos-na-prevencao-dos-eventos-climaticos-extremos.webp","contentUrl":"https:\/\/www.encontrasantos.com.br\/sobre\/wp-content\/uploads\/2026\/09\/seminario-destaca-o-trabalho-de-santos-na-prevencao-dos-eventos-climaticos-extremos.webp","width":280,"height":280,"caption":"preven\u00e7\u00e3o de eventos clim\u00e1ticos extremos"},{"@type":"BreadcrumbList","@id":"https:\/\/www.encontrasantos.com.br\/sobre\/seminario-destaca-o-trabalho-de-santos-na-prevencao-dos-eventos-climaticos-extremos\/#breadcrumb","itemListElement":[{"@type":"ListItem","position":1,"name":"In\u00edcio","item":"https:\/\/www.encontrasantos.com.br\/sobre\/"},{"@type":"ListItem","position":2,"name":"Semin\u00e1rio destaca o trabalho de Santos na preven\u00e7\u00e3o dos eventos clim\u00e1ticos extremos"}]},{"@type":"WebSite","@id":"https:\/\/www.encontrasantos.com.br\/sobre\/#website","url":"https:\/\/www.encontrasantos.com.br\/sobre\/","name":"Encontra Santos","description":"Not\u00edcias, eventos, informa\u00e7\u00f5es e dicas na cidade de Santos e regi\u00e3o","potentialAction":[{"@type":"SearchAction","target":{"@type":"EntryPoint","urlTemplate":"https:\/\/www.encontrasantos.com.br\/sobre\/?s={search_term_string}"},"query-input":{"@type":"PropertyValueSpecification","valueRequired":true,"valueName":"search_term_string"}}],"inLanguage":"pt-BR"},{"@type":"Person","@id":"https:\/\/www.encontrasantos.com.br\/sobre\/#\/schema\/person\/c048a1af2d003b660d350a57d8081717","name":"Encontra Santos","image":{"@type":"ImageObject","inLanguage":"pt-BR","@id":"https:\/\/secure.gravatar.com\/avatar\/507340682b8270222e1f208e23198b6ae7e2c6a1033ae84e99bc6bce4f82a387?s=96&d=mm&r=g","url":"https:\/\/secure.gravatar.com\/avatar\/507340682b8270222e1f208e23198b6ae7e2c6a1033ae84e99bc6bce4f82a387?s=96&d=mm&r=g","contentUrl":"https:\/\/secure.gravatar.com\/avatar\/507340682b8270222e1f208e23198b6ae7e2c6a1033ae84e99bc6bce4f82a387?s=96&d=mm&r=g","caption":"Encontra Santos"},"sameAs":["http:\/\/www.encontrasantos.com.br"],"url":"https:\/\/www.encontrasantos.com.br\/sobre\/author\/esantos\/"}]}},"_links":{"self":[{"href":"https:\/\/www.encontrasantos.com.br\/sobre\/wp-json\/wp\/v2\/posts\/6235","targetHints":{"allow":["GET"]}}],"collection":[{"href":"https:\/\/www.encontrasantos.com.br\/sobre\/wp-json\/wp\/v2\/posts"}],"about":[{"href":"https:\/\/www.encontrasantos.com.br\/sobre\/wp-json\/wp\/v2\/types\/post"}],"author":[{"embeddable":true,"href":"https:\/\/www.encontrasantos.com.br\/sobre\/wp-json\/wp\/v2\/users\/1"}],"replies":[{"embeddable":true,"href":"https:\/\/www.encontrasantos.com.br\/sobre\/wp-json\/wp\/v2\/comments?post=6235"}],"version-history":[{"count":0,"href":"https:\/\/www.encontrasantos.com.br\/sobre\/wp-json\/wp\/v2\/posts\/6235\/revisions"}],"wp:featuredmedia":[{"embeddable":true,"href":"https:\/\/www.encontrasantos.com.br\/sobre\/wp-json\/wp\/v2\/media\/6234"}],"wp:attachment":[{"href":"https:\/\/www.encontrasantos.com.br\/sobre\/wp-json\/wp\/v2\/media?parent=6235"}],"wp:term":[{"taxonomy":"category","embeddable":true,"href":"https:\/\/www.encontrasantos.com.br\/sobre\/wp-json\/wp\/v2\/categories?post=6235"},{"taxonomy":"post_tag","embeddable":true,"href":"https:\/\/www.encontrasantos.com.br\/sobre\/wp-json\/wp\/v2\/tags?post=6235"}],"curies":[{"name":"wp","href":"https:\/\/api.w.org\/{rel}","templated":true}]}}