{"id":6223,"date":"2026-08-30T06:12:38","date_gmt":"2026-08-30T09:12:38","guid":{"rendered":"https:\/\/www.encontrasantos.com.br\/sobre\/agentes-de-saude-de-santos-serao-capacitados-para-atuar-em-eventos-climaticos-extremos-inscricoes-abertas\/"},"modified":"2026-08-30T06:12:38","modified_gmt":"2026-08-30T09:12:38","slug":"agentes-de-saude-de-santos-serao-capacitados-para-atuar-em-eventos-climaticos-extremos-inscricoes-abertas","status":"publish","type":"post","link":"https:\/\/www.encontrasantos.com.br\/sobre\/agentes-de-saude-de-santos-serao-capacitados-para-atuar-em-eventos-climaticos-extremos-inscricoes-abertas\/","title":{"rendered":"Agentes de sa\u00fade de Santos ser\u00e3o capacitados para atuar em eventos clim\u00e1ticos extremos. Inscri\u00e7\u00f5es abertas"},"content":{"rendered":"<div class=\"79600775c85722932cbf26dff21860fb\" data-index=\"1\" style=\"float: none; margin:0px;\">\n<!-- Anuncio display - global -->\r\n<ins class=\"adsbygoogle\"\r\n     style=\"display:block\"\r\n     data-ad-client=\"ca-pub-8585364105181520\"\r\n     data-ad-slot=\"8789329856\"\r\n     data-ad-format=\"auto\"\r\n     data-full-width-responsive=\"true\"><\/ins>\r\n<script>\r\n     (adsbygoogle = window.adsbygoogle || []).push({});\r\n<\/script>\n<\/div>\n<h2>Objetivos da Capacita\u00e7\u00e3o<\/h2>\n<p>A capacita\u00e7\u00e3o dos agentes de sa\u00fade tem como principal meta preparar os profissionais para atuarem de maneira eficaz em situa\u00e7\u00f5es de emerg\u00eancia causadas por eventos clim\u00e1ticos extremos. A import\u00e2ncia dessa forma\u00e7\u00e3o se reflete na habilidade de oferecer suporte e assist\u00eancia adequada \u00e0 popula\u00e7\u00e3o, especialmente \u00e0quelas comunidades que se encontram em situa\u00e7\u00e3o de vulnerabilidade. Este treinamento \u00e9 uma resposta direta \u00e0s necessidades emergentes provocadas, por exemplo, pelo fen\u00f4meno El Ni\u00f1o e suas consequ\u00eancias, como enchentes e altas temperaturas.<\/p>\n<h2>Data e Local do Treinamento<\/h2>\n<p>A capacita\u00e7\u00e3o ocorrer\u00e1 ao longo de quatro dias, iniciando na segunda-feira, dia 31 de agosto, e prosseguindo nos dias 1\u00ba, 2 e 3 de setembro. As turmas foram organizadas para os per\u00edodos da manh\u00e3 e da tarde, garantindo assim a inclus\u00e3o de diferentes grupos de agentes. O local das atividades ser\u00e1 na <strong>Unidos dos Morros<\/strong>, especificamente na Avenida Caminho da Lagoa, 191, Morro Nova Cintra, e na <strong>USF Jabaquara<\/strong>, Rua Vasco da Gama, 32, em Jabaquara.<\/p>\n<h2>P\u00fablico-Alvo das Inscri\u00e7\u00f5es<\/h2>\n<p>O treinamento \u00e9 direcionado a agentes comunit\u00e1rios de sa\u00fade (ACS), agentes de combate a endemias (ACE), al\u00e9m de profissionais de sa\u00fade mental e de unidades de sa\u00fade da fam\u00edlia (USF) nos diversos bairros da cidade. Essa diversidade de participantes visa criar uma rede de colabora\u00e7\u00e3o e melhores pr\u00e1ticas entre os profissionais, permitindo uma resposta mais unificada em eventos de sa\u00fade emergenciais.<\/p>\n<p><img decoding=\"async\" src=\"https:\/\/www.encontrasantos.com.br\/sobre\/wp-content\/uploads\/2026\/08\/agentes-de-saude-de-santos-serao-capacitados-para-atuar-em-eventos-climaticos-extremos-inscricoes-ab.webp\" alt=\"capacita\u00e7\u00e3o agentes de sa\u00fade eventos clim\u00e1ticos extremos\" loading=\"lazy\" \/><\/p>\n<h2>Conte\u00fado Program\u00e1tico<\/h2>\n<p>Durante a capacita\u00e7\u00e3o, os participantes ter\u00e3o acesso a um conte\u00fado program\u00e1tico abrangente, incluindo:<\/p>\n<ul>\n<li><strong>Plano de Conting\u00eancia Municipal:<\/strong> Estudo sobre as diretrizes que devem ser seguidas em situa\u00e7\u00f5es cr\u00edticas, abordando planos estruturais de resposta.<\/li>\n<li><strong>Riscos Existentes nos Territ\u00f3rios:<\/strong> Identifica\u00e7\u00e3o dos principais riscos associados a eventos clim\u00e1ticos extremos nas comunidades.<\/li>\n<li><strong>Popula\u00e7\u00f5es Vulner\u00e1veis:<\/strong> Entendimento das caracter\u00edsticas das popula\u00e7\u00f5es em risco e as necessidades espec\u00edficas em tempos de crise.<\/li>\n<li><strong>Problemas de Sa\u00fade Relacionados:<\/strong> An\u00e1lise das quest\u00f5es de sa\u00fade que podem ser exacerbadadas por eventos clim\u00e1ticos, incluindo doen\u00e7as respirat\u00f3rias e desidrata\u00e7\u00e3o.<\/li>\n<li><strong>Medidas de Preven\u00e7\u00e3o:<\/strong> Estrat\u00e9gias pr\u00e1ticas de como orientar a popula\u00e7\u00e3o e preparar a comunidade para situa\u00e7\u00f5es de emerg\u00eancia.<\/li>\n<\/ul>\n<h2>Import\u00e2ncia da Integra\u00e7\u00e3o entre Sa\u00fade e Defesa Civil<\/h2>\n<p>A integra\u00e7\u00e3o das equipes de sa\u00fade com a Defesa Civil \u00e9 essencial para a efic\u00e1cia da resposta a emerg\u00eancias. Esta sinergia permite que as a\u00e7\u00f5es de preven\u00e7\u00e3o e resposta sejam coordenadas, assegurando que as informa\u00e7\u00f5es cheguem rapidamente \u00e0queles que mais precisam. Com a experi\u00eancia acumulada pela Defesa Civil na gest\u00e3o de desastres e a proximidade dos agentes comunit\u00e1rios com as fam\u00edlias, essa colabora\u00e7\u00e3o se torna decisiva para detectar vulnerabilidades e promover com efic\u00e1cia a sa\u00fade na comunidade.<\/p>\n<h2>Impactos de Eventos Clim\u00e1ticos na Sa\u00fade<\/h2>\n<p>Os eventos clim\u00e1ticos extremos, como enchentes, secas e ondas de calor, t\u00eam impactos diretos e indiretos significativos na sa\u00fade p\u00fablica. Algumas das consequ\u00eancias mais relevantes incluem:<\/p>\n<ul>\n<li><strong>Doen\u00e7as Transmiss\u00edveis:<\/strong> Os surtos de dengue, chikungunya e outras doen\u00e7as podem aumentar durante per\u00edodos de calor e chuvas intensas.<\/li>\n<li><strong>Problemas Respirat\u00f3rios:<\/strong> As mudan\u00e7as no clima tamb\u00e9m contribu\u00edram para uma maior incid\u00eancia de doen\u00e7as respirat\u00f3rias, especialmente entre os mais vulner\u00e1veis.<\/li>\n<li><strong>Sa\u00fade Mental:<\/strong> O estresse e a ansiedade provocados por desastres naturais t\u00eam um impacto profundo na sa\u00fade mental da popula\u00e7\u00e3o.<\/li>\n<\/ul>\n<h2>Riscos e Vulnerabilidades na Comunidade<\/h2>\n<p>A identifica\u00e7\u00e3o dos riscos \u00e9 fundamental para o planejamento de a\u00e7\u00f5es eficazes. Os agentes precisam observar os fatores de vulnerabilidade, como a condi\u00e7\u00e3o socioecon\u00f4mica, a infraestrutura das moradias e o acesso a servi\u00e7os b\u00e1sicos de sa\u00fade. Al\u00e9m disso, os dados devem ser coletados e analisados para construir um mapa de riscos, que poder\u00e1 ser usado para orientar futuras interven\u00e7\u00f5es e aumentar a resili\u00eancia da comunidade.<\/p>\n<h2>A\u00e7\u00e3o da Secretaria de Sa\u00fade e Defesa Civil<\/h2>\n<p>A Secretaria de Sa\u00fade, em conjunto com a Defesa Civil e a pasta de Meio Ambiente, est\u00e1 promovendo essa capacita\u00e7\u00e3o com o intuito de garantir que os agentes estejam aptos a responder a crises e mitigar os efeitos negativos dos eventos clim\u00e1ticos. Essa a\u00e7\u00e3o representa um grande avan\u00e7o na busca pela cria\u00e7\u00e3o de um ambiente saud\u00e1vel e seguro para todos os cidad\u00e3os.<\/p>\n<h2>Pr\u00e1ticas de Preven\u00e7\u00e3o e Orienta\u00e7\u00e3o<\/h2>\n<p>As pr\u00e1ticas de preven\u00e7\u00e3o e orienta\u00e7\u00e3o s\u00e3o vitais. A capacita\u00e7\u00e3o inclui ensinamentos sobre como conduzir campanhas de conscientiza\u00e7\u00e3o e educar a popula\u00e7\u00e3o sobre medidas simples que podem ser adotadas em situa\u00e7\u00f5es de emerg\u00eancia, como:<\/p>\n<ul>\n<li><strong>Prepara\u00e7\u00e3o de Kits de Emerg\u00eancia:<\/strong> Como montar um kit que contenha itens essenciais para a sobreviv\u00eancia.<\/li>\n<li><strong>Atualiza\u00e7\u00e3o de Contatos:<\/strong> Import\u00e2ncia de manter a lista de contatos de emerg\u00eancia sempre acess\u00edvel.<\/li>\n<li><strong>M\u00e9todos de Informa\u00e7\u00e3o:<\/strong> Utiliza\u00e7\u00e3o de plataformas digitais e outros meios de comunica\u00e7\u00e3o para disseminar informa\u00e7\u00f5es relevantes.<\/li>\n<\/ul>\n<h2>Benef\u00edcios da Capacita\u00e7\u00e3o para a Popula\u00e7\u00e3o<\/h2>\n<p>Os resultados esperados com essa capacita\u00e7\u00e3o v\u00e3o al\u00e9m da forma\u00e7\u00e3o dos agentes; eles impactam diretamente a qualidade de vida das comunidades atendidas. A popula\u00e7\u00e3o se beneficia atrav\u00e9s de um atendimento mais eficaz e r\u00e1pido diante de emerg\u00eancias clim\u00e1ticas. Al\u00e9m disso, h\u00e1 um aumento na consci\u00eancia p\u00fablica sobre a import\u00e2ncia da preven\u00e7\u00e3o, que, por sua vez, reduz a incid\u00eancia de doen\u00e7as e fascimentos ocorridos em situa\u00e7\u00f5es cr\u00edticas.<\/p>\n<p>A capacita\u00e7\u00e3o \u00e9, portanto, uma a\u00e7\u00e3o estrat\u00e9gica que n\u00e3o apenas fortalece a estrutura de sa\u00fade local, mas tamb\u00e9m promove um futuro mais resiliente para a popula\u00e7\u00e3o de Santos, atendendo \u00e0s metas do <strong>Objetivo de Desenvolvimento Sustent\u00e1vel (ODS)<\/strong> da ONU.<\/p>\n\n<div style=\"font-size: 0px; height: 0px; line-height: 0px; margin: 0; padding: 0; clear: both;\"><\/div>","protected":false},"excerpt":{"rendered":"<p>Capacita\u00e7\u00e3o de agentes de sa\u00fade em Santos para atuar em eventos clim\u00e1ticos extremos est\u00e1 com inscri\u00e7\u00f5es abertas.<\/p>\n","protected":false},"author":1,"featured_media":6222,"comment_status":"open","ping_status":"closed","sticky":false,"template":"","format":"standard","meta":{"footnotes":""},"categories":[43],"tags":[],"class_list":["post-6223","post","type-post","status-publish","format-standard","has-post-thumbnail","hentry","category-saude-em-santos","has_thumb"],"yoast_head":"<!-- This site is optimized with the Yoast SEO plugin v28.2 - https:\/\/yoast.com\/product\/yoast-seo-wordpress\/ -->\n<title>Agentes de sa\u00fade de Santos ser\u00e3o capacitados para atuar em eventos clim\u00e1ticos extremos. Inscri\u00e7\u00f5es abertas - Encontra Santos<\/title>\n<meta name=\"robots\" content=\"index, follow, max-snippet:-1, max-image-preview:large, max-video-preview:-1\" \/>\n<link rel=\"canonical\" href=\"https:\/\/www.encontrasantos.com.br\/sobre\/agentes-de-saude-de-santos-serao-capacitados-para-atuar-em-eventos-climaticos-extremos-inscricoes-abertas\/\" \/>\n<meta property=\"og:locale\" content=\"pt_BR\" \/>\n<meta property=\"og:type\" content=\"article\" \/>\n<meta property=\"og:title\" content=\"Agentes de sa\u00fade de Santos ser\u00e3o capacitados para atuar em eventos clim\u00e1ticos extremos. Inscri\u00e7\u00f5es abertas - Encontra Santos\" \/>\n<meta property=\"og:description\" content=\"Capacita\u00e7\u00e3o de agentes de sa\u00fade em Santos para atuar em eventos clim\u00e1ticos extremos est\u00e1 com inscri\u00e7\u00f5es abertas.\" \/>\n<meta property=\"og:url\" content=\"https:\/\/www.encontrasantos.com.br\/sobre\/agentes-de-saude-de-santos-serao-capacitados-para-atuar-em-eventos-climaticos-extremos-inscricoes-abertas\/\" \/>\n<meta property=\"og:site_name\" content=\"Encontra Santos\" \/>\n<meta property=\"article:published_time\" content=\"2026-08-30T09:12:38+00:00\" \/>\n<meta property=\"og:image\" content=\"https:\/\/www.encontrasantos.com.br\/sobre\/wp-content\/uploads\/2026\/08\/agentes-de-saude-de-santos-serao-capacitados-para-atuar-em-eventos-climaticos-extremos-inscricoes-ab.webp\" \/>\n<meta name=\"author\" content=\"Encontra Santos\" \/>\n<meta name=\"twitter:card\" content=\"summary_large_image\" \/>\n<meta name=\"twitter:label1\" content=\"Escrito por\" \/>\n\t<meta name=\"twitter:data1\" content=\"Encontra Santos\" \/>\n\t<meta name=\"twitter:label2\" content=\"Est. tempo de leitura\" \/>\n\t<meta name=\"twitter:data2\" content=\"5 minutos\" \/>\n<script type=\"application\/ld+json\" class=\"yoast-schema-graph\">{\"@context\":\"https:\\\/\\\/schema.org\",\"@graph\":[{\"@type\":\"Article\",\"@id\":\"https:\\\/\\\/www.encontrasantos.com.br\\\/sobre\\\/agentes-de-saude-de-santos-serao-capacitados-para-atuar-em-eventos-climaticos-extremos-inscricoes-abertas\\\/#article\",\"isPartOf\":{\"@id\":\"https:\\\/\\\/www.encontrasantos.com.br\\\/sobre\\\/agentes-de-saude-de-santos-serao-capacitados-para-atuar-em-eventos-climaticos-extremos-inscricoes-abertas\\\/\"},\"author\":{\"name\":\"Encontra Santos\",\"@id\":\"https:\\\/\\\/www.encontrasantos.com.br\\\/sobre\\\/#\\\/schema\\\/person\\\/c048a1af2d003b660d350a57d8081717\"},\"headline\":\"Agentes de sa\u00fade de Santos ser\u00e3o capacitados para atuar em eventos clim\u00e1ticos extremos. Inscri\u00e7\u00f5es abertas\",\"datePublished\":\"2026-08-30T09:12:38+00:00\",\"mainEntityOfPage\":{\"@id\":\"https:\\\/\\\/www.encontrasantos.com.br\\\/sobre\\\/agentes-de-saude-de-santos-serao-capacitados-para-atuar-em-eventos-climaticos-extremos-inscricoes-abertas\\\/\"},\"wordCount\":1022,\"commentCount\":0,\"image\":{\"@id\":\"https:\\\/\\\/www.encontrasantos.com.br\\\/sobre\\\/agentes-de-saude-de-santos-serao-capacitados-para-atuar-em-eventos-climaticos-extremos-inscricoes-abertas\\\/#primaryimage\"},\"thumbnailUrl\":\"https:\\\/\\\/www.encontrasantos.com.br\\\/sobre\\\/wp-content\\\/uploads\\\/2026\\\/08\\\/agentes-de-saude-de-santos-serao-capacitados-para-atuar-em-eventos-climaticos-extremos-inscricoes-ab.webp\",\"articleSection\":[\"Sa\u00fade Santos\"],\"inLanguage\":\"pt-BR\",\"potentialAction\":[{\"@type\":\"CommentAction\",\"name\":\"Comment\",\"target\":[\"https:\\\/\\\/www.encontrasantos.com.br\\\/sobre\\\/agentes-de-saude-de-santos-serao-capacitados-para-atuar-em-eventos-climaticos-extremos-inscricoes-abertas\\\/#respond\"]}]},{\"@type\":\"WebPage\",\"@id\":\"https:\\\/\\\/www.encontrasantos.com.br\\\/sobre\\\/agentes-de-saude-de-santos-serao-capacitados-para-atuar-em-eventos-climaticos-extremos-inscricoes-abertas\\\/\",\"url\":\"https:\\\/\\\/www.encontrasantos.com.br\\\/sobre\\\/agentes-de-saude-de-santos-serao-capacitados-para-atuar-em-eventos-climaticos-extremos-inscricoes-abertas\\\/\",\"name\":\"Agentes de sa\u00fade de Santos ser\u00e3o capacitados para atuar em eventos clim\u00e1ticos extremos. Inscri\u00e7\u00f5es abertas - Encontra Santos\",\"isPartOf\":{\"@id\":\"https:\\\/\\\/www.encontrasantos.com.br\\\/sobre\\\/#website\"},\"primaryImageOfPage\":{\"@id\":\"https:\\\/\\\/www.encontrasantos.com.br\\\/sobre\\\/agentes-de-saude-de-santos-serao-capacitados-para-atuar-em-eventos-climaticos-extremos-inscricoes-abertas\\\/#primaryimage\"},\"image\":{\"@id\":\"https:\\\/\\\/www.encontrasantos.com.br\\\/sobre\\\/agentes-de-saude-de-santos-serao-capacitados-para-atuar-em-eventos-climaticos-extremos-inscricoes-abertas\\\/#primaryimage\"},\"thumbnailUrl\":\"https:\\\/\\\/www.encontrasantos.com.br\\\/sobre\\\/wp-content\\\/uploads\\\/2026\\\/08\\\/agentes-de-saude-de-santos-serao-capacitados-para-atuar-em-eventos-climaticos-extremos-inscricoes-ab.webp\",\"datePublished\":\"2026-08-30T09:12:38+00:00\",\"author\":{\"@id\":\"https:\\\/\\\/www.encontrasantos.com.br\\\/sobre\\\/#\\\/schema\\\/person\\\/c048a1af2d003b660d350a57d8081717\"},\"breadcrumb\":{\"@id\":\"https:\\\/\\\/www.encontrasantos.com.br\\\/sobre\\\/agentes-de-saude-de-santos-serao-capacitados-para-atuar-em-eventos-climaticos-extremos-inscricoes-abertas\\\/#breadcrumb\"},\"inLanguage\":\"pt-BR\",\"potentialAction\":[{\"@type\":\"ReadAction\",\"target\":[\"https:\\\/\\\/www.encontrasantos.com.br\\\/sobre\\\/agentes-de-saude-de-santos-serao-capacitados-para-atuar-em-eventos-climaticos-extremos-inscricoes-abertas\\\/\"]}]},{\"@type\":\"ImageObject\",\"inLanguage\":\"pt-BR\",\"@id\":\"https:\\\/\\\/www.encontrasantos.com.br\\\/sobre\\\/agentes-de-saude-de-santos-serao-capacitados-para-atuar-em-eventos-climaticos-extremos-inscricoes-abertas\\\/#primaryimage\",\"url\":\"https:\\\/\\\/www.encontrasantos.com.br\\\/sobre\\\/wp-content\\\/uploads\\\/2026\\\/08\\\/agentes-de-saude-de-santos-serao-capacitados-para-atuar-em-eventos-climaticos-extremos-inscricoes-ab.webp\",\"contentUrl\":\"https:\\\/\\\/www.encontrasantos.com.br\\\/sobre\\\/wp-content\\\/uploads\\\/2026\\\/08\\\/agentes-de-saude-de-santos-serao-capacitados-para-atuar-em-eventos-climaticos-extremos-inscricoes-ab.webp\",\"width\":280,\"height\":280,\"caption\":\"capacita\u00e7\u00e3o agentes de sa\u00fade eventos clim\u00e1ticos extremos\"},{\"@type\":\"BreadcrumbList\",\"@id\":\"https:\\\/\\\/www.encontrasantos.com.br\\\/sobre\\\/agentes-de-saude-de-santos-serao-capacitados-para-atuar-em-eventos-climaticos-extremos-inscricoes-abertas\\\/#breadcrumb\",\"itemListElement\":[{\"@type\":\"ListItem\",\"position\":1,\"name\":\"In\u00edcio\",\"item\":\"https:\\\/\\\/www.encontrasantos.com.br\\\/sobre\\\/\"},{\"@type\":\"ListItem\",\"position\":2,\"name\":\"Agentes de sa\u00fade de Santos ser\u00e3o capacitados para atuar em eventos clim\u00e1ticos extremos. Inscri\u00e7\u00f5es abertas\"}]},{\"@type\":\"WebSite\",\"@id\":\"https:\\\/\\\/www.encontrasantos.com.br\\\/sobre\\\/#website\",\"url\":\"https:\\\/\\\/www.encontrasantos.com.br\\\/sobre\\\/\",\"name\":\"Encontra Santos\",\"description\":\"Not\u00edcias, eventos, informa\u00e7\u00f5es e dicas na cidade de Santos e regi\u00e3o\",\"potentialAction\":[{\"@type\":\"SearchAction\",\"target\":{\"@type\":\"EntryPoint\",\"urlTemplate\":\"https:\\\/\\\/www.encontrasantos.com.br\\\/sobre\\\/?s={search_term_string}\"},\"query-input\":{\"@type\":\"PropertyValueSpecification\",\"valueRequired\":true,\"valueName\":\"search_term_string\"}}],\"inLanguage\":\"pt-BR\"},{\"@type\":\"Person\",\"@id\":\"https:\\\/\\\/www.encontrasantos.com.br\\\/sobre\\\/#\\\/schema\\\/person\\\/c048a1af2d003b660d350a57d8081717\",\"name\":\"Encontra Santos\",\"image\":{\"@type\":\"ImageObject\",\"inLanguage\":\"pt-BR\",\"@id\":\"https:\\\/\\\/secure.gravatar.com\\\/avatar\\\/507340682b8270222e1f208e23198b6ae7e2c6a1033ae84e99bc6bce4f82a387?s=96&d=mm&r=g\",\"url\":\"https:\\\/\\\/secure.gravatar.com\\\/avatar\\\/507340682b8270222e1f208e23198b6ae7e2c6a1033ae84e99bc6bce4f82a387?s=96&d=mm&r=g\",\"contentUrl\":\"https:\\\/\\\/secure.gravatar.com\\\/avatar\\\/507340682b8270222e1f208e23198b6ae7e2c6a1033ae84e99bc6bce4f82a387?s=96&d=mm&r=g\",\"caption\":\"Encontra Santos\"},\"sameAs\":[\"http:\\\/\\\/www.encontrasantos.com.br\"],\"url\":\"https:\\\/\\\/www.encontrasantos.com.br\\\/sobre\\\/author\\\/esantos\\\/\"}]}<\/script>\n<!-- \/ Yoast SEO plugin. -->","yoast_head_json":{"title":"Agentes de sa\u00fade de Santos ser\u00e3o capacitados para atuar em eventos clim\u00e1ticos extremos. Inscri\u00e7\u00f5es abertas - Encontra Santos","robots":{"index":"index","follow":"follow","max-snippet":"max-snippet:-1","max-image-preview":"max-image-preview:large","max-video-preview":"max-video-preview:-1"},"canonical":"https:\/\/www.encontrasantos.com.br\/sobre\/agentes-de-saude-de-santos-serao-capacitados-para-atuar-em-eventos-climaticos-extremos-inscricoes-abertas\/","og_locale":"pt_BR","og_type":"article","og_title":"Agentes de sa\u00fade de Santos ser\u00e3o capacitados para atuar em eventos clim\u00e1ticos extremos. Inscri\u00e7\u00f5es abertas - Encontra Santos","og_description":"Capacita\u00e7\u00e3o de agentes de sa\u00fade em Santos para atuar em eventos clim\u00e1ticos extremos est\u00e1 com inscri\u00e7\u00f5es abertas.","og_url":"https:\/\/www.encontrasantos.com.br\/sobre\/agentes-de-saude-de-santos-serao-capacitados-para-atuar-em-eventos-climaticos-extremos-inscricoes-abertas\/","og_site_name":"Encontra Santos","article_published_time":"2026-08-30T09:12:38+00:00","og_image":[{"url":"https:\/\/www.encontrasantos.com.br\/sobre\/wp-content\/uploads\/2026\/08\/agentes-de-saude-de-santos-serao-capacitados-para-atuar-em-eventos-climaticos-extremos-inscricoes-ab.webp","type":"","width":"","height":""}],"author":"Encontra Santos","twitter_card":"summary_large_image","twitter_misc":{"Escrito por":"Encontra Santos","Est. tempo de leitura":"5 minutos"},"schema":{"@context":"https:\/\/schema.org","@graph":[{"@type":"Article","@id":"https:\/\/www.encontrasantos.com.br\/sobre\/agentes-de-saude-de-santos-serao-capacitados-para-atuar-em-eventos-climaticos-extremos-inscricoes-abertas\/#article","isPartOf":{"@id":"https:\/\/www.encontrasantos.com.br\/sobre\/agentes-de-saude-de-santos-serao-capacitados-para-atuar-em-eventos-climaticos-extremos-inscricoes-abertas\/"},"author":{"name":"Encontra Santos","@id":"https:\/\/www.encontrasantos.com.br\/sobre\/#\/schema\/person\/c048a1af2d003b660d350a57d8081717"},"headline":"Agentes de sa\u00fade de Santos ser\u00e3o capacitados para atuar em eventos clim\u00e1ticos extremos. Inscri\u00e7\u00f5es abertas","datePublished":"2026-08-30T09:12:38+00:00","mainEntityOfPage":{"@id":"https:\/\/www.encontrasantos.com.br\/sobre\/agentes-de-saude-de-santos-serao-capacitados-para-atuar-em-eventos-climaticos-extremos-inscricoes-abertas\/"},"wordCount":1022,"commentCount":0,"image":{"@id":"https:\/\/www.encontrasantos.com.br\/sobre\/agentes-de-saude-de-santos-serao-capacitados-para-atuar-em-eventos-climaticos-extremos-inscricoes-abertas\/#primaryimage"},"thumbnailUrl":"https:\/\/www.encontrasantos.com.br\/sobre\/wp-content\/uploads\/2026\/08\/agentes-de-saude-de-santos-serao-capacitados-para-atuar-em-eventos-climaticos-extremos-inscricoes-ab.webp","articleSection":["Sa\u00fade Santos"],"inLanguage":"pt-BR","potentialAction":[{"@type":"CommentAction","name":"Comment","target":["https:\/\/www.encontrasantos.com.br\/sobre\/agentes-de-saude-de-santos-serao-capacitados-para-atuar-em-eventos-climaticos-extremos-inscricoes-abertas\/#respond"]}]},{"@type":"WebPage","@id":"https:\/\/www.encontrasantos.com.br\/sobre\/agentes-de-saude-de-santos-serao-capacitados-para-atuar-em-eventos-climaticos-extremos-inscricoes-abertas\/","url":"https:\/\/www.encontrasantos.com.br\/sobre\/agentes-de-saude-de-santos-serao-capacitados-para-atuar-em-eventos-climaticos-extremos-inscricoes-abertas\/","name":"Agentes de sa\u00fade de Santos ser\u00e3o capacitados para atuar em eventos clim\u00e1ticos extremos. Inscri\u00e7\u00f5es abertas - Encontra Santos","isPartOf":{"@id":"https:\/\/www.encontrasantos.com.br\/sobre\/#website"},"primaryImageOfPage":{"@id":"https:\/\/www.encontrasantos.com.br\/sobre\/agentes-de-saude-de-santos-serao-capacitados-para-atuar-em-eventos-climaticos-extremos-inscricoes-abertas\/#primaryimage"},"image":{"@id":"https:\/\/www.encontrasantos.com.br\/sobre\/agentes-de-saude-de-santos-serao-capacitados-para-atuar-em-eventos-climaticos-extremos-inscricoes-abertas\/#primaryimage"},"thumbnailUrl":"https:\/\/www.encontrasantos.com.br\/sobre\/wp-content\/uploads\/2026\/08\/agentes-de-saude-de-santos-serao-capacitados-para-atuar-em-eventos-climaticos-extremos-inscricoes-ab.webp","datePublished":"2026-08-30T09:12:38+00:00","author":{"@id":"https:\/\/www.encontrasantos.com.br\/sobre\/#\/schema\/person\/c048a1af2d003b660d350a57d8081717"},"breadcrumb":{"@id":"https:\/\/www.encontrasantos.com.br\/sobre\/agentes-de-saude-de-santos-serao-capacitados-para-atuar-em-eventos-climaticos-extremos-inscricoes-abertas\/#breadcrumb"},"inLanguage":"pt-BR","potentialAction":[{"@type":"ReadAction","target":["https:\/\/www.encontrasantos.com.br\/sobre\/agentes-de-saude-de-santos-serao-capacitados-para-atuar-em-eventos-climaticos-extremos-inscricoes-abertas\/"]}]},{"@type":"ImageObject","inLanguage":"pt-BR","@id":"https:\/\/www.encontrasantos.com.br\/sobre\/agentes-de-saude-de-santos-serao-capacitados-para-atuar-em-eventos-climaticos-extremos-inscricoes-abertas\/#primaryimage","url":"https:\/\/www.encontrasantos.com.br\/sobre\/wp-content\/uploads\/2026\/08\/agentes-de-saude-de-santos-serao-capacitados-para-atuar-em-eventos-climaticos-extremos-inscricoes-ab.webp","contentUrl":"https:\/\/www.encontrasantos.com.br\/sobre\/wp-content\/uploads\/2026\/08\/agentes-de-saude-de-santos-serao-capacitados-para-atuar-em-eventos-climaticos-extremos-inscricoes-ab.webp","width":280,"height":280,"caption":"capacita\u00e7\u00e3o agentes de sa\u00fade eventos clim\u00e1ticos extremos"},{"@type":"BreadcrumbList","@id":"https:\/\/www.encontrasantos.com.br\/sobre\/agentes-de-saude-de-santos-serao-capacitados-para-atuar-em-eventos-climaticos-extremos-inscricoes-abertas\/#breadcrumb","itemListElement":[{"@type":"ListItem","position":1,"name":"In\u00edcio","item":"https:\/\/www.encontrasantos.com.br\/sobre\/"},{"@type":"ListItem","position":2,"name":"Agentes de sa\u00fade de Santos ser\u00e3o capacitados para atuar em eventos clim\u00e1ticos extremos. Inscri\u00e7\u00f5es abertas"}]},{"@type":"WebSite","@id":"https:\/\/www.encontrasantos.com.br\/sobre\/#website","url":"https:\/\/www.encontrasantos.com.br\/sobre\/","name":"Encontra Santos","description":"Not\u00edcias, eventos, informa\u00e7\u00f5es e dicas na cidade de Santos e regi\u00e3o","potentialAction":[{"@type":"SearchAction","target":{"@type":"EntryPoint","urlTemplate":"https:\/\/www.encontrasantos.com.br\/sobre\/?s={search_term_string}"},"query-input":{"@type":"PropertyValueSpecification","valueRequired":true,"valueName":"search_term_string"}}],"inLanguage":"pt-BR"},{"@type":"Person","@id":"https:\/\/www.encontrasantos.com.br\/sobre\/#\/schema\/person\/c048a1af2d003b660d350a57d8081717","name":"Encontra Santos","image":{"@type":"ImageObject","inLanguage":"pt-BR","@id":"https:\/\/secure.gravatar.com\/avatar\/507340682b8270222e1f208e23198b6ae7e2c6a1033ae84e99bc6bce4f82a387?s=96&d=mm&r=g","url":"https:\/\/secure.gravatar.com\/avatar\/507340682b8270222e1f208e23198b6ae7e2c6a1033ae84e99bc6bce4f82a387?s=96&d=mm&r=g","contentUrl":"https:\/\/secure.gravatar.com\/avatar\/507340682b8270222e1f208e23198b6ae7e2c6a1033ae84e99bc6bce4f82a387?s=96&d=mm&r=g","caption":"Encontra Santos"},"sameAs":["http:\/\/www.encontrasantos.com.br"],"url":"https:\/\/www.encontrasantos.com.br\/sobre\/author\/esantos\/"}]}},"_links":{"self":[{"href":"https:\/\/www.encontrasantos.com.br\/sobre\/wp-json\/wp\/v2\/posts\/6223","targetHints":{"allow":["GET"]}}],"collection":[{"href":"https:\/\/www.encontrasantos.com.br\/sobre\/wp-json\/wp\/v2\/posts"}],"about":[{"href":"https:\/\/www.encontrasantos.com.br\/sobre\/wp-json\/wp\/v2\/types\/post"}],"author":[{"embeddable":true,"href":"https:\/\/www.encontrasantos.com.br\/sobre\/wp-json\/wp\/v2\/users\/1"}],"replies":[{"embeddable":true,"href":"https:\/\/www.encontrasantos.com.br\/sobre\/wp-json\/wp\/v2\/comments?post=6223"}],"version-history":[{"count":0,"href":"https:\/\/www.encontrasantos.com.br\/sobre\/wp-json\/wp\/v2\/posts\/6223\/revisions"}],"wp:featuredmedia":[{"embeddable":true,"href":"https:\/\/www.encontrasantos.com.br\/sobre\/wp-json\/wp\/v2\/media\/6222"}],"wp:attachment":[{"href":"https:\/\/www.encontrasantos.com.br\/sobre\/wp-json\/wp\/v2\/media?parent=6223"}],"wp:term":[{"taxonomy":"category","embeddable":true,"href":"https:\/\/www.encontrasantos.com.br\/sobre\/wp-json\/wp\/v2\/categories?post=6223"},{"taxonomy":"post_tag","embeddable":true,"href":"https:\/\/www.encontrasantos.com.br\/sobre\/wp-json\/wp\/v2\/tags?post=6223"}],"curies":[{"name":"wp","href":"https:\/\/api.w.org\/{rel}","templated":true}]}}