{"id":5776,"date":"2026-07-07T08:13:56","date_gmt":"2026-07-07T11:13:56","guid":{"rendered":"https:\/\/www.encontrasantos.com.br\/sobre\/sabesp-tera-que-indenizar-condominio-do-litoral-de-sp-apos-falta-de-agua-no-fim-de-ano\/"},"modified":"2026-07-07T08:13:56","modified_gmt":"2026-07-07T11:13:56","slug":"sabesp-tera-que-indenizar-condominio-do-litoral-de-sp-apos-falta-de-agua-no-fim-de-ano","status":"publish","type":"post","link":"https:\/\/www.encontrasantos.com.br\/sobre\/sabesp-tera-que-indenizar-condominio-do-litoral-de-sp-apos-falta-de-agua-no-fim-de-ano\/","title":{"rendered":"Sabesp ter\u00e1 que indenizar condom\u00ednio do litoral de SP ap\u00f3s falta de \u00e1gua no fim de ano"},"content":{"rendered":"<div class=\"79600775c85722932cbf26dff21860fb\" data-index=\"1\" style=\"float: none; margin:0px;\">\n<!-- Anuncio display - global -->\r\n<ins class=\"adsbygoogle\"\r\n     style=\"display:block\"\r\n     data-ad-client=\"ca-pub-8585364105181520\"\r\n     data-ad-slot=\"8789329856\"\r\n     data-ad-format=\"auto\"\r\n     data-full-width-responsive=\"true\"><\/ins>\r\n<script>\r\n     (adsbygoogle = window.adsbygoogle || []).push({});\r\n<\/script>\n<\/div>\n<h2>Decis\u00e3o Judicial Favor\u00e1vel ao Condom\u00ednio<\/h2>\n<p><strong>A Justi\u00e7a da cidade de Santos, S\u00e3o Paulo, tomou uma decis\u00e3o importante que impactou o Condom\u00ednio Conjunto Jardim Europa.<\/strong> A senten\u00e7a determinou que a Sabesp, a Companhia de Saneamento B\u00e1sico do Estado de S\u00e3o Paulo, dever\u00e1 indenizar o condom\u00ednio no valor de <strong>R$ 9.221,44<\/strong> em virtude de falhas significativas no abastecimento de \u00e1gua durante um per\u00edodo cr\u00edtico, que compreendeu o final de 2025 e o in\u00edcio de 2026.<\/p>\n<h2>Detalhes da Indeniza\u00e7\u00e3o<\/h2>\n<p>A indeniza\u00e7\u00e3o foi estabelecida em decorr\u00eancia do desabastecimento de \u00e1gua, que afetou diretamente <strong>244 unidades residenciais<\/strong> do condom\u00ednio. O problema se intensificou durante as festividades de fim de ano, o que agravou a situa\u00e7\u00e3o, j\u00e1 que a alta demanda por servi\u00e7os durante esse per\u00edodo \u00e9 esperada.<\/p>\n<h2>Justificativas Rejeitadas pela Justi\u00e7a<\/h2>\n<p>O juiz <strong>Frederico dos Santos Messias<\/strong> foi claro em sua an\u00e1lise ao descartar as justificativas apresentadas pela Sabesp. A empresa alegou que a estiagem e a falta de energia el\u00e9trica foram as causas do problema. No entanto, o magistrado informou que tais condi\u00e7\u00f5es eram previs\u00edveis e parte dos riscos associados \u00e0 presta\u00e7\u00e3o de um servi\u00e7o essencial como o saneamento b\u00e1sico.<\/p>\n<p><img decoding=\"async\" src=\"https:\/\/www.encontrasantos.com.br\/sobre\/wp-content\/uploads\/2026\/07\/sabesp-tera-que-indenizar-condominio-do-litoral-de-sp-apos-falta-de-agua-no-fim-de-ano.webp\" alt=\"indeniza\u00e7\u00e3o Sabesp condom\u00ednio Santos\" loading=\"lazy\" \/><\/p>\n<h2>Consequ\u00eancias da Falta de \u00c1gua<\/h2>\n<p>A falta de \u00e1gua teve repercuss\u00f5es diretas nas condi\u00e7\u00f5es de higiene e habitabilidade dos moradores do condom\u00ednio. Sem o abastecimento regular de \u00e1gua, a administra\u00e7\u00e3o do condom\u00ednio se viu obrigada a buscar solu\u00e7\u00f5es alternativas, como a contrata\u00e7\u00e3o de caminh\u00f5es-pipa, o que gerou um gasto consider\u00e1vel e inesperado.<\/p>\n<h2>Impacto na Rotina dos Moradores<\/h2>\n<p>Para os moradores do Condom\u00ednio Conjunto Jardim Europa, a falta de \u00e1gua n\u00e3o foi apenas um inconveniente, mas uma verdadeira crise. O desabastecimento afetou atividades di\u00e1rias essenciais, desde a higiene pessoal at\u00e9 o preparo de alimentos, comprometendo a qualidade de vida dos residentes. As festividades natalinas e de Ano Novo, normalmente celebradas com alegria e uni\u00e3o, foram marcadas por preocupa\u00e7\u00f5es e desconfortos.<\/p>\n<h2>Medidas Emergenciais Adotadas<\/h2>\n<p>Diante da emerg\u00eancia gerada pela escassez de \u00e1gua, a administra\u00e7\u00e3o do condom\u00ednio teve que agir rapidamente. A decis\u00e3o de contratar caminh\u00f5es-pipa se apresentou como a \u00fanica op\u00e7\u00e3o vi\u00e1vel para garantir ao menos um abastecimento m\u00ednimo. Essa medida, embora necess\u00e1ria, trouxe \u00e0 tona a insatisfa\u00e7\u00e3o com os servi\u00e7os prestados pela Sabesp e levantou questionamentos acerca da responsabilidade da empresa nas situa\u00e7\u00f5es de emerg\u00eancia.<\/p>\n<h2>A Resposta da Sabesp<\/h2>\n<p>Em resposta \u00e0 condena\u00e7\u00e3o, a Sabesp optou por n\u00e3o se pronunciar sobre a senten\u00e7a, afirmando que n\u00e3o comenta decis\u00f5es judiciais. Essa postura \u00e9 comum em empresas que enfrentam processos judiciais, mas n\u00e3o impede que clientes insatisfeitos busquem direitos por meio da Justi\u00e7a.<\/p>\n<h2>Rela\u00e7\u00e3o com o C\u00f3digo de Defesa do Consumidor<\/h2>\n<p>A decis\u00e3o judicial tamb\u00e9m destaca a rela\u00e7\u00e3o entre a presta\u00e7\u00e3o de servi\u00e7os de saneamento b\u00e1sico e as normas do <strong>C\u00f3digo de Defesa do Consumidor<\/strong>. O juiz enfatizou que a concession\u00e1ria \u00e9 respons\u00e1vel pela continuidade do servi\u00e7o, de acordo com a legisla\u00e7\u00e3o. Essa perspectiva ressalta a necessidade de que as empresas fornecedoras de servi\u00e7os p\u00fablicos mantenham padr\u00f5es adequados de qualidade e confiabilidade.<\/p>\n<h2>Pr\u00f3ximos Passos Legais<\/h2>\n<p>A decis\u00e3o da Justi\u00e7a ainda cabe recurso, o que significa que a Sabesp poder\u00e1 contestar a decis\u00e3o em inst\u00e2ncias superiores, prolongando o processo de indeniza\u00e7\u00e3o. Para os moradores e a administra\u00e7\u00e3o do Condom\u00ednio Conjunto Jardim Europa, a expectativa \u00e9 de que a quest\u00e3o seja resolvida rapidamente, de forma a garantir os direitos dos consumidores e a responsabiliza\u00e7\u00e3o adequada da concession\u00e1ria.<\/p>\n<h2>Reflex\u00f5es sobre o Servi\u00e7o P\u00fablico e Responsabilidade<\/h2>\n<p>Este caso evidencia a import\u00e2ncia de um servi\u00e7o p\u00fablico eficiente e respons\u00e1vel. A responsabilidade das empresas que prestam servi\u00e7os essenciais, como \u00e1gua e saneamento, n\u00e3o deve se limitar \u00e0 entrega do produto, mas deve englobar a capacidade de manuten\u00e7\u00e3o e a resposta diante de crises. A constata\u00e7\u00e3o de que as solu\u00e7\u00f5es improvisadas, como a utiliza\u00e7\u00e3o de caminh\u00f5es-pipa, s\u00e3o necess\u00e1rias, sublinha a urg\u00eancia de um aprimoramento na gest\u00e3o dos servi\u00e7os p\u00fablicos em todo o pa\u00eds.<\/p>\n<p>A realidade enfrentada pelo Condom\u00ednio Conjunto Jardim Europa serve como um alerta para todos os consumidores de servi\u00e7os essenciais, ressaltando a necessidade de vigil\u00e2ncia e reivindica\u00e7\u00e3o de direitos. Quando as empresas falham em suas obriga\u00e7\u00f5es, \u00e9 fundamental que os cidad\u00e3os se mobilizem para buscar justi\u00e7a e responsabiliza\u00e7\u00e3o.<\/p>\n\n<div style=\"font-size: 0px; height: 0px; line-height: 0px; margin: 0; padding: 0; clear: both;\"><\/div>","protected":false},"excerpt":{"rendered":"<p>Sabesp deve indenizar condom\u00ednio de Santos ap\u00f3s falta de \u00e1gua no fim de ano.<\/p>\n","protected":false},"author":1,"featured_media":5775,"comment_status":"open","ping_status":"closed","sticky":false,"template":"","format":"standard","meta":{"footnotes":""},"categories":[6],"tags":[],"class_list":["post-5776","post","type-post","status-publish","format-standard","has-post-thumbnail","hentry","category-noticias-em-santos","has_thumb"],"yoast_head":"<!-- This site is optimized with the Yoast SEO plugin v28.2 - https:\/\/yoast.com\/product\/yoast-seo-wordpress\/ -->\n<title>Sabesp ter\u00e1 que indenizar condom\u00ednio do litoral de SP ap\u00f3s falta de \u00e1gua no fim de ano - Encontra Santos<\/title>\n<meta name=\"robots\" content=\"index, follow, max-snippet:-1, max-image-preview:large, max-video-preview:-1\" \/>\n<link rel=\"canonical\" href=\"https:\/\/www.encontrasantos.com.br\/sobre\/sabesp-tera-que-indenizar-condominio-do-litoral-de-sp-apos-falta-de-agua-no-fim-de-ano\/\" \/>\n<meta property=\"og:locale\" content=\"pt_BR\" \/>\n<meta property=\"og:type\" content=\"article\" \/>\n<meta property=\"og:title\" content=\"Sabesp ter\u00e1 que indenizar condom\u00ednio do litoral de SP ap\u00f3s falta de \u00e1gua no fim de ano - Encontra Santos\" \/>\n<meta property=\"og:description\" content=\"Sabesp deve indenizar condom\u00ednio de Santos ap\u00f3s falta de \u00e1gua no fim de ano.\" \/>\n<meta property=\"og:url\" content=\"https:\/\/www.encontrasantos.com.br\/sobre\/sabesp-tera-que-indenizar-condominio-do-litoral-de-sp-apos-falta-de-agua-no-fim-de-ano\/\" \/>\n<meta property=\"og:site_name\" content=\"Encontra Santos\" \/>\n<meta property=\"article:published_time\" content=\"2026-07-07T11:13:56+00:00\" \/>\n<meta property=\"og:image\" content=\"https:\/\/www.encontrasantos.com.br\/sobre\/wp-content\/uploads\/2026\/07\/sabesp-tera-que-indenizar-condominio-do-litoral-de-sp-apos-falta-de-agua-no-fim-de-ano.webp\" \/>\n<meta name=\"author\" content=\"Encontra Santos\" \/>\n<meta name=\"twitter:card\" content=\"summary_large_image\" \/>\n<meta name=\"twitter:label1\" content=\"Escrito por\" \/>\n\t<meta name=\"twitter:data1\" content=\"Encontra Santos\" \/>\n\t<meta name=\"twitter:label2\" content=\"Est. tempo de leitura\" \/>\n\t<meta name=\"twitter:data2\" content=\"4 minutos\" \/>\n<script type=\"application\/ld+json\" class=\"yoast-schema-graph\">{\"@context\":\"https:\\\/\\\/schema.org\",\"@graph\":[{\"@type\":\"Article\",\"@id\":\"https:\\\/\\\/www.encontrasantos.com.br\\\/sobre\\\/sabesp-tera-que-indenizar-condominio-do-litoral-de-sp-apos-falta-de-agua-no-fim-de-ano\\\/#article\",\"isPartOf\":{\"@id\":\"https:\\\/\\\/www.encontrasantos.com.br\\\/sobre\\\/sabesp-tera-que-indenizar-condominio-do-litoral-de-sp-apos-falta-de-agua-no-fim-de-ano\\\/\"},\"author\":{\"name\":\"Encontra Santos\",\"@id\":\"https:\\\/\\\/www.encontrasantos.com.br\\\/sobre\\\/#\\\/schema\\\/person\\\/c048a1af2d003b660d350a57d8081717\"},\"headline\":\"Sabesp ter\u00e1 que indenizar condom\u00ednio do litoral de SP ap\u00f3s falta de \u00e1gua no fim de ano\",\"datePublished\":\"2026-07-07T11:13:56+00:00\",\"mainEntityOfPage\":{\"@id\":\"https:\\\/\\\/www.encontrasantos.com.br\\\/sobre\\\/sabesp-tera-que-indenizar-condominio-do-litoral-de-sp-apos-falta-de-agua-no-fim-de-ano\\\/\"},\"wordCount\":802,\"commentCount\":0,\"image\":{\"@id\":\"https:\\\/\\\/www.encontrasantos.com.br\\\/sobre\\\/sabesp-tera-que-indenizar-condominio-do-litoral-de-sp-apos-falta-de-agua-no-fim-de-ano\\\/#primaryimage\"},\"thumbnailUrl\":\"https:\\\/\\\/www.encontrasantos.com.br\\\/sobre\\\/wp-content\\\/uploads\\\/2026\\\/07\\\/sabesp-tera-que-indenizar-condominio-do-litoral-de-sp-apos-falta-de-agua-no-fim-de-ano.webp\",\"articleSection\":[\"Not\u00edcias Santos\"],\"inLanguage\":\"pt-BR\",\"potentialAction\":[{\"@type\":\"CommentAction\",\"name\":\"Comment\",\"target\":[\"https:\\\/\\\/www.encontrasantos.com.br\\\/sobre\\\/sabesp-tera-que-indenizar-condominio-do-litoral-de-sp-apos-falta-de-agua-no-fim-de-ano\\\/#respond\"]}]},{\"@type\":\"WebPage\",\"@id\":\"https:\\\/\\\/www.encontrasantos.com.br\\\/sobre\\\/sabesp-tera-que-indenizar-condominio-do-litoral-de-sp-apos-falta-de-agua-no-fim-de-ano\\\/\",\"url\":\"https:\\\/\\\/www.encontrasantos.com.br\\\/sobre\\\/sabesp-tera-que-indenizar-condominio-do-litoral-de-sp-apos-falta-de-agua-no-fim-de-ano\\\/\",\"name\":\"Sabesp ter\u00e1 que indenizar condom\u00ednio do litoral de SP ap\u00f3s falta de \u00e1gua no fim de ano - Encontra Santos\",\"isPartOf\":{\"@id\":\"https:\\\/\\\/www.encontrasantos.com.br\\\/sobre\\\/#website\"},\"primaryImageOfPage\":{\"@id\":\"https:\\\/\\\/www.encontrasantos.com.br\\\/sobre\\\/sabesp-tera-que-indenizar-condominio-do-litoral-de-sp-apos-falta-de-agua-no-fim-de-ano\\\/#primaryimage\"},\"image\":{\"@id\":\"https:\\\/\\\/www.encontrasantos.com.br\\\/sobre\\\/sabesp-tera-que-indenizar-condominio-do-litoral-de-sp-apos-falta-de-agua-no-fim-de-ano\\\/#primaryimage\"},\"thumbnailUrl\":\"https:\\\/\\\/www.encontrasantos.com.br\\\/sobre\\\/wp-content\\\/uploads\\\/2026\\\/07\\\/sabesp-tera-que-indenizar-condominio-do-litoral-de-sp-apos-falta-de-agua-no-fim-de-ano.webp\",\"datePublished\":\"2026-07-07T11:13:56+00:00\",\"author\":{\"@id\":\"https:\\\/\\\/www.encontrasantos.com.br\\\/sobre\\\/#\\\/schema\\\/person\\\/c048a1af2d003b660d350a57d8081717\"},\"breadcrumb\":{\"@id\":\"https:\\\/\\\/www.encontrasantos.com.br\\\/sobre\\\/sabesp-tera-que-indenizar-condominio-do-litoral-de-sp-apos-falta-de-agua-no-fim-de-ano\\\/#breadcrumb\"},\"inLanguage\":\"pt-BR\",\"potentialAction\":[{\"@type\":\"ReadAction\",\"target\":[\"https:\\\/\\\/www.encontrasantos.com.br\\\/sobre\\\/sabesp-tera-que-indenizar-condominio-do-litoral-de-sp-apos-falta-de-agua-no-fim-de-ano\\\/\"]}]},{\"@type\":\"ImageObject\",\"inLanguage\":\"pt-BR\",\"@id\":\"https:\\\/\\\/www.encontrasantos.com.br\\\/sobre\\\/sabesp-tera-que-indenizar-condominio-do-litoral-de-sp-apos-falta-de-agua-no-fim-de-ano\\\/#primaryimage\",\"url\":\"https:\\\/\\\/www.encontrasantos.com.br\\\/sobre\\\/wp-content\\\/uploads\\\/2026\\\/07\\\/sabesp-tera-que-indenizar-condominio-do-litoral-de-sp-apos-falta-de-agua-no-fim-de-ano.webp\",\"contentUrl\":\"https:\\\/\\\/www.encontrasantos.com.br\\\/sobre\\\/wp-content\\\/uploads\\\/2026\\\/07\\\/sabesp-tera-que-indenizar-condominio-do-litoral-de-sp-apos-falta-de-agua-no-fim-de-ano.webp\",\"width\":280,\"height\":280,\"caption\":\"indeniza\u00e7\u00e3o Sabesp condom\u00ednio Santos\"},{\"@type\":\"BreadcrumbList\",\"@id\":\"https:\\\/\\\/www.encontrasantos.com.br\\\/sobre\\\/sabesp-tera-que-indenizar-condominio-do-litoral-de-sp-apos-falta-de-agua-no-fim-de-ano\\\/#breadcrumb\",\"itemListElement\":[{\"@type\":\"ListItem\",\"position\":1,\"name\":\"In\u00edcio\",\"item\":\"https:\\\/\\\/www.encontrasantos.com.br\\\/sobre\\\/\"},{\"@type\":\"ListItem\",\"position\":2,\"name\":\"Sabesp ter\u00e1 que indenizar condom\u00ednio do litoral de SP ap\u00f3s falta de \u00e1gua no fim de ano\"}]},{\"@type\":\"WebSite\",\"@id\":\"https:\\\/\\\/www.encontrasantos.com.br\\\/sobre\\\/#website\",\"url\":\"https:\\\/\\\/www.encontrasantos.com.br\\\/sobre\\\/\",\"name\":\"Encontra Santos\",\"description\":\"Not\u00edcias, eventos, informa\u00e7\u00f5es e dicas na cidade de Santos e regi\u00e3o\",\"potentialAction\":[{\"@type\":\"SearchAction\",\"target\":{\"@type\":\"EntryPoint\",\"urlTemplate\":\"https:\\\/\\\/www.encontrasantos.com.br\\\/sobre\\\/?s={search_term_string}\"},\"query-input\":{\"@type\":\"PropertyValueSpecification\",\"valueRequired\":true,\"valueName\":\"search_term_string\"}}],\"inLanguage\":\"pt-BR\"},{\"@type\":\"Person\",\"@id\":\"https:\\\/\\\/www.encontrasantos.com.br\\\/sobre\\\/#\\\/schema\\\/person\\\/c048a1af2d003b660d350a57d8081717\",\"name\":\"Encontra Santos\",\"image\":{\"@type\":\"ImageObject\",\"inLanguage\":\"pt-BR\",\"@id\":\"https:\\\/\\\/secure.gravatar.com\\\/avatar\\\/507340682b8270222e1f208e23198b6ae7e2c6a1033ae84e99bc6bce4f82a387?s=96&d=mm&r=g\",\"url\":\"https:\\\/\\\/secure.gravatar.com\\\/avatar\\\/507340682b8270222e1f208e23198b6ae7e2c6a1033ae84e99bc6bce4f82a387?s=96&d=mm&r=g\",\"contentUrl\":\"https:\\\/\\\/secure.gravatar.com\\\/avatar\\\/507340682b8270222e1f208e23198b6ae7e2c6a1033ae84e99bc6bce4f82a387?s=96&d=mm&r=g\",\"caption\":\"Encontra Santos\"},\"sameAs\":[\"http:\\\/\\\/www.encontrasantos.com.br\"],\"url\":\"https:\\\/\\\/www.encontrasantos.com.br\\\/sobre\\\/author\\\/esantos\\\/\"}]}<\/script>\n<!-- \/ Yoast SEO plugin. -->","yoast_head_json":{"title":"Sabesp ter\u00e1 que indenizar condom\u00ednio do litoral de SP ap\u00f3s falta de \u00e1gua no fim de ano - Encontra Santos","robots":{"index":"index","follow":"follow","max-snippet":"max-snippet:-1","max-image-preview":"max-image-preview:large","max-video-preview":"max-video-preview:-1"},"canonical":"https:\/\/www.encontrasantos.com.br\/sobre\/sabesp-tera-que-indenizar-condominio-do-litoral-de-sp-apos-falta-de-agua-no-fim-de-ano\/","og_locale":"pt_BR","og_type":"article","og_title":"Sabesp ter\u00e1 que indenizar condom\u00ednio do litoral de SP ap\u00f3s falta de \u00e1gua no fim de ano - Encontra Santos","og_description":"Sabesp deve indenizar condom\u00ednio de Santos ap\u00f3s falta de \u00e1gua no fim de ano.","og_url":"https:\/\/www.encontrasantos.com.br\/sobre\/sabesp-tera-que-indenizar-condominio-do-litoral-de-sp-apos-falta-de-agua-no-fim-de-ano\/","og_site_name":"Encontra Santos","article_published_time":"2026-07-07T11:13:56+00:00","og_image":[{"url":"https:\/\/www.encontrasantos.com.br\/sobre\/wp-content\/uploads\/2026\/07\/sabesp-tera-que-indenizar-condominio-do-litoral-de-sp-apos-falta-de-agua-no-fim-de-ano.webp","type":"","width":"","height":""}],"author":"Encontra Santos","twitter_card":"summary_large_image","twitter_misc":{"Escrito por":"Encontra Santos","Est. tempo de leitura":"4 minutos"},"schema":{"@context":"https:\/\/schema.org","@graph":[{"@type":"Article","@id":"https:\/\/www.encontrasantos.com.br\/sobre\/sabesp-tera-que-indenizar-condominio-do-litoral-de-sp-apos-falta-de-agua-no-fim-de-ano\/#article","isPartOf":{"@id":"https:\/\/www.encontrasantos.com.br\/sobre\/sabesp-tera-que-indenizar-condominio-do-litoral-de-sp-apos-falta-de-agua-no-fim-de-ano\/"},"author":{"name":"Encontra Santos","@id":"https:\/\/www.encontrasantos.com.br\/sobre\/#\/schema\/person\/c048a1af2d003b660d350a57d8081717"},"headline":"Sabesp ter\u00e1 que indenizar condom\u00ednio do litoral de SP ap\u00f3s falta de \u00e1gua no fim de ano","datePublished":"2026-07-07T11:13:56+00:00","mainEntityOfPage":{"@id":"https:\/\/www.encontrasantos.com.br\/sobre\/sabesp-tera-que-indenizar-condominio-do-litoral-de-sp-apos-falta-de-agua-no-fim-de-ano\/"},"wordCount":802,"commentCount":0,"image":{"@id":"https:\/\/www.encontrasantos.com.br\/sobre\/sabesp-tera-que-indenizar-condominio-do-litoral-de-sp-apos-falta-de-agua-no-fim-de-ano\/#primaryimage"},"thumbnailUrl":"https:\/\/www.encontrasantos.com.br\/sobre\/wp-content\/uploads\/2026\/07\/sabesp-tera-que-indenizar-condominio-do-litoral-de-sp-apos-falta-de-agua-no-fim-de-ano.webp","articleSection":["Not\u00edcias Santos"],"inLanguage":"pt-BR","potentialAction":[{"@type":"CommentAction","name":"Comment","target":["https:\/\/www.encontrasantos.com.br\/sobre\/sabesp-tera-que-indenizar-condominio-do-litoral-de-sp-apos-falta-de-agua-no-fim-de-ano\/#respond"]}]},{"@type":"WebPage","@id":"https:\/\/www.encontrasantos.com.br\/sobre\/sabesp-tera-que-indenizar-condominio-do-litoral-de-sp-apos-falta-de-agua-no-fim-de-ano\/","url":"https:\/\/www.encontrasantos.com.br\/sobre\/sabesp-tera-que-indenizar-condominio-do-litoral-de-sp-apos-falta-de-agua-no-fim-de-ano\/","name":"Sabesp ter\u00e1 que indenizar condom\u00ednio do litoral de SP ap\u00f3s falta de \u00e1gua no fim de ano - Encontra Santos","isPartOf":{"@id":"https:\/\/www.encontrasantos.com.br\/sobre\/#website"},"primaryImageOfPage":{"@id":"https:\/\/www.encontrasantos.com.br\/sobre\/sabesp-tera-que-indenizar-condominio-do-litoral-de-sp-apos-falta-de-agua-no-fim-de-ano\/#primaryimage"},"image":{"@id":"https:\/\/www.encontrasantos.com.br\/sobre\/sabesp-tera-que-indenizar-condominio-do-litoral-de-sp-apos-falta-de-agua-no-fim-de-ano\/#primaryimage"},"thumbnailUrl":"https:\/\/www.encontrasantos.com.br\/sobre\/wp-content\/uploads\/2026\/07\/sabesp-tera-que-indenizar-condominio-do-litoral-de-sp-apos-falta-de-agua-no-fim-de-ano.webp","datePublished":"2026-07-07T11:13:56+00:00","author":{"@id":"https:\/\/www.encontrasantos.com.br\/sobre\/#\/schema\/person\/c048a1af2d003b660d350a57d8081717"},"breadcrumb":{"@id":"https:\/\/www.encontrasantos.com.br\/sobre\/sabesp-tera-que-indenizar-condominio-do-litoral-de-sp-apos-falta-de-agua-no-fim-de-ano\/#breadcrumb"},"inLanguage":"pt-BR","potentialAction":[{"@type":"ReadAction","target":["https:\/\/www.encontrasantos.com.br\/sobre\/sabesp-tera-que-indenizar-condominio-do-litoral-de-sp-apos-falta-de-agua-no-fim-de-ano\/"]}]},{"@type":"ImageObject","inLanguage":"pt-BR","@id":"https:\/\/www.encontrasantos.com.br\/sobre\/sabesp-tera-que-indenizar-condominio-do-litoral-de-sp-apos-falta-de-agua-no-fim-de-ano\/#primaryimage","url":"https:\/\/www.encontrasantos.com.br\/sobre\/wp-content\/uploads\/2026\/07\/sabesp-tera-que-indenizar-condominio-do-litoral-de-sp-apos-falta-de-agua-no-fim-de-ano.webp","contentUrl":"https:\/\/www.encontrasantos.com.br\/sobre\/wp-content\/uploads\/2026\/07\/sabesp-tera-que-indenizar-condominio-do-litoral-de-sp-apos-falta-de-agua-no-fim-de-ano.webp","width":280,"height":280,"caption":"indeniza\u00e7\u00e3o Sabesp condom\u00ednio Santos"},{"@type":"BreadcrumbList","@id":"https:\/\/www.encontrasantos.com.br\/sobre\/sabesp-tera-que-indenizar-condominio-do-litoral-de-sp-apos-falta-de-agua-no-fim-de-ano\/#breadcrumb","itemListElement":[{"@type":"ListItem","position":1,"name":"In\u00edcio","item":"https:\/\/www.encontrasantos.com.br\/sobre\/"},{"@type":"ListItem","position":2,"name":"Sabesp ter\u00e1 que indenizar condom\u00ednio do litoral de SP ap\u00f3s falta de \u00e1gua no fim de ano"}]},{"@type":"WebSite","@id":"https:\/\/www.encontrasantos.com.br\/sobre\/#website","url":"https:\/\/www.encontrasantos.com.br\/sobre\/","name":"Encontra Santos","description":"Not\u00edcias, eventos, informa\u00e7\u00f5es e dicas na cidade de Santos e regi\u00e3o","potentialAction":[{"@type":"SearchAction","target":{"@type":"EntryPoint","urlTemplate":"https:\/\/www.encontrasantos.com.br\/sobre\/?s={search_term_string}"},"query-input":{"@type":"PropertyValueSpecification","valueRequired":true,"valueName":"search_term_string"}}],"inLanguage":"pt-BR"},{"@type":"Person","@id":"https:\/\/www.encontrasantos.com.br\/sobre\/#\/schema\/person\/c048a1af2d003b660d350a57d8081717","name":"Encontra Santos","image":{"@type":"ImageObject","inLanguage":"pt-BR","@id":"https:\/\/secure.gravatar.com\/avatar\/507340682b8270222e1f208e23198b6ae7e2c6a1033ae84e99bc6bce4f82a387?s=96&d=mm&r=g","url":"https:\/\/secure.gravatar.com\/avatar\/507340682b8270222e1f208e23198b6ae7e2c6a1033ae84e99bc6bce4f82a387?s=96&d=mm&r=g","contentUrl":"https:\/\/secure.gravatar.com\/avatar\/507340682b8270222e1f208e23198b6ae7e2c6a1033ae84e99bc6bce4f82a387?s=96&d=mm&r=g","caption":"Encontra Santos"},"sameAs":["http:\/\/www.encontrasantos.com.br"],"url":"https:\/\/www.encontrasantos.com.br\/sobre\/author\/esantos\/"}]}},"_links":{"self":[{"href":"https:\/\/www.encontrasantos.com.br\/sobre\/wp-json\/wp\/v2\/posts\/5776","targetHints":{"allow":["GET"]}}],"collection":[{"href":"https:\/\/www.encontrasantos.com.br\/sobre\/wp-json\/wp\/v2\/posts"}],"about":[{"href":"https:\/\/www.encontrasantos.com.br\/sobre\/wp-json\/wp\/v2\/types\/post"}],"author":[{"embeddable":true,"href":"https:\/\/www.encontrasantos.com.br\/sobre\/wp-json\/wp\/v2\/users\/1"}],"replies":[{"embeddable":true,"href":"https:\/\/www.encontrasantos.com.br\/sobre\/wp-json\/wp\/v2\/comments?post=5776"}],"version-history":[{"count":0,"href":"https:\/\/www.encontrasantos.com.br\/sobre\/wp-json\/wp\/v2\/posts\/5776\/revisions"}],"wp:featuredmedia":[{"embeddable":true,"href":"https:\/\/www.encontrasantos.com.br\/sobre\/wp-json\/wp\/v2\/media\/5775"}],"wp:attachment":[{"href":"https:\/\/www.encontrasantos.com.br\/sobre\/wp-json\/wp\/v2\/media?parent=5776"}],"wp:term":[{"taxonomy":"category","embeddable":true,"href":"https:\/\/www.encontrasantos.com.br\/sobre\/wp-json\/wp\/v2\/categories?post=5776"},{"taxonomy":"post_tag","embeddable":true,"href":"https:\/\/www.encontrasantos.com.br\/sobre\/wp-json\/wp\/v2\/tags?post=5776"}],"curies":[{"name":"wp","href":"https:\/\/api.w.org\/{rel}","templated":true}]}}