{"id":5411,"date":"2026-04-30T12:28:15","date_gmt":"2026-04-30T15:28:15","guid":{"rendered":"https:\/\/www.encontrasantos.com.br\/sobre\/o-som-das-palafitas-abre-a-temporada-2026-com-participacao-de-seu-jorge-em-santos\/"},"modified":"2026-04-30T12:28:15","modified_gmt":"2026-04-30T15:28:15","slug":"o-som-das-palafitas-abre-a-temporada-2026-com-participacao-de-seu-jorge-em-santos","status":"publish","type":"post","link":"https:\/\/www.encontrasantos.com.br\/sobre\/o-som-das-palafitas-abre-a-temporada-2026-com-participacao-de-seu-jorge-em-santos\/","title":{"rendered":"O Som das Palafitas&#8217; abre a temporada 2026 com participa\u00e7\u00e3o de Seu Jorge, em Santos"},"content":{"rendered":"<div class=\"79600775c85722932cbf26dff21860fb\" data-index=\"1\" style=\"float: none; margin:0px;\">\n<!-- Anuncio display - global -->\r\n<ins class=\"adsbygoogle\"\r\n     style=\"display:block\"\r\n     data-ad-client=\"ca-pub-8585364105181520\"\r\n     data-ad-slot=\"8789329856\"\r\n     data-ad-format=\"auto\"\r\n     data-full-width-responsive=\"true\"><\/ins>\r\n<script>\r\n     (adsbygoogle = window.adsbygoogle || []).push({});\r\n<\/script>\n<\/div>\n<h2>Abertura da Temporada 2026<\/h2>\n<p>No dia 29 de abril de 2026, o projeto <strong>O Som das Palafitas<\/strong> ser\u00e1 oficialmente reaberto em Santos, marcando o in\u00edcio de uma nova temporada. O evento est\u00e1 programado para ocorrer \u00e0s 15h na sede do <strong>Arte no Dique<\/strong>, localizada na Avenida Brigadeiro Faria Lima, n\u00famero 1349. Essa temporada dar\u00e1 continuidade a um projeto que busca integrar a m\u00fasica e a cultura local, beneficiando particularmente a <strong>Vila Gilda<\/strong>, um bairro da Zona Noroeste, que se destaca pela sua diversidade e riqueza cultural.<\/p>\n<h2>Participa\u00e7\u00e3o Especial de Seu Jorge<\/h2>\n<p>A abertura ser\u00e1 ainda mais especial com a presen\u00e7a do renomado cantor <strong>Seu Jorge<\/strong>, que proporcionar\u00e1 uma homenagem aos moradores e visitantes com sua m\u00fasica envolvente. O artista, conhecido por seus ritmos que misturam samba e MPB, promete encantar o p\u00fablico e ressaltar a vitalidade cultural da regi\u00e3o. Al\u00e9m disso, a performance de Seu Jorge simboliza a uni\u00e3o entre a m\u00fasica e as transforma\u00e7\u00f5es sociais que est\u00e3o acontecendo em Vila Gilda.<\/p>\n<h2>Impacto Cultural na Vila Gilda<\/h2>\n<p>O projeto visa n\u00e3o apenas entreter, mas tamb\u00e9m fomentar a cultura e a identidade local. A participa\u00e7\u00e3o da comunidade, a ilumina\u00e7\u00e3o de talentos regionais e a reciclagem de espa\u00e7os p\u00fablicos para eventos culturais s\u00e3o aspectos cruciais dessa iniciativa. O <strong>Som das Palafitas<\/strong> busca criar um espa\u00e7o onde os moradores possam expressar sua criatividade, dar visibilidade a artistas locais e fortalecer la\u00e7os comunit\u00e1rios. O evento se torna um momento de celebra\u00e7\u00e3o e ressurgimento cultural no bairro.<\/p>\n<p><img decoding=\"async\" src=\"https:\/\/www.encontrasantos.com.br\/sobre\/wp-content\/uploads\/2026\/04\/o-som-das-palafitas-abre-a-temporada-2026-com-participacao-de-seu-jorge-em-santos.webp\" alt=\"O Som das Palafitas\" loading=\"lazy\" \/><\/p>\n<h2>Iniciativas de Desenvolvimento Social<\/h2>\n<p>Al\u00e9m das manifesta\u00e7\u00f5es art\u00edsticas, O Som das Palafitas tamb\u00e9m traz um forte componente de desenvolvimento social. Esta temporada inicia projetos que visam aprimorar as habilidades art\u00edsticas da comunidade local. Atrav\u00e9s de oficinas e cursos de forma\u00e7\u00e3o musical, os moradores ter\u00e3o a oportunidade de aprender e desenvolver novas compet\u00eancias, o que pode gerar novas oportunidades de emprego e autonomia financeira.<\/p>\n<h2>Melhorias na Infraestrutura do Bairro<\/h2>\n<p>O projeto tamb\u00e9m coincide com um momento significativo de transforma\u00e7\u00e3o estruturante na <strong>Vila Gilda<\/strong>. Est\u00e1 em andamento uma interven\u00e7\u00e3o que visa conectar aproximadamente 3 mil resid\u00eancias \u00e0s redes de \u00e1gua e esgoto, melhorando drasticamente a qualidade de vida dos moradores. Essas obras n\u00e3o apenas proporcionar\u00e3o acesso a servi\u00e7os essenciais, mas tamb\u00e9m ter\u00e3o efeitos positivos na sa\u00fade p\u00fablica e no meio ambiente, contribuindo para um futuro mais sustent\u00e1vel para a comunidade.<\/p>\n<h2>Patroc\u00ednio e Apoio da Sabesp<\/h2>\n<p>A realiza\u00e7\u00e3o desse projeto \u00e9 viabilizada por meio do patroc\u00ednio da <strong>Sabesp<\/strong>, utilizando recursos da <strong>Lei de Incentivo \u00e0 Cultura<\/strong>. Esse suporte \u00e9 essencial para a execu\u00e7\u00e3o de atividades que promovam a arte e a cultura local, e demonstra um compromisso da empresa com a responsabilidade social e o desenvolvimento sustent\u00e1vel da regi\u00e3o. A diretora executiva de Rela\u00e7\u00f5es Institucionais e Sustentabilidade da Sabesp, <strong>Samanta Souza<\/strong>, destaca a import\u00e2ncia dessa iniciativa: &#8220;O projeto dialoga com um novo ciclo de investimentos, que impactar\u00e1 positivamente diferentes esferas da vida dos cidad\u00e3os.&#8221;<\/p>\n<h2>A Import\u00e2ncia da M\u00fasica na Comunidade<\/h2>\n<p>A m\u00fasica desempenha um papel fundamental na cultura de qualquer comunidade. Em Vila Gilda, o Som das Palafitas se torna um vetor de transforma\u00e7\u00e3o social, promovendo n\u00e3o apenas eventos musicais, mas tamb\u00e9m encontros e f\u00f3runs de discuss\u00e3o sobre quest\u00f5es sociais. A m\u00fasica \u00e9 uma forma de express\u00e3o poderosa que pode unir as pessoas, elevando a autoestima e fortalecendo a identidade cultural dos moradores.<\/p>\n<h2>Agenda Cultural e Atividades Programadas<\/h2>\n<p>Com a abertura da nova temporada, diversas atividades culturais estar\u00e3o programadas ao longo do ano. Essas atividades incluem workshops, apresenta\u00e7\u00f5es teatrais, exibi\u00e7\u00f5es de cinema, e uma s\u00e9rie de performances de artistas locais. O calend\u00e1rio cultural ser\u00e1 cuidadosamente elaborado para garantir que todos os segmentos da comunidade se sintam representados e inclu\u00eddos. Cada evento ser\u00e1 uma oportunidade para que a cultura local se manifeste e cres\u00e7a, enriquecendo a experi\u00eancia de todos os envolvidos.<\/p>\n<h2>Objetivos do Desenvolvimento Sustent\u00e1vel<\/h2>\n<p>O projeto O Som das Palafitas est\u00e1 alinhado com os <strong>Objetivos do Desenvolvimento Sustent\u00e1vel<\/strong> (ODS) da <strong>ONU<\/strong>, especialmente o ODS 9, que se refere \u00e0 Ind\u00fastria, Inova\u00e7\u00e3o e Infraestrutura. O desenvolvimento de uma infraestrutura robusta na <strong>Vila Gilda<\/strong> n\u00e3o s\u00f3 impulsiona a economia local, mas tamb\u00e9m promove a inclus\u00e3o social atrav\u00e9s da cultura e da arte. A iniciativa se preocupa em garantir que as comunidades tenham acesso a servi\u00e7os que melhoram sua qualidade de vida e a preserva\u00e7\u00e3o de seu patrim\u00f4nio cultural.<\/p>\n<h2>A Relev\u00e2ncia da Cultura na Pol\u00edtica Local<\/h2>\n<p>A cultura deve ser um pilar central nas pol\u00edticas p\u00fablicas locais. O Som das Palafitas representa uma vis\u00e3o de futuro onde a arte e a cultura n\u00e3o s\u00e3o apenas vistos como op\u00e7\u00f5es, mas como elementos essenciais para o desenvolvimento sustent\u00e1vel das comunidades. As pol\u00edticas devem ser desenhadas para apoiar iniciativas como essa, que criam um impacto social positivo e fortalecem a infraestrutura cultural das cidades. O apoio governamental e corporativo a projetos culturais \u00e9 vital para assegurar que a arte continue a prosperar e a refletir as vozes da comunidade.<\/p>\n\n<div style=\"font-size: 0px; height: 0px; line-height: 0px; margin: 0; padding: 0; clear: both;\"><\/div>","protected":false},"excerpt":{"rendered":"<p>O Som das Palafitas traz Seu Jorge para abrir a temporada 2026 em Santos.<\/p>\n","protected":false},"author":1,"featured_media":5410,"comment_status":"open","ping_status":"closed","sticky":false,"template":"","format":"standard","meta":{"footnotes":""},"categories":[6],"tags":[],"class_list":["post-5411","post","type-post","status-publish","format-standard","has-post-thumbnail","hentry","category-noticias-em-santos","has_thumb"],"yoast_head":"<!-- This site is optimized with the Yoast SEO plugin v26.4 - https:\/\/yoast.com\/wordpress\/plugins\/seo\/ -->\n<title>O Som das Palafitas&#039; abre a temporada 2026 com participa\u00e7\u00e3o de Seu Jorge, em Santos - Encontra Santos<\/title>\n<meta name=\"robots\" content=\"index, follow, max-snippet:-1, max-image-preview:large, max-video-preview:-1\" \/>\n<link rel=\"canonical\" href=\"https:\/\/www.encontrasantos.com.br\/sobre\/o-som-das-palafitas-abre-a-temporada-2026-com-participacao-de-seu-jorge-em-santos\/\" \/>\n<meta property=\"og:locale\" content=\"pt_BR\" \/>\n<meta property=\"og:type\" content=\"article\" \/>\n<meta property=\"og:title\" content=\"O Som das Palafitas&#039; abre a temporada 2026 com participa\u00e7\u00e3o de Seu Jorge, em Santos - Encontra Santos\" \/>\n<meta property=\"og:description\" content=\"O Som das Palafitas traz Seu Jorge para abrir a temporada 2026 em Santos.\" \/>\n<meta property=\"og:url\" content=\"https:\/\/www.encontrasantos.com.br\/sobre\/o-som-das-palafitas-abre-a-temporada-2026-com-participacao-de-seu-jorge-em-santos\/\" \/>\n<meta property=\"og:site_name\" content=\"Encontra Santos\" \/>\n<meta property=\"article:published_time\" content=\"2026-04-30T15:28:15+00:00\" \/>\n<meta property=\"og:image\" content=\"https:\/\/www.encontrasantos.com.br\/sobre\/wp-content\/uploads\/2026\/04\/o-som-das-palafitas-abre-a-temporada-2026-com-participacao-de-seu-jorge-em-santos.webp\" \/>\n<meta name=\"author\" content=\"Encontra Santos\" \/>\n<meta name=\"twitter:card\" content=\"summary_large_image\" \/>\n<meta name=\"twitter:label1\" content=\"Escrito por\" \/>\n\t<meta name=\"twitter:data1\" content=\"Encontra Santos\" \/>\n\t<meta name=\"twitter:label2\" content=\"Est. tempo de leitura\" \/>\n\t<meta name=\"twitter:data2\" content=\"4 minutos\" \/>\n<script type=\"application\/ld+json\" class=\"yoast-schema-graph\">{\"@context\":\"https:\/\/schema.org\",\"@graph\":[{\"@type\":\"WebPage\",\"@id\":\"https:\/\/www.encontrasantos.com.br\/sobre\/o-som-das-palafitas-abre-a-temporada-2026-com-participacao-de-seu-jorge-em-santos\/\",\"url\":\"https:\/\/www.encontrasantos.com.br\/sobre\/o-som-das-palafitas-abre-a-temporada-2026-com-participacao-de-seu-jorge-em-santos\/\",\"name\":\"O Som das Palafitas' abre a temporada 2026 com participa\u00e7\u00e3o de Seu Jorge, em Santos - Encontra Santos\",\"isPartOf\":{\"@id\":\"https:\/\/www.encontrasantos.com.br\/sobre\/#website\"},\"primaryImageOfPage\":{\"@id\":\"https:\/\/www.encontrasantos.com.br\/sobre\/o-som-das-palafitas-abre-a-temporada-2026-com-participacao-de-seu-jorge-em-santos\/#primaryimage\"},\"image\":{\"@id\":\"https:\/\/www.encontrasantos.com.br\/sobre\/o-som-das-palafitas-abre-a-temporada-2026-com-participacao-de-seu-jorge-em-santos\/#primaryimage\"},\"thumbnailUrl\":\"https:\/\/www.encontrasantos.com.br\/sobre\/wp-content\/uploads\/2026\/04\/o-som-das-palafitas-abre-a-temporada-2026-com-participacao-de-seu-jorge-em-santos.webp\",\"datePublished\":\"2026-04-30T15:28:15+00:00\",\"author\":{\"@id\":\"https:\/\/www.encontrasantos.com.br\/sobre\/#\/schema\/person\/c048a1af2d003b660d350a57d8081717\"},\"breadcrumb\":{\"@id\":\"https:\/\/www.encontrasantos.com.br\/sobre\/o-som-das-palafitas-abre-a-temporada-2026-com-participacao-de-seu-jorge-em-santos\/#breadcrumb\"},\"inLanguage\":\"pt-BR\",\"potentialAction\":[{\"@type\":\"ReadAction\",\"target\":[\"https:\/\/www.encontrasantos.com.br\/sobre\/o-som-das-palafitas-abre-a-temporada-2026-com-participacao-de-seu-jorge-em-santos\/\"]}]},{\"@type\":\"ImageObject\",\"inLanguage\":\"pt-BR\",\"@id\":\"https:\/\/www.encontrasantos.com.br\/sobre\/o-som-das-palafitas-abre-a-temporada-2026-com-participacao-de-seu-jorge-em-santos\/#primaryimage\",\"url\":\"https:\/\/www.encontrasantos.com.br\/sobre\/wp-content\/uploads\/2026\/04\/o-som-das-palafitas-abre-a-temporada-2026-com-participacao-de-seu-jorge-em-santos.webp\",\"contentUrl\":\"https:\/\/www.encontrasantos.com.br\/sobre\/wp-content\/uploads\/2026\/04\/o-som-das-palafitas-abre-a-temporada-2026-com-participacao-de-seu-jorge-em-santos.webp\",\"width\":280,\"height\":280,\"caption\":\"O Som das Palafitas\"},{\"@type\":\"BreadcrumbList\",\"@id\":\"https:\/\/www.encontrasantos.com.br\/sobre\/o-som-das-palafitas-abre-a-temporada-2026-com-participacao-de-seu-jorge-em-santos\/#breadcrumb\",\"itemListElement\":[{\"@type\":\"ListItem\",\"position\":1,\"name\":\"In\u00edcio\",\"item\":\"https:\/\/www.encontrasantos.com.br\/sobre\/\"},{\"@type\":\"ListItem\",\"position\":2,\"name\":\"O Som das Palafitas&#8217; abre a temporada 2026 com participa\u00e7\u00e3o de Seu Jorge, em Santos\"}]},{\"@type\":\"WebSite\",\"@id\":\"https:\/\/www.encontrasantos.com.br\/sobre\/#website\",\"url\":\"https:\/\/www.encontrasantos.com.br\/sobre\/\",\"name\":\"Encontra Santos\",\"description\":\"Not\u00edcias, eventos, informa\u00e7\u00f5es e dicas na cidade de Santos e regi\u00e3o\",\"potentialAction\":[{\"@type\":\"SearchAction\",\"target\":{\"@type\":\"EntryPoint\",\"urlTemplate\":\"https:\/\/www.encontrasantos.com.br\/sobre\/?s={search_term_string}\"},\"query-input\":{\"@type\":\"PropertyValueSpecification\",\"valueRequired\":true,\"valueName\":\"search_term_string\"}}],\"inLanguage\":\"pt-BR\"},{\"@type\":\"Person\",\"@id\":\"https:\/\/www.encontrasantos.com.br\/sobre\/#\/schema\/person\/c048a1af2d003b660d350a57d8081717\",\"name\":\"Encontra Santos\",\"image\":{\"@type\":\"ImageObject\",\"inLanguage\":\"pt-BR\",\"@id\":\"https:\/\/www.encontrasantos.com.br\/sobre\/#\/schema\/person\/image\/\",\"url\":\"https:\/\/secure.gravatar.com\/avatar\/507340682b8270222e1f208e23198b6ae7e2c6a1033ae84e99bc6bce4f82a387?s=96&d=mm&r=g\",\"contentUrl\":\"https:\/\/secure.gravatar.com\/avatar\/507340682b8270222e1f208e23198b6ae7e2c6a1033ae84e99bc6bce4f82a387?s=96&d=mm&r=g\",\"caption\":\"Encontra Santos\"},\"sameAs\":[\"http:\/\/www.encontrasantos.com.br\"],\"url\":\"https:\/\/www.encontrasantos.com.br\/sobre\/author\/esantos\/\"}]}<\/script>\n<!-- \/ Yoast SEO plugin. -->","yoast_head_json":{"title":"O Som das Palafitas' abre a temporada 2026 com participa\u00e7\u00e3o de Seu Jorge, em Santos - Encontra Santos","robots":{"index":"index","follow":"follow","max-snippet":"max-snippet:-1","max-image-preview":"max-image-preview:large","max-video-preview":"max-video-preview:-1"},"canonical":"https:\/\/www.encontrasantos.com.br\/sobre\/o-som-das-palafitas-abre-a-temporada-2026-com-participacao-de-seu-jorge-em-santos\/","og_locale":"pt_BR","og_type":"article","og_title":"O Som das Palafitas' abre a temporada 2026 com participa\u00e7\u00e3o de Seu Jorge, em Santos - Encontra Santos","og_description":"O Som das Palafitas traz Seu Jorge para abrir a temporada 2026 em Santos.","og_url":"https:\/\/www.encontrasantos.com.br\/sobre\/o-som-das-palafitas-abre-a-temporada-2026-com-participacao-de-seu-jorge-em-santos\/","og_site_name":"Encontra Santos","article_published_time":"2026-04-30T15:28:15+00:00","og_image":[{"url":"https:\/\/www.encontrasantos.com.br\/sobre\/wp-content\/uploads\/2026\/04\/o-som-das-palafitas-abre-a-temporada-2026-com-participacao-de-seu-jorge-em-santos.webp","type":"","width":"","height":""}],"author":"Encontra Santos","twitter_card":"summary_large_image","twitter_misc":{"Escrito por":"Encontra Santos","Est. tempo de leitura":"4 minutos"},"schema":{"@context":"https:\/\/schema.org","@graph":[{"@type":"WebPage","@id":"https:\/\/www.encontrasantos.com.br\/sobre\/o-som-das-palafitas-abre-a-temporada-2026-com-participacao-de-seu-jorge-em-santos\/","url":"https:\/\/www.encontrasantos.com.br\/sobre\/o-som-das-palafitas-abre-a-temporada-2026-com-participacao-de-seu-jorge-em-santos\/","name":"O Som das Palafitas' abre a temporada 2026 com participa\u00e7\u00e3o de Seu Jorge, em Santos - Encontra Santos","isPartOf":{"@id":"https:\/\/www.encontrasantos.com.br\/sobre\/#website"},"primaryImageOfPage":{"@id":"https:\/\/www.encontrasantos.com.br\/sobre\/o-som-das-palafitas-abre-a-temporada-2026-com-participacao-de-seu-jorge-em-santos\/#primaryimage"},"image":{"@id":"https:\/\/www.encontrasantos.com.br\/sobre\/o-som-das-palafitas-abre-a-temporada-2026-com-participacao-de-seu-jorge-em-santos\/#primaryimage"},"thumbnailUrl":"https:\/\/www.encontrasantos.com.br\/sobre\/wp-content\/uploads\/2026\/04\/o-som-das-palafitas-abre-a-temporada-2026-com-participacao-de-seu-jorge-em-santos.webp","datePublished":"2026-04-30T15:28:15+00:00","author":{"@id":"https:\/\/www.encontrasantos.com.br\/sobre\/#\/schema\/person\/c048a1af2d003b660d350a57d8081717"},"breadcrumb":{"@id":"https:\/\/www.encontrasantos.com.br\/sobre\/o-som-das-palafitas-abre-a-temporada-2026-com-participacao-de-seu-jorge-em-santos\/#breadcrumb"},"inLanguage":"pt-BR","potentialAction":[{"@type":"ReadAction","target":["https:\/\/www.encontrasantos.com.br\/sobre\/o-som-das-palafitas-abre-a-temporada-2026-com-participacao-de-seu-jorge-em-santos\/"]}]},{"@type":"ImageObject","inLanguage":"pt-BR","@id":"https:\/\/www.encontrasantos.com.br\/sobre\/o-som-das-palafitas-abre-a-temporada-2026-com-participacao-de-seu-jorge-em-santos\/#primaryimage","url":"https:\/\/www.encontrasantos.com.br\/sobre\/wp-content\/uploads\/2026\/04\/o-som-das-palafitas-abre-a-temporada-2026-com-participacao-de-seu-jorge-em-santos.webp","contentUrl":"https:\/\/www.encontrasantos.com.br\/sobre\/wp-content\/uploads\/2026\/04\/o-som-das-palafitas-abre-a-temporada-2026-com-participacao-de-seu-jorge-em-santos.webp","width":280,"height":280,"caption":"O Som das Palafitas"},{"@type":"BreadcrumbList","@id":"https:\/\/www.encontrasantos.com.br\/sobre\/o-som-das-palafitas-abre-a-temporada-2026-com-participacao-de-seu-jorge-em-santos\/#breadcrumb","itemListElement":[{"@type":"ListItem","position":1,"name":"In\u00edcio","item":"https:\/\/www.encontrasantos.com.br\/sobre\/"},{"@type":"ListItem","position":2,"name":"O Som das Palafitas&#8217; abre a temporada 2026 com participa\u00e7\u00e3o de Seu Jorge, em Santos"}]},{"@type":"WebSite","@id":"https:\/\/www.encontrasantos.com.br\/sobre\/#website","url":"https:\/\/www.encontrasantos.com.br\/sobre\/","name":"Encontra Santos","description":"Not\u00edcias, eventos, informa\u00e7\u00f5es e dicas na cidade de Santos e regi\u00e3o","potentialAction":[{"@type":"SearchAction","target":{"@type":"EntryPoint","urlTemplate":"https:\/\/www.encontrasantos.com.br\/sobre\/?s={search_term_string}"},"query-input":{"@type":"PropertyValueSpecification","valueRequired":true,"valueName":"search_term_string"}}],"inLanguage":"pt-BR"},{"@type":"Person","@id":"https:\/\/www.encontrasantos.com.br\/sobre\/#\/schema\/person\/c048a1af2d003b660d350a57d8081717","name":"Encontra Santos","image":{"@type":"ImageObject","inLanguage":"pt-BR","@id":"https:\/\/www.encontrasantos.com.br\/sobre\/#\/schema\/person\/image\/","url":"https:\/\/secure.gravatar.com\/avatar\/507340682b8270222e1f208e23198b6ae7e2c6a1033ae84e99bc6bce4f82a387?s=96&d=mm&r=g","contentUrl":"https:\/\/secure.gravatar.com\/avatar\/507340682b8270222e1f208e23198b6ae7e2c6a1033ae84e99bc6bce4f82a387?s=96&d=mm&r=g","caption":"Encontra Santos"},"sameAs":["http:\/\/www.encontrasantos.com.br"],"url":"https:\/\/www.encontrasantos.com.br\/sobre\/author\/esantos\/"}]}},"_links":{"self":[{"href":"https:\/\/www.encontrasantos.com.br\/sobre\/wp-json\/wp\/v2\/posts\/5411","targetHints":{"allow":["GET"]}}],"collection":[{"href":"https:\/\/www.encontrasantos.com.br\/sobre\/wp-json\/wp\/v2\/posts"}],"about":[{"href":"https:\/\/www.encontrasantos.com.br\/sobre\/wp-json\/wp\/v2\/types\/post"}],"author":[{"embeddable":true,"href":"https:\/\/www.encontrasantos.com.br\/sobre\/wp-json\/wp\/v2\/users\/1"}],"replies":[{"embeddable":true,"href":"https:\/\/www.encontrasantos.com.br\/sobre\/wp-json\/wp\/v2\/comments?post=5411"}],"version-history":[{"count":0,"href":"https:\/\/www.encontrasantos.com.br\/sobre\/wp-json\/wp\/v2\/posts\/5411\/revisions"}],"wp:featuredmedia":[{"embeddable":true,"href":"https:\/\/www.encontrasantos.com.br\/sobre\/wp-json\/wp\/v2\/media\/5410"}],"wp:attachment":[{"href":"https:\/\/www.encontrasantos.com.br\/sobre\/wp-json\/wp\/v2\/media?parent=5411"}],"wp:term":[{"taxonomy":"category","embeddable":true,"href":"https:\/\/www.encontrasantos.com.br\/sobre\/wp-json\/wp\/v2\/categories?post=5411"},{"taxonomy":"post_tag","embeddable":true,"href":"https:\/\/www.encontrasantos.com.br\/sobre\/wp-json\/wp\/v2\/tags?post=5411"}],"curies":[{"name":"wp","href":"https:\/\/api.w.org\/{rel}","templated":true}]}}