{"id":5409,"date":"2026-04-29T12:57:56","date_gmt":"2026-04-29T15:57:56","guid":{"rendered":"https:\/\/www.encontrasantos.com.br\/sobre\/centro-esportivo-da-zona-noroeste-de-santos-e-palco-de-aula-especial-de-karate\/"},"modified":"2026-04-29T12:57:56","modified_gmt":"2026-04-29T15:57:56","slug":"centro-esportivo-da-zona-noroeste-de-santos-e-palco-de-aula-especial-de-karate","status":"publish","type":"post","link":"https:\/\/www.encontrasantos.com.br\/sobre\/centro-esportivo-da-zona-noroeste-de-santos-e-palco-de-aula-especial-de-karate\/","title":{"rendered":"Centro Esportivo da Zona Noroeste de Santos \u00e9 palco de aula especial de karat\u00ea"},"content":{"rendered":"<div class=\"79600775c85722932cbf26dff21860fb\" data-index=\"1\" style=\"float: none; margin:0px;\">\n<!-- Anuncio display - global -->\r\n<ins class=\"adsbygoogle\"\r\n     style=\"display:block\"\r\n     data-ad-client=\"ca-pub-8585364105181520\"\r\n     data-ad-slot=\"8789329856\"\r\n     data-ad-format=\"auto\"\r\n     data-full-width-responsive=\"true\"><\/ins>\r\n<script>\r\n     (adsbygoogle = window.adsbygoogle || []).push({});\r\n<\/script>\n<\/div>\n<h2>O que \u00e9 a aula especial de karat\u00ea?<\/h2>\n<p>No \u00faltimo s\u00e1bado (25), o gin\u00e1sio do <strong>Centro Esportivo e Recreativo da Zona Noroeste<\/strong> se tornou um espa\u00e7o de aprendizado e uni\u00e3o, recebendo uma especial aula de Karate-Do Shotokan. Este evento, voltado para alunos de projetos sociais, praticantes de centros esportivos e estudantes das secretarias de Esportes de Santos e Praia Grande, reuniu diversas pessoas com um interesse comum nas artes marciais.<\/p>\n<h2>O papel do sensei Paulo Bartolo<\/h2>\n<p>A aula foi liderada pelo respeitado <strong>sensei Paulo Bartolo<\/strong>, que possui o t\u00edtulo de 7\u00ba Dan em Karate-Do Shotokan e \u00e9 o criador do inovador m\u00e9todo Resist\u00eancia. Bartolo ressaltou a import\u00e2ncia do alinhamento t\u00e9cnico entre as academias da escola Shotokan na regi\u00e3o, enfatizando a necessidade de manter um padr\u00e3o de qualidade elevado. &#8220;O objetivo \u00e9 garantir que todos os alunos recebam a mesma base s\u00f3lida, independentemente de onde treinam&#8221;, destacou.<\/p>\n<h2>Import\u00e2ncia do karat\u00ea para a juventude<\/h2>\n<p>O karat\u00ea oferece uma ampla gama de benef\u00edcios para os jovens, incluindo o desenvolvimento f\u00edsico, mental e emocional. As artes marciais ajudam a cultivar disciplina, respeito e autocontrole, o que \u00e9 fundamental na forma\u00e7\u00e3o dos jovens. Al\u00e9m disso, a pr\u00e1tica regular contribui para a sa\u00fade e o bem-estar, tornando-se uma atividade que integra exerc\u00edcios f\u00edsicos e sociais.<\/p>\n<p><img decoding=\"async\" src=\"https:\/\/www.encontrasantos.com.br\/sobre\/wp-content\/uploads\/2026\/04\/centro-esportivo-da-zona-noroeste-de-santos-e-palco-de-aula-especial-de-karate.webp\" alt=\"karat\u00ea\" loading=\"lazy\" \/><\/p>\n<h2>Participa\u00e7\u00e3o de atletas de v\u00e1rias idades<\/h2>\n<p>Durante a aula, a diversidade et\u00e1ria entre os participantes se destacou. Fam\u00edlias inteiras estavam presentes, com jovens aprendizes se unindo a veteranos do esporte. Essa intergeracionalidade enriqueceu ainda mais a experi\u00eancia, criando um ambiente onde o saber e a experi\u00eancia se entrela\u00e7am. Isso \u00e9 muito gratificante, pois cada gera\u00e7\u00e3o aprende com a outra.<\/p>\n<h2>A conex\u00e3o entre gera\u00e7\u00f5es no karat\u00ea<\/h2>\n<p>Um dos momentos mais tocantes da aula foi a conex\u00e3o observada entre diferentes gera\u00e7\u00f5es de karatecas. O sensei Bartolo mencionou que j\u00e1 estava vendo alunos de seus alunos se formando, configurando um ciclo de aprendizado que perpetua a arte. &#8220;Esse ciclo \u00e9 similar \u00e0 rela\u00e7\u00e3o entre av\u00f3s e netos; \u00e9 uma viv\u00eancia compartilhada que carrega emo\u00e7\u00e3o e significado&#8221;, afirmou emocionado.<\/p>\n<h2>O lan\u00e7amento do oitavo livro de Bartolo<\/h2>\n<p>Durante o evento, o sensei Paulo Bartolo lan\u00e7ou seu oitavo livro, intitulado <strong>&#8216;Shusei \u2013 A Arte da Lapida\u00e7\u00e3o no Karat\u00ea&#8217;<\/strong>. O lan\u00e7amento n\u00e3o apenas destacou seus conhecimentos t\u00e9cnicos e filos\u00f3ficos sobre o karat\u00ea, mas tamb\u00e9m serve como um aprendizado adicional para os participantes. O livro, segundo Bartolo, \u00e9 uma reflex\u00e3o sobre o crescimento pessoal por meio da disciplina e da pr\u00e1tica das artes marciais.<\/p>\n<h2>Experi\u00eancias de alunos no evento<\/h2>\n<p>Aluna do Centro Esportivo e Recreativo Rebou\u00e7as, <strong>Rosaura Rodrigues Kerry<\/strong>, de 69 anos, compartilhou sua trajet\u00f3ria com o karat\u00ea. &#8220;Comecei a praticar karat\u00ea em 1982, mas fiz uma pausa. Esta aula marcou meu retorno, e ter Paulo Bartolo como meu primeiro professor \u00e9 realmente emocionante para mim&#8221;, relatou Rosaura, trazendo uma perspectiva sobre a import\u00e2ncia da continuidade e do reencontro no esporte.<\/p>\n<h2>Vagas abertas para aulas gratuitas<\/h2>\n<p>&#8211; A <strong>Prefeitura de Santos<\/strong> est\u00e1 sempre buscando incentivar a pr\u00e1tica esportiva entre a popula\u00e7\u00e3o. Atualmente, est\u00e3o abertas vagas para aulas de karat\u00ea gratuitas oferecidas pela <strong>Secretaria de Esportes<\/strong> em diversos centros esportivos municipais. Desta forma, a inclus\u00e3o e a democratiza\u00e7\u00e3o do esporte s\u00e3o promovidas, alcan\u00e7ando v\u00e1rias camadas da sociedade.<\/p>\n<ul>\n<li><strong>Centro Esportivo e Recreativo da Zona Noroeste:<\/strong> Aulas \u00e0s ter\u00e7as e quintas-feiras, em turmas \u00e0s 18h e 19h.<\/li>\n<li><strong>Centro Esportivo e Recreativo Rebou\u00e7as:<\/strong> Aulas \u00e0s segundas, quartas e sextas-feiras, nos hor\u00e1rios das 18h, 19h e 20h.<\/li>\n<\/ul>\n<p>Os interessados podem realizar a inscri\u00e7\u00e3o diretamente na secretaria de um dos centros. Para novos alunos, \u00e9 necess\u00e1ria a apresenta\u00e7\u00e3o de documentos, como duas fotos 3&#215;4, c\u00f3pia do RG ou CPF e comprovante de resid\u00eancia em Santos. Adicionalmente, menores de idade devem estar acompanhados de um respons\u00e1vel que apresente a documenta\u00e7\u00e3o correspondente.<\/p>\n<h2>Benef\u00edcios da pr\u00e1tica esportiva na vida<\/h2>\n<p>Praticar esportes, como o karat\u00ea, traz in\u00fameros benef\u00edcios. Al\u00e9m de propiciar uma vida saud\u00e1vel, melhora a autoestima e ensina valores essenciais como respeito e responsabilidade. As aulas tamb\u00e9m promovem a socializa\u00e7\u00e3o e s\u00e3o uma excelente forma de combater o sedentarismo, o que \u00e9 vital na sociedade atual.<\/p>\n<h2>Compromisso da Prefeitura com o esporte<\/h2>\n<p>A realiza\u00e7\u00e3o de eventos como a aula especial de karat\u00ea \u00e9 uma demonstra\u00e7\u00e3o do compromisso da <strong>Prefeitura de Santos<\/strong> com o desenvolvimento do esporte na cidade. Ao alavancar iniciativas que promovam a inclus\u00e3o, a sa\u00fade e a educa\u00e7\u00e3o atrav\u00e9s das atividades f\u00edsicas, a administra\u00e7\u00e3o p\u00fablica busca impactar positivamente a vida dos cidad\u00e3os. A prefeitura reafirma seu papel como facilitadora de acesso e oportunidades, fomentando cada vez mais a pr\u00e1tica esportiva entre a popula\u00e7\u00e3o.<\/p>\n\n<div style=\"font-size: 0px; height: 0px; line-height: 0px; margin: 0; padding: 0; clear: both;\"><\/div>","protected":false},"excerpt":{"rendered":"<p>Aula especial de karat\u00ea traz aprendizado e conex\u00e3o entre gera\u00e7\u00f5es.<\/p>\n","protected":false},"author":1,"featured_media":5408,"comment_status":"open","ping_status":"closed","sticky":false,"template":"","format":"standard","meta":{"footnotes":""},"categories":[6],"tags":[],"class_list":["post-5409","post","type-post","status-publish","format-standard","has-post-thumbnail","hentry","category-noticias-em-santos","has_thumb"],"yoast_head":"<!-- This site is optimized with the Yoast SEO plugin v26.4 - https:\/\/yoast.com\/wordpress\/plugins\/seo\/ -->\n<title>Centro Esportivo da Zona Noroeste de Santos \u00e9 palco de aula especial de karat\u00ea - Encontra Santos<\/title>\n<meta name=\"robots\" content=\"index, follow, max-snippet:-1, max-image-preview:large, max-video-preview:-1\" \/>\n<link rel=\"canonical\" href=\"https:\/\/www.encontrasantos.com.br\/sobre\/centro-esportivo-da-zona-noroeste-de-santos-e-palco-de-aula-especial-de-karate\/\" \/>\n<meta property=\"og:locale\" content=\"pt_BR\" \/>\n<meta property=\"og:type\" content=\"article\" \/>\n<meta property=\"og:title\" content=\"Centro Esportivo da Zona Noroeste de Santos \u00e9 palco de aula especial de karat\u00ea - Encontra Santos\" \/>\n<meta property=\"og:description\" content=\"Aula especial de karat\u00ea traz aprendizado e conex\u00e3o entre gera\u00e7\u00f5es.\" \/>\n<meta property=\"og:url\" content=\"https:\/\/www.encontrasantos.com.br\/sobre\/centro-esportivo-da-zona-noroeste-de-santos-e-palco-de-aula-especial-de-karate\/\" \/>\n<meta property=\"og:site_name\" content=\"Encontra Santos\" \/>\n<meta property=\"article:published_time\" content=\"2026-04-29T15:57:56+00:00\" \/>\n<meta property=\"og:image\" content=\"https:\/\/www.encontrasantos.com.br\/sobre\/wp-content\/uploads\/2026\/04\/centro-esportivo-da-zona-noroeste-de-santos-e-palco-de-aula-especial-de-karate.webp\" \/>\n<meta name=\"author\" content=\"Encontra Santos\" \/>\n<meta name=\"twitter:card\" content=\"summary_large_image\" \/>\n<meta name=\"twitter:label1\" content=\"Escrito por\" \/>\n\t<meta name=\"twitter:data1\" content=\"Encontra Santos\" \/>\n\t<meta name=\"twitter:label2\" content=\"Est. tempo de leitura\" \/>\n\t<meta name=\"twitter:data2\" content=\"4 minutos\" \/>\n<script type=\"application\/ld+json\" class=\"yoast-schema-graph\">{\"@context\":\"https:\/\/schema.org\",\"@graph\":[{\"@type\":\"WebPage\",\"@id\":\"https:\/\/www.encontrasantos.com.br\/sobre\/centro-esportivo-da-zona-noroeste-de-santos-e-palco-de-aula-especial-de-karate\/\",\"url\":\"https:\/\/www.encontrasantos.com.br\/sobre\/centro-esportivo-da-zona-noroeste-de-santos-e-palco-de-aula-especial-de-karate\/\",\"name\":\"Centro Esportivo da Zona Noroeste de Santos \u00e9 palco de aula especial de karat\u00ea - Encontra Santos\",\"isPartOf\":{\"@id\":\"https:\/\/www.encontrasantos.com.br\/sobre\/#website\"},\"primaryImageOfPage\":{\"@id\":\"https:\/\/www.encontrasantos.com.br\/sobre\/centro-esportivo-da-zona-noroeste-de-santos-e-palco-de-aula-especial-de-karate\/#primaryimage\"},\"image\":{\"@id\":\"https:\/\/www.encontrasantos.com.br\/sobre\/centro-esportivo-da-zona-noroeste-de-santos-e-palco-de-aula-especial-de-karate\/#primaryimage\"},\"thumbnailUrl\":\"https:\/\/www.encontrasantos.com.br\/sobre\/wp-content\/uploads\/2026\/04\/centro-esportivo-da-zona-noroeste-de-santos-e-palco-de-aula-especial-de-karate.webp\",\"datePublished\":\"2026-04-29T15:57:56+00:00\",\"author\":{\"@id\":\"https:\/\/www.encontrasantos.com.br\/sobre\/#\/schema\/person\/c048a1af2d003b660d350a57d8081717\"},\"breadcrumb\":{\"@id\":\"https:\/\/www.encontrasantos.com.br\/sobre\/centro-esportivo-da-zona-noroeste-de-santos-e-palco-de-aula-especial-de-karate\/#breadcrumb\"},\"inLanguage\":\"pt-BR\",\"potentialAction\":[{\"@type\":\"ReadAction\",\"target\":[\"https:\/\/www.encontrasantos.com.br\/sobre\/centro-esportivo-da-zona-noroeste-de-santos-e-palco-de-aula-especial-de-karate\/\"]}]},{\"@type\":\"ImageObject\",\"inLanguage\":\"pt-BR\",\"@id\":\"https:\/\/www.encontrasantos.com.br\/sobre\/centro-esportivo-da-zona-noroeste-de-santos-e-palco-de-aula-especial-de-karate\/#primaryimage\",\"url\":\"https:\/\/www.encontrasantos.com.br\/sobre\/wp-content\/uploads\/2026\/04\/centro-esportivo-da-zona-noroeste-de-santos-e-palco-de-aula-especial-de-karate.webp\",\"contentUrl\":\"https:\/\/www.encontrasantos.com.br\/sobre\/wp-content\/uploads\/2026\/04\/centro-esportivo-da-zona-noroeste-de-santos-e-palco-de-aula-especial-de-karate.webp\",\"width\":280,\"height\":280,\"caption\":\"karat\u00ea\"},{\"@type\":\"BreadcrumbList\",\"@id\":\"https:\/\/www.encontrasantos.com.br\/sobre\/centro-esportivo-da-zona-noroeste-de-santos-e-palco-de-aula-especial-de-karate\/#breadcrumb\",\"itemListElement\":[{\"@type\":\"ListItem\",\"position\":1,\"name\":\"In\u00edcio\",\"item\":\"https:\/\/www.encontrasantos.com.br\/sobre\/\"},{\"@type\":\"ListItem\",\"position\":2,\"name\":\"Centro Esportivo da Zona Noroeste de Santos \u00e9 palco de aula especial de karat\u00ea\"}]},{\"@type\":\"WebSite\",\"@id\":\"https:\/\/www.encontrasantos.com.br\/sobre\/#website\",\"url\":\"https:\/\/www.encontrasantos.com.br\/sobre\/\",\"name\":\"Encontra Santos\",\"description\":\"Not\u00edcias, eventos, informa\u00e7\u00f5es e dicas na cidade de Santos e regi\u00e3o\",\"potentialAction\":[{\"@type\":\"SearchAction\",\"target\":{\"@type\":\"EntryPoint\",\"urlTemplate\":\"https:\/\/www.encontrasantos.com.br\/sobre\/?s={search_term_string}\"},\"query-input\":{\"@type\":\"PropertyValueSpecification\",\"valueRequired\":true,\"valueName\":\"search_term_string\"}}],\"inLanguage\":\"pt-BR\"},{\"@type\":\"Person\",\"@id\":\"https:\/\/www.encontrasantos.com.br\/sobre\/#\/schema\/person\/c048a1af2d003b660d350a57d8081717\",\"name\":\"Encontra Santos\",\"image\":{\"@type\":\"ImageObject\",\"inLanguage\":\"pt-BR\",\"@id\":\"https:\/\/www.encontrasantos.com.br\/sobre\/#\/schema\/person\/image\/\",\"url\":\"https:\/\/secure.gravatar.com\/avatar\/507340682b8270222e1f208e23198b6ae7e2c6a1033ae84e99bc6bce4f82a387?s=96&d=mm&r=g\",\"contentUrl\":\"https:\/\/secure.gravatar.com\/avatar\/507340682b8270222e1f208e23198b6ae7e2c6a1033ae84e99bc6bce4f82a387?s=96&d=mm&r=g\",\"caption\":\"Encontra Santos\"},\"sameAs\":[\"http:\/\/www.encontrasantos.com.br\"],\"url\":\"https:\/\/www.encontrasantos.com.br\/sobre\/author\/esantos\/\"}]}<\/script>\n<!-- \/ Yoast SEO plugin. -->","yoast_head_json":{"title":"Centro Esportivo da Zona Noroeste de Santos \u00e9 palco de aula especial de karat\u00ea - Encontra Santos","robots":{"index":"index","follow":"follow","max-snippet":"max-snippet:-1","max-image-preview":"max-image-preview:large","max-video-preview":"max-video-preview:-1"},"canonical":"https:\/\/www.encontrasantos.com.br\/sobre\/centro-esportivo-da-zona-noroeste-de-santos-e-palco-de-aula-especial-de-karate\/","og_locale":"pt_BR","og_type":"article","og_title":"Centro Esportivo da Zona Noroeste de Santos \u00e9 palco de aula especial de karat\u00ea - Encontra Santos","og_description":"Aula especial de karat\u00ea traz aprendizado e conex\u00e3o entre gera\u00e7\u00f5es.","og_url":"https:\/\/www.encontrasantos.com.br\/sobre\/centro-esportivo-da-zona-noroeste-de-santos-e-palco-de-aula-especial-de-karate\/","og_site_name":"Encontra Santos","article_published_time":"2026-04-29T15:57:56+00:00","og_image":[{"url":"https:\/\/www.encontrasantos.com.br\/sobre\/wp-content\/uploads\/2026\/04\/centro-esportivo-da-zona-noroeste-de-santos-e-palco-de-aula-especial-de-karate.webp","type":"","width":"","height":""}],"author":"Encontra Santos","twitter_card":"summary_large_image","twitter_misc":{"Escrito por":"Encontra Santos","Est. tempo de leitura":"4 minutos"},"schema":{"@context":"https:\/\/schema.org","@graph":[{"@type":"WebPage","@id":"https:\/\/www.encontrasantos.com.br\/sobre\/centro-esportivo-da-zona-noroeste-de-santos-e-palco-de-aula-especial-de-karate\/","url":"https:\/\/www.encontrasantos.com.br\/sobre\/centro-esportivo-da-zona-noroeste-de-santos-e-palco-de-aula-especial-de-karate\/","name":"Centro Esportivo da Zona Noroeste de Santos \u00e9 palco de aula especial de karat\u00ea - Encontra Santos","isPartOf":{"@id":"https:\/\/www.encontrasantos.com.br\/sobre\/#website"},"primaryImageOfPage":{"@id":"https:\/\/www.encontrasantos.com.br\/sobre\/centro-esportivo-da-zona-noroeste-de-santos-e-palco-de-aula-especial-de-karate\/#primaryimage"},"image":{"@id":"https:\/\/www.encontrasantos.com.br\/sobre\/centro-esportivo-da-zona-noroeste-de-santos-e-palco-de-aula-especial-de-karate\/#primaryimage"},"thumbnailUrl":"https:\/\/www.encontrasantos.com.br\/sobre\/wp-content\/uploads\/2026\/04\/centro-esportivo-da-zona-noroeste-de-santos-e-palco-de-aula-especial-de-karate.webp","datePublished":"2026-04-29T15:57:56+00:00","author":{"@id":"https:\/\/www.encontrasantos.com.br\/sobre\/#\/schema\/person\/c048a1af2d003b660d350a57d8081717"},"breadcrumb":{"@id":"https:\/\/www.encontrasantos.com.br\/sobre\/centro-esportivo-da-zona-noroeste-de-santos-e-palco-de-aula-especial-de-karate\/#breadcrumb"},"inLanguage":"pt-BR","potentialAction":[{"@type":"ReadAction","target":["https:\/\/www.encontrasantos.com.br\/sobre\/centro-esportivo-da-zona-noroeste-de-santos-e-palco-de-aula-especial-de-karate\/"]}]},{"@type":"ImageObject","inLanguage":"pt-BR","@id":"https:\/\/www.encontrasantos.com.br\/sobre\/centro-esportivo-da-zona-noroeste-de-santos-e-palco-de-aula-especial-de-karate\/#primaryimage","url":"https:\/\/www.encontrasantos.com.br\/sobre\/wp-content\/uploads\/2026\/04\/centro-esportivo-da-zona-noroeste-de-santos-e-palco-de-aula-especial-de-karate.webp","contentUrl":"https:\/\/www.encontrasantos.com.br\/sobre\/wp-content\/uploads\/2026\/04\/centro-esportivo-da-zona-noroeste-de-santos-e-palco-de-aula-especial-de-karate.webp","width":280,"height":280,"caption":"karat\u00ea"},{"@type":"BreadcrumbList","@id":"https:\/\/www.encontrasantos.com.br\/sobre\/centro-esportivo-da-zona-noroeste-de-santos-e-palco-de-aula-especial-de-karate\/#breadcrumb","itemListElement":[{"@type":"ListItem","position":1,"name":"In\u00edcio","item":"https:\/\/www.encontrasantos.com.br\/sobre\/"},{"@type":"ListItem","position":2,"name":"Centro Esportivo da Zona Noroeste de Santos \u00e9 palco de aula especial de karat\u00ea"}]},{"@type":"WebSite","@id":"https:\/\/www.encontrasantos.com.br\/sobre\/#website","url":"https:\/\/www.encontrasantos.com.br\/sobre\/","name":"Encontra Santos","description":"Not\u00edcias, eventos, informa\u00e7\u00f5es e dicas na cidade de Santos e regi\u00e3o","potentialAction":[{"@type":"SearchAction","target":{"@type":"EntryPoint","urlTemplate":"https:\/\/www.encontrasantos.com.br\/sobre\/?s={search_term_string}"},"query-input":{"@type":"PropertyValueSpecification","valueRequired":true,"valueName":"search_term_string"}}],"inLanguage":"pt-BR"},{"@type":"Person","@id":"https:\/\/www.encontrasantos.com.br\/sobre\/#\/schema\/person\/c048a1af2d003b660d350a57d8081717","name":"Encontra Santos","image":{"@type":"ImageObject","inLanguage":"pt-BR","@id":"https:\/\/www.encontrasantos.com.br\/sobre\/#\/schema\/person\/image\/","url":"https:\/\/secure.gravatar.com\/avatar\/507340682b8270222e1f208e23198b6ae7e2c6a1033ae84e99bc6bce4f82a387?s=96&d=mm&r=g","contentUrl":"https:\/\/secure.gravatar.com\/avatar\/507340682b8270222e1f208e23198b6ae7e2c6a1033ae84e99bc6bce4f82a387?s=96&d=mm&r=g","caption":"Encontra Santos"},"sameAs":["http:\/\/www.encontrasantos.com.br"],"url":"https:\/\/www.encontrasantos.com.br\/sobre\/author\/esantos\/"}]}},"_links":{"self":[{"href":"https:\/\/www.encontrasantos.com.br\/sobre\/wp-json\/wp\/v2\/posts\/5409","targetHints":{"allow":["GET"]}}],"collection":[{"href":"https:\/\/www.encontrasantos.com.br\/sobre\/wp-json\/wp\/v2\/posts"}],"about":[{"href":"https:\/\/www.encontrasantos.com.br\/sobre\/wp-json\/wp\/v2\/types\/post"}],"author":[{"embeddable":true,"href":"https:\/\/www.encontrasantos.com.br\/sobre\/wp-json\/wp\/v2\/users\/1"}],"replies":[{"embeddable":true,"href":"https:\/\/www.encontrasantos.com.br\/sobre\/wp-json\/wp\/v2\/comments?post=5409"}],"version-history":[{"count":0,"href":"https:\/\/www.encontrasantos.com.br\/sobre\/wp-json\/wp\/v2\/posts\/5409\/revisions"}],"wp:featuredmedia":[{"embeddable":true,"href":"https:\/\/www.encontrasantos.com.br\/sobre\/wp-json\/wp\/v2\/media\/5408"}],"wp:attachment":[{"href":"https:\/\/www.encontrasantos.com.br\/sobre\/wp-json\/wp\/v2\/media?parent=5409"}],"wp:term":[{"taxonomy":"category","embeddable":true,"href":"https:\/\/www.encontrasantos.com.br\/sobre\/wp-json\/wp\/v2\/categories?post=5409"},{"taxonomy":"post_tag","embeddable":true,"href":"https:\/\/www.encontrasantos.com.br\/sobre\/wp-json\/wp\/v2\/tags?post=5409"}],"curies":[{"name":"wp","href":"https:\/\/api.w.org\/{rel}","templated":true}]}}