{"id":5403,"date":"2026-04-28T12:16:57","date_gmt":"2026-04-28T15:16:57","guid":{"rendered":"https:\/\/www.encontrasantos.com.br\/sobre\/construcao-de-escola-na-zona-noroeste-de-santos-avanca-em-parceria-com-iniciativa-privada\/"},"modified":"2026-04-28T12:16:57","modified_gmt":"2026-04-28T15:16:57","slug":"construcao-de-escola-na-zona-noroeste-de-santos-avanca-em-parceria-com-iniciativa-privada","status":"publish","type":"post","link":"https:\/\/www.encontrasantos.com.br\/sobre\/construcao-de-escola-na-zona-noroeste-de-santos-avanca-em-parceria-com-iniciativa-privada\/","title":{"rendered":"Constru\u00e7\u00e3o de escola na Zona Noroeste de Santos avan\u00e7a em parceria com iniciativa privada"},"content":{"rendered":"<div class=\"79600775c85722932cbf26dff21860fb\" data-index=\"1\" style=\"float: none; margin:0px;\">\n<!-- Anuncio display - global -->\r\n<ins class=\"adsbygoogle\"\r\n     style=\"display:block\"\r\n     data-ad-client=\"ca-pub-8585364105181520\"\r\n     data-ad-slot=\"8789329856\"\r\n     data-ad-format=\"auto\"\r\n     data-full-width-responsive=\"true\"><\/ins>\r\n<script>\r\n     (adsbygoogle = window.adsbygoogle || []).push({});\r\n<\/script>\n<\/div>\n<h2>In\u00edcio das obras da nova UME Hilda Raba\u00e7a<\/h2>\n<p>A constru\u00e7\u00e3o da nova Unidade Municipal de Educa\u00e7\u00e3o (UME) Hilda Raba\u00e7a, localizada na Vila Haddad, na Zona Noroeste de Santos, est\u00e1 em pleno andamento. As obras foram reiniciadas atrav\u00e9s de uma colabora\u00e7\u00e3o entre a Prefeitura e empresas do setor privado, assegurando a continuidade do projeto educacional e a entrega de infraestrutura moderna aos alunos da regi\u00e3o.<\/p>\n<h2>Parceria com iniciativa privada na constru\u00e7\u00e3o<\/h2>\n<p>A retomada das obras da UME Hilda Raba\u00e7a se d\u00e1 gra\u00e7as a um Termo de Responsabilidade de Implanta\u00e7\u00e3o de Medidas Mitigadoras e\/ou Compensat\u00f3rias (Trimmc), estabelecido com a Marimex, uma empresa local. Essa parceria surgiu como uma contrapartida pela licen\u00e7a concedida \u00e0 empresa para operar no Terminal Portu\u00e1rio Alfandegado de Cargas Gerais \u2013 Terminal Valongo (Teval), e \u00e9 um exemplo de como a iniciativa privada pode contribuir para o avan\u00e7o das obras p\u00fablicas na cidade.<\/p>\n<h2>Infraestrutura moderna e acess\u00edvel para alunos<\/h2>\n<p>A nova escola ser\u00e1 totalmente acess\u00edvel e climatizada, seguindo o padr\u00e3o exigido pela rede municipal de ensino. O projeto prev\u00ea a constru\u00e7\u00e3o de um espa\u00e7o de 1.500 m\u00b2, que incluir\u00e1 dois andares. Al\u00e9m disso, a localidade em que a escola est\u00e1 sendo erguida, na Pra\u00e7a Guilherme D\u00e9lius, foi cuidadosamente escolhida para melhor atender \u00e0 comunidade escolar.<\/p>\n<p><img decoding=\"async\" src=\"https:\/\/www.encontrasantos.com.br\/sobre\/wp-content\/uploads\/2026\/04\/construcao-de-escola-na-zona-noroeste-de-santos-avanca-em-parceria-com-iniciativa-privada.webp\" alt=\"constru\u00e7\u00e3o de escola na Zona Noroeste de Santos\" loading=\"lazy\" \/><\/p>\n<h2>Papel fundamental da escola na comunidade local<\/h2>\n<p>O prefeito Rog\u00e9rio Santos enfatizou a import\u00e2ncia da nova UME, destacando que a escola tem um papel essencial para as comunidades da Vila Haddad e Vila Alemoa, especialmente no que diz respeito \u00e0 educa\u00e7\u00e3o infantil. Com a capacidade de atender mais de 120 crian\u00e7as, a escola vai oferecer cuidados e aprendizado desde o ber\u00e7\u00e1rio at\u00e9 o maternal, contribuindo para um futuro promissor para os pequenos da regi\u00e3o.<\/p>\n<h2>Cronograma de obras e seu acompanhamento<\/h2>\n<p>Os trabalhos na nova UME Hilda Raba\u00e7a s\u00e3o monitorados pela Secretaria de Obras e Edifica\u00e7\u00f5es (Seobe). O cronograma de obras foi estabelecido para garantir efici\u00eancia e transpar\u00eancia. As atividades tiveram in\u00edcio com a limpeza do terreno e agora est\u00e3o nas fases de interven\u00e7\u00f5es estruturais e fechamento de alvenaria. J\u00e1 foram preparadas as formas para a concretagem da laje do segundo piso, e os detalhes da infraestrutura el\u00e9trica e hidr\u00e1ulica est\u00e3o sendo verificados.<\/p>\n<h2>Benef\u00edcios para a educa\u00e7\u00e3o infantil na Zona Noroeste<\/h2>\n<p>Um dos aspectos mais importantes desse projeto \u00e9 o aumento significativo da oferta de vagas na educa\u00e7\u00e3o infantil na Zona Noroeste. Atualmente, a UME Oswaldo Justo, que atende a mesma comunidade, possui apenas 60 alunos. Com a nova constru\u00e7\u00e3o, a capacidade de atendimento ser\u00e1 mais que dobrada, permitindo que um maior n\u00famero de crian\u00e7as tenha acesso a educa\u00e7\u00e3o de qualidade.<\/p>\n<h2>Desafios com a construtora anterior<\/h2>\n<p>Antes da parceria com a Marimex, a obra enfrentou s\u00e9rios desafios com a JEA Construtora, empresa que venceu a licita\u00e7\u00e3o inicial. A construtora n\u00e3o conseguiu cumprir as obriga\u00e7\u00f5es contratuais, levando a Prefeitura a rescindir o contrato ap\u00f3s notifica\u00e7\u00f5es n\u00e3o atendidas. A obra ficou parada em fevereiro de 2025, tendo apenas 47,6% executada at\u00e9 ent\u00e3o, o que gerou a necessidade de reiniciar o processo com um novo parceiro.<\/p>\n<h2>O impacto do projeto na oferta de vagas<\/h2>\n<p>Com a nova estrutura da UME Hilda Raba\u00e7a, a Prefeitura pode atender uma demanda crescente por vagas na educa\u00e7\u00e3o infantil, especialmente considerando o aumento populacional na regi\u00e3o. O desenho dos ambientes foi realizado com base em consultas \u00e0 Secretaria de Educa\u00e7\u00e3o, garantindo que todas as necessidades e especificidades para a cria\u00e7\u00e3o de espa\u00e7os adequados para o desenvolvimento de crian\u00e7as pequenas sejam atendidas.<\/p>\n<h2>Espa\u00e7os preparados para aprendizagem multidisciplinar<\/h2>\n<p>O projeto arquitet\u00f4nico da nova escola contempla diversas \u00e1reas para aprendizado e ludicidade. O t\u00e9rreo ser\u00e1 equipado com dois ber\u00e7\u00e1rios, lact\u00e1rio, refeit\u00f3rio, cozinha, vesti\u00e1rios e \u00e1reas administrativas. Para proporcionar um ambiente l\u00fadico e estimulante, haver\u00e1 um jardim sensorial e um playground com brinquedos cl\u00e1ssicos e contempor\u00e2neos, como balan\u00e7os, escorregadores e uma casa do Tarzan, incentivando a atividade f\u00edsica e a intera\u00e7\u00e3o social entre as crian\u00e7as.<\/p>\n<h2>Compromissos da Prefeitura com a educa\u00e7\u00e3o<\/h2>\n<p>A Prefeitura de Santos reafirma seu compromisso com a educa\u00e7\u00e3o de qualidade, conforme um dos pilares dos Objetivos de Desenvolvimento Sustent\u00e1vel (ODS) da ONU, que prioriza iniciativas que assegurem educa\u00e7\u00e3o inclusiva, equitativa e de qualidade para todos. Ao promover a constru\u00e7\u00e3o de unidades escolares como a UME Hilda Raba\u00e7a, a cidade avan\u00e7a no cumprimento dessas metas, oferecendo oportunidades essenciais \u00e0s futuras gera\u00e7\u00f5es. A expectativa \u00e9 que a entrega da nova escola ocorra em aproximadamente um ano, enquanto os alunos continuam atendidos na UME Oswaldo Justo.<\/p>\n\n<div style=\"font-size: 0px; height: 0px; line-height: 0px; margin: 0; padding: 0; clear: both;\"><\/div>","protected":false},"excerpt":{"rendered":"<p>A constru\u00e7\u00e3o de escola na Zona Noroeste de Santos avan\u00e7a com parcerias inovadoras e investimento privado.<\/p>\n","protected":false},"author":1,"featured_media":5402,"comment_status":"open","ping_status":"closed","sticky":false,"template":"","format":"standard","meta":{"footnotes":""},"categories":[6],"tags":[],"class_list":["post-5403","post","type-post","status-publish","format-standard","has-post-thumbnail","hentry","category-noticias-em-santos","has_thumb"],"yoast_head":"<!-- This site is optimized with the Yoast SEO plugin v26.4 - https:\/\/yoast.com\/wordpress\/plugins\/seo\/ -->\n<title>Constru\u00e7\u00e3o de escola na Zona Noroeste de Santos avan\u00e7a em parceria com iniciativa privada - Encontra Santos<\/title>\n<meta name=\"robots\" content=\"index, follow, max-snippet:-1, max-image-preview:large, max-video-preview:-1\" \/>\n<link rel=\"canonical\" href=\"https:\/\/www.encontrasantos.com.br\/sobre\/construcao-de-escola-na-zona-noroeste-de-santos-avanca-em-parceria-com-iniciativa-privada\/\" \/>\n<meta property=\"og:locale\" content=\"pt_BR\" \/>\n<meta property=\"og:type\" content=\"article\" \/>\n<meta property=\"og:title\" content=\"Constru\u00e7\u00e3o de escola na Zona Noroeste de Santos avan\u00e7a em parceria com iniciativa privada - Encontra Santos\" \/>\n<meta property=\"og:description\" content=\"A constru\u00e7\u00e3o de escola na Zona Noroeste de Santos avan\u00e7a com parcerias inovadoras e investimento privado.\" \/>\n<meta property=\"og:url\" content=\"https:\/\/www.encontrasantos.com.br\/sobre\/construcao-de-escola-na-zona-noroeste-de-santos-avanca-em-parceria-com-iniciativa-privada\/\" \/>\n<meta property=\"og:site_name\" content=\"Encontra Santos\" \/>\n<meta property=\"article:published_time\" content=\"2026-04-28T15:16:57+00:00\" \/>\n<meta property=\"og:image\" content=\"https:\/\/www.encontrasantos.com.br\/sobre\/wp-content\/uploads\/2026\/04\/construcao-de-escola-na-zona-noroeste-de-santos-avanca-em-parceria-com-iniciativa-privada.webp\" \/>\n<meta name=\"author\" content=\"Encontra Santos\" \/>\n<meta name=\"twitter:card\" content=\"summary_large_image\" \/>\n<meta name=\"twitter:label1\" content=\"Escrito por\" \/>\n\t<meta name=\"twitter:data1\" content=\"Encontra Santos\" \/>\n\t<meta name=\"twitter:label2\" content=\"Est. tempo de leitura\" \/>\n\t<meta name=\"twitter:data2\" content=\"4 minutos\" \/>\n<script type=\"application\/ld+json\" class=\"yoast-schema-graph\">{\"@context\":\"https:\/\/schema.org\",\"@graph\":[{\"@type\":\"WebPage\",\"@id\":\"https:\/\/www.encontrasantos.com.br\/sobre\/construcao-de-escola-na-zona-noroeste-de-santos-avanca-em-parceria-com-iniciativa-privada\/\",\"url\":\"https:\/\/www.encontrasantos.com.br\/sobre\/construcao-de-escola-na-zona-noroeste-de-santos-avanca-em-parceria-com-iniciativa-privada\/\",\"name\":\"Constru\u00e7\u00e3o de escola na Zona Noroeste de Santos avan\u00e7a em parceria com iniciativa privada - Encontra Santos\",\"isPartOf\":{\"@id\":\"https:\/\/www.encontrasantos.com.br\/sobre\/#website\"},\"primaryImageOfPage\":{\"@id\":\"https:\/\/www.encontrasantos.com.br\/sobre\/construcao-de-escola-na-zona-noroeste-de-santos-avanca-em-parceria-com-iniciativa-privada\/#primaryimage\"},\"image\":{\"@id\":\"https:\/\/www.encontrasantos.com.br\/sobre\/construcao-de-escola-na-zona-noroeste-de-santos-avanca-em-parceria-com-iniciativa-privada\/#primaryimage\"},\"thumbnailUrl\":\"https:\/\/www.encontrasantos.com.br\/sobre\/wp-content\/uploads\/2026\/04\/construcao-de-escola-na-zona-noroeste-de-santos-avanca-em-parceria-com-iniciativa-privada.webp\",\"datePublished\":\"2026-04-28T15:16:57+00:00\",\"author\":{\"@id\":\"https:\/\/www.encontrasantos.com.br\/sobre\/#\/schema\/person\/c048a1af2d003b660d350a57d8081717\"},\"breadcrumb\":{\"@id\":\"https:\/\/www.encontrasantos.com.br\/sobre\/construcao-de-escola-na-zona-noroeste-de-santos-avanca-em-parceria-com-iniciativa-privada\/#breadcrumb\"},\"inLanguage\":\"pt-BR\",\"potentialAction\":[{\"@type\":\"ReadAction\",\"target\":[\"https:\/\/www.encontrasantos.com.br\/sobre\/construcao-de-escola-na-zona-noroeste-de-santos-avanca-em-parceria-com-iniciativa-privada\/\"]}]},{\"@type\":\"ImageObject\",\"inLanguage\":\"pt-BR\",\"@id\":\"https:\/\/www.encontrasantos.com.br\/sobre\/construcao-de-escola-na-zona-noroeste-de-santos-avanca-em-parceria-com-iniciativa-privada\/#primaryimage\",\"url\":\"https:\/\/www.encontrasantos.com.br\/sobre\/wp-content\/uploads\/2026\/04\/construcao-de-escola-na-zona-noroeste-de-santos-avanca-em-parceria-com-iniciativa-privada.webp\",\"contentUrl\":\"https:\/\/www.encontrasantos.com.br\/sobre\/wp-content\/uploads\/2026\/04\/construcao-de-escola-na-zona-noroeste-de-santos-avanca-em-parceria-com-iniciativa-privada.webp\",\"width\":280,\"height\":280,\"caption\":\"constru\u00e7\u00e3o de escola na Zona Noroeste de Santos\"},{\"@type\":\"BreadcrumbList\",\"@id\":\"https:\/\/www.encontrasantos.com.br\/sobre\/construcao-de-escola-na-zona-noroeste-de-santos-avanca-em-parceria-com-iniciativa-privada\/#breadcrumb\",\"itemListElement\":[{\"@type\":\"ListItem\",\"position\":1,\"name\":\"In\u00edcio\",\"item\":\"https:\/\/www.encontrasantos.com.br\/sobre\/\"},{\"@type\":\"ListItem\",\"position\":2,\"name\":\"Constru\u00e7\u00e3o de escola na Zona Noroeste de Santos avan\u00e7a em parceria com iniciativa privada\"}]},{\"@type\":\"WebSite\",\"@id\":\"https:\/\/www.encontrasantos.com.br\/sobre\/#website\",\"url\":\"https:\/\/www.encontrasantos.com.br\/sobre\/\",\"name\":\"Encontra Santos\",\"description\":\"Not\u00edcias, eventos, informa\u00e7\u00f5es e dicas na cidade de Santos e regi\u00e3o\",\"potentialAction\":[{\"@type\":\"SearchAction\",\"target\":{\"@type\":\"EntryPoint\",\"urlTemplate\":\"https:\/\/www.encontrasantos.com.br\/sobre\/?s={search_term_string}\"},\"query-input\":{\"@type\":\"PropertyValueSpecification\",\"valueRequired\":true,\"valueName\":\"search_term_string\"}}],\"inLanguage\":\"pt-BR\"},{\"@type\":\"Person\",\"@id\":\"https:\/\/www.encontrasantos.com.br\/sobre\/#\/schema\/person\/c048a1af2d003b660d350a57d8081717\",\"name\":\"Encontra Santos\",\"image\":{\"@type\":\"ImageObject\",\"inLanguage\":\"pt-BR\",\"@id\":\"https:\/\/www.encontrasantos.com.br\/sobre\/#\/schema\/person\/image\/\",\"url\":\"https:\/\/secure.gravatar.com\/avatar\/507340682b8270222e1f208e23198b6ae7e2c6a1033ae84e99bc6bce4f82a387?s=96&d=mm&r=g\",\"contentUrl\":\"https:\/\/secure.gravatar.com\/avatar\/507340682b8270222e1f208e23198b6ae7e2c6a1033ae84e99bc6bce4f82a387?s=96&d=mm&r=g\",\"caption\":\"Encontra Santos\"},\"sameAs\":[\"http:\/\/www.encontrasantos.com.br\"],\"url\":\"https:\/\/www.encontrasantos.com.br\/sobre\/author\/esantos\/\"}]}<\/script>\n<!-- \/ Yoast SEO plugin. -->","yoast_head_json":{"title":"Constru\u00e7\u00e3o de escola na Zona Noroeste de Santos avan\u00e7a em parceria com iniciativa privada - Encontra Santos","robots":{"index":"index","follow":"follow","max-snippet":"max-snippet:-1","max-image-preview":"max-image-preview:large","max-video-preview":"max-video-preview:-1"},"canonical":"https:\/\/www.encontrasantos.com.br\/sobre\/construcao-de-escola-na-zona-noroeste-de-santos-avanca-em-parceria-com-iniciativa-privada\/","og_locale":"pt_BR","og_type":"article","og_title":"Constru\u00e7\u00e3o de escola na Zona Noroeste de Santos avan\u00e7a em parceria com iniciativa privada - Encontra Santos","og_description":"A constru\u00e7\u00e3o de escola na Zona Noroeste de Santos avan\u00e7a com parcerias inovadoras e investimento privado.","og_url":"https:\/\/www.encontrasantos.com.br\/sobre\/construcao-de-escola-na-zona-noroeste-de-santos-avanca-em-parceria-com-iniciativa-privada\/","og_site_name":"Encontra Santos","article_published_time":"2026-04-28T15:16:57+00:00","og_image":[{"url":"https:\/\/www.encontrasantos.com.br\/sobre\/wp-content\/uploads\/2026\/04\/construcao-de-escola-na-zona-noroeste-de-santos-avanca-em-parceria-com-iniciativa-privada.webp","type":"","width":"","height":""}],"author":"Encontra Santos","twitter_card":"summary_large_image","twitter_misc":{"Escrito por":"Encontra Santos","Est. tempo de leitura":"4 minutos"},"schema":{"@context":"https:\/\/schema.org","@graph":[{"@type":"WebPage","@id":"https:\/\/www.encontrasantos.com.br\/sobre\/construcao-de-escola-na-zona-noroeste-de-santos-avanca-em-parceria-com-iniciativa-privada\/","url":"https:\/\/www.encontrasantos.com.br\/sobre\/construcao-de-escola-na-zona-noroeste-de-santos-avanca-em-parceria-com-iniciativa-privada\/","name":"Constru\u00e7\u00e3o de escola na Zona Noroeste de Santos avan\u00e7a em parceria com iniciativa privada - Encontra Santos","isPartOf":{"@id":"https:\/\/www.encontrasantos.com.br\/sobre\/#website"},"primaryImageOfPage":{"@id":"https:\/\/www.encontrasantos.com.br\/sobre\/construcao-de-escola-na-zona-noroeste-de-santos-avanca-em-parceria-com-iniciativa-privada\/#primaryimage"},"image":{"@id":"https:\/\/www.encontrasantos.com.br\/sobre\/construcao-de-escola-na-zona-noroeste-de-santos-avanca-em-parceria-com-iniciativa-privada\/#primaryimage"},"thumbnailUrl":"https:\/\/www.encontrasantos.com.br\/sobre\/wp-content\/uploads\/2026\/04\/construcao-de-escola-na-zona-noroeste-de-santos-avanca-em-parceria-com-iniciativa-privada.webp","datePublished":"2026-04-28T15:16:57+00:00","author":{"@id":"https:\/\/www.encontrasantos.com.br\/sobre\/#\/schema\/person\/c048a1af2d003b660d350a57d8081717"},"breadcrumb":{"@id":"https:\/\/www.encontrasantos.com.br\/sobre\/construcao-de-escola-na-zona-noroeste-de-santos-avanca-em-parceria-com-iniciativa-privada\/#breadcrumb"},"inLanguage":"pt-BR","potentialAction":[{"@type":"ReadAction","target":["https:\/\/www.encontrasantos.com.br\/sobre\/construcao-de-escola-na-zona-noroeste-de-santos-avanca-em-parceria-com-iniciativa-privada\/"]}]},{"@type":"ImageObject","inLanguage":"pt-BR","@id":"https:\/\/www.encontrasantos.com.br\/sobre\/construcao-de-escola-na-zona-noroeste-de-santos-avanca-em-parceria-com-iniciativa-privada\/#primaryimage","url":"https:\/\/www.encontrasantos.com.br\/sobre\/wp-content\/uploads\/2026\/04\/construcao-de-escola-na-zona-noroeste-de-santos-avanca-em-parceria-com-iniciativa-privada.webp","contentUrl":"https:\/\/www.encontrasantos.com.br\/sobre\/wp-content\/uploads\/2026\/04\/construcao-de-escola-na-zona-noroeste-de-santos-avanca-em-parceria-com-iniciativa-privada.webp","width":280,"height":280,"caption":"constru\u00e7\u00e3o de escola na Zona Noroeste de Santos"},{"@type":"BreadcrumbList","@id":"https:\/\/www.encontrasantos.com.br\/sobre\/construcao-de-escola-na-zona-noroeste-de-santos-avanca-em-parceria-com-iniciativa-privada\/#breadcrumb","itemListElement":[{"@type":"ListItem","position":1,"name":"In\u00edcio","item":"https:\/\/www.encontrasantos.com.br\/sobre\/"},{"@type":"ListItem","position":2,"name":"Constru\u00e7\u00e3o de escola na Zona Noroeste de Santos avan\u00e7a em parceria com iniciativa privada"}]},{"@type":"WebSite","@id":"https:\/\/www.encontrasantos.com.br\/sobre\/#website","url":"https:\/\/www.encontrasantos.com.br\/sobre\/","name":"Encontra Santos","description":"Not\u00edcias, eventos, informa\u00e7\u00f5es e dicas na cidade de Santos e regi\u00e3o","potentialAction":[{"@type":"SearchAction","target":{"@type":"EntryPoint","urlTemplate":"https:\/\/www.encontrasantos.com.br\/sobre\/?s={search_term_string}"},"query-input":{"@type":"PropertyValueSpecification","valueRequired":true,"valueName":"search_term_string"}}],"inLanguage":"pt-BR"},{"@type":"Person","@id":"https:\/\/www.encontrasantos.com.br\/sobre\/#\/schema\/person\/c048a1af2d003b660d350a57d8081717","name":"Encontra Santos","image":{"@type":"ImageObject","inLanguage":"pt-BR","@id":"https:\/\/www.encontrasantos.com.br\/sobre\/#\/schema\/person\/image\/","url":"https:\/\/secure.gravatar.com\/avatar\/507340682b8270222e1f208e23198b6ae7e2c6a1033ae84e99bc6bce4f82a387?s=96&d=mm&r=g","contentUrl":"https:\/\/secure.gravatar.com\/avatar\/507340682b8270222e1f208e23198b6ae7e2c6a1033ae84e99bc6bce4f82a387?s=96&d=mm&r=g","caption":"Encontra Santos"},"sameAs":["http:\/\/www.encontrasantos.com.br"],"url":"https:\/\/www.encontrasantos.com.br\/sobre\/author\/esantos\/"}]}},"_links":{"self":[{"href":"https:\/\/www.encontrasantos.com.br\/sobre\/wp-json\/wp\/v2\/posts\/5403","targetHints":{"allow":["GET"]}}],"collection":[{"href":"https:\/\/www.encontrasantos.com.br\/sobre\/wp-json\/wp\/v2\/posts"}],"about":[{"href":"https:\/\/www.encontrasantos.com.br\/sobre\/wp-json\/wp\/v2\/types\/post"}],"author":[{"embeddable":true,"href":"https:\/\/www.encontrasantos.com.br\/sobre\/wp-json\/wp\/v2\/users\/1"}],"replies":[{"embeddable":true,"href":"https:\/\/www.encontrasantos.com.br\/sobre\/wp-json\/wp\/v2\/comments?post=5403"}],"version-history":[{"count":0,"href":"https:\/\/www.encontrasantos.com.br\/sobre\/wp-json\/wp\/v2\/posts\/5403\/revisions"}],"wp:featuredmedia":[{"embeddable":true,"href":"https:\/\/www.encontrasantos.com.br\/sobre\/wp-json\/wp\/v2\/media\/5402"}],"wp:attachment":[{"href":"https:\/\/www.encontrasantos.com.br\/sobre\/wp-json\/wp\/v2\/media?parent=5403"}],"wp:term":[{"taxonomy":"category","embeddable":true,"href":"https:\/\/www.encontrasantos.com.br\/sobre\/wp-json\/wp\/v2\/categories?post=5403"},{"taxonomy":"post_tag","embeddable":true,"href":"https:\/\/www.encontrasantos.com.br\/sobre\/wp-json\/wp\/v2\/tags?post=5403"}],"curies":[{"name":"wp","href":"https:\/\/api.w.org\/{rel}","templated":true}]}}