{"id":5397,"date":"2026-04-27T12:31:02","date_gmt":"2026-04-27T15:31:02","guid":{"rendered":"https:\/\/www.encontrasantos.com.br\/sobre\/exposicao-em-homenagem-a-negrelli-vai-a-shopping-de-santos\/"},"modified":"2026-04-27T12:31:02","modified_gmt":"2026-04-27T15:31:02","slug":"exposicao-em-homenagem-a-negrelli-vai-a-shopping-de-santos","status":"publish","type":"post","link":"https:\/\/www.encontrasantos.com.br\/sobre\/exposicao-em-homenagem-a-negrelli-vai-a-shopping-de-santos\/","title":{"rendered":"Exposi\u00e7\u00e3o em homenagem a Negrelli vai a shopping de Santos"},"content":{"rendered":"<div class=\"79600775c85722932cbf26dff21860fb\" data-index=\"1\" style=\"float: none; margin:0px;\">\n<!-- Anuncio display - global -->\r\n<ins class=\"adsbygoogle\"\r\n     style=\"display:block\"\r\n     data-ad-client=\"ca-pub-8585364105181520\"\r\n     data-ad-slot=\"8789329856\"\r\n     data-ad-format=\"auto\"\r\n     data-full-width-responsive=\"true\"><\/ins>\r\n<script>\r\n     (adsbygoogle = window.adsbygoogle || []).push({});\r\n<\/script>\n<\/div>\n<h2>Uma Homenagem ao Grande Negrelli<\/h2>\n<p>Jos\u00e9 Oswaldo da Fonseca Marcelino, conhecido como Negrelli, foi um marco no universo do esporte em Santos. Para celebrar sua trajet\u00f3ria inspiradora e suas contribui\u00e7\u00f5es tanto dentro quanto fora das quadras, uma exposi\u00e7\u00e3o dedicada a ele est\u00e1 em cartaz no Praiamar Shopping. O evento, intitulado <strong>&#8216;Expo Negrelli, Muito Al\u00e9m do Jogo &#8211; A Hist\u00f3ria, os \u00cddolos e os Amigos&#8217;<\/strong>, tem como principal objetivo destacar a rica hist\u00f3ria desse \u00edcone do v\u00f4lei brasileiro.<\/p>\n<h2>O Legado do V\u00f4lei em Santos<\/h2>\n<p>Negrelli n\u00e3o foi apenas um grande jogador de v\u00f4lei, mas tamb\u00e9m um dos respons\u00e1veis por moldar a identidade esportiva de Santos. Ele atuou pelo Santos Futebol Clube nas d\u00e9cadas de 1960 e 1970, levando o nome da cidade aos quatro cantos do Brasil e do mundo. Sua passagem pela sele\u00e7\u00e3o brasileira, onde representou o pa\u00eds nos Jogos Ol\u00edmpicos de Munique em 1972, \u00e9 apenas uma das in\u00fameras realiza\u00e7\u00f5es que solidificaram sua import\u00e2ncia no esporte.<\/p>\n<h2>Experi\u00eancia Imersiva para Visitantes<\/h2>\n<p>A exposi\u00e7\u00e3o oferece uma experi\u00eancia imersiva e \u00e9 enriquecida com uma variedade de itens que pertencem ao acervo de Negrelli. Os visitantes poder\u00e3o encontrar:<\/p>\n<p><img decoding=\"async\" src=\"https:\/\/www.encontrasantos.com.br\/sobre\/wp-content\/uploads\/2026\/04\/exposicao-em-homenagem-a-negrelli-vai-a-shopping-de-santos.webp\" alt=\"exposi\u00e7\u00e3o em homenagem a Negrelli\" loading=\"lazy\" \/><\/p>\n<ul>\n<li><strong>V\u00eddeos Impactantes:<\/strong> Momentos marcantes de sua carreira em exibi\u00e7\u00e3o.<\/li>\n<li><strong>Depoimentos de Amigos e \u00cddolos:<\/strong> Relatos emocionantes de pessoas que fizeram parte de sua jornada.<\/li>\n<li><strong>Fotografias Hist\u00f3ricas:<\/strong> Imagens que retratam sua trajet\u00f3ria no esporte.<\/li>\n<li><strong>Uniformes e Medalhas:<\/strong> Itens que representam conquistas e dedicat\u00f3rias ao atleta.<\/li>\n<\/ul>\n<p>Essa diversidade contribui para uma rica experi\u00eancia educacional e emocional para todos os que visitam a mostra.<\/p>\n<h2>Quando e Onde Visitar a Exposi\u00e7\u00e3o<\/h2>\n<p>A exposi\u00e7\u00e3o est\u00e1 aberta ao p\u00fablico a partir de 23 de abril at\u00e9 10 de maio e pode ser visitada gratuitamente no segundo piso do Praiamar Shopping, localizado na Rua Alexandre Martins, 80, no bairro Aparecida, Santos. O hor\u00e1rio de funcionamento \u00e9 de segunda a s\u00e1bado, das 10h \u00e0s 22h, e aos domingos e feriados, das 11h \u00e0s 22h.<\/p>\n<h2>Novo Espa\u00e7o no Praiamar Shopping<\/h2>\n<p>A escolha do Praiamar Shopping como local para a exposi\u00e7\u00e3o n\u00e3o \u00e9 casual. Trata-se de um dos principais pontos de encontro da cidade, ideal para que moradores e turistas possam conhecer mais sobre a hist\u00f3ria do v\u00f4lei em Santos. A instala\u00e7\u00e3o da mostra neste espa\u00e7o visa aumentar a visibilidade e o reconhecimento do legado de Negrelli.<\/p>\n<h2>A Import\u00e2ncia do Esporte para a Cidade<\/h2>\n<p>O esporte \u00e9 um dos pilares que sustentam a identidade de Santos. Negrelli foi um dos muitos atletas que ajudaram a construir essa hist\u00f3ria, inspirando novas gera\u00e7\u00f5es a se envolver com o v\u00f4lei e o esporte em geral. O secret\u00e1rio municipal de Esportes, Rog\u00e9rio Sampaio, destacou em suas declara\u00e7\u00f5es que &#8220;Levar essa exposi\u00e7\u00e3o para um espa\u00e7o de grande circula\u00e7\u00e3o \u00e9 essencial para aproximar a popula\u00e7\u00e3o desse legado&#8221;. Essa a\u00e7\u00e3o ressalta a relev\u00e2ncia do esporte para a sa\u00fade e bem-estar da comunidade.<\/p>\n<h2>Atrativos da Mostra: O Que Esperar<\/h2>\n<p>Os visitantes da exposi\u00e7\u00e3o podem esperar se envolver emocionalmente com as hist\u00f3rias e conquistas que cercam a vida de Negrelli. Elementos adicionais incluem:<\/p>\n<ul>\n<li><strong>Interatividade:<\/strong> Algumas se\u00e7\u00f5es da exposi\u00e7\u00e3o encorajam os visitantes a participarem ativamente, como compartilhas hist\u00f3rias ou fotos em redes sociais.<\/li>\n<li><strong>Sess\u00f5es de Palestras:<\/strong> A possibilidade de ouvir de especialistas e amigos que conhecem o legado de Negrelli e suas contribui\u00e7\u00f5es.<\/li>\n<li><strong>Espa\u00e7os de Reflex\u00e3o:<\/strong> \u00c1reas criadas para momentos de tranquilidade e reflex\u00e3o sobre a influ\u00eancia do esporte na vida das pessoas.<\/li>\n<\/ul>\n<p>Esses atrativos foram pensados para tornar a experi\u00eancia do p\u00fablico ainda mais enriquecedora.<\/p>\n<h2>Colabora\u00e7\u00e3o entre Prefeitura e Parceiros<\/h2>\n<p>A realiza\u00e7\u00e3o dessa exposi\u00e7\u00e3o \u00e9 fruto de uma colabora\u00e7\u00e3o eficaz entre diversos \u00f3rg\u00e3os e parceiros. A Prefeitura de Santos, atrav\u00e9s da Secretaria de Esportes e do Museu De Vaney, trabalhou em conjunto com a Funda\u00e7\u00e3o Pr\u00f3-Esporte de Santos (Fupes) e a Secretaria de Comunica\u00e7\u00e3o e Economia Criativa (Secom). O patroc\u00ednio da Blue Med e a parceria com o Praiamar Shopping tamb\u00e9m foram fundamentais para a viabiliza\u00e7\u00e3o deste projeto.<\/p>\n<h2>Mem\u00f3rias do Santos Futebol Clube<\/h2>\n<p>Durante sua carreira, Negrelli tornou-se um \u00edcone dentro do Santos Futebol Clube. Sua dedica\u00e7\u00e3o e paix\u00e3o pelo esporte fizeram dele um exemplo para muitos jovens atletas. As mem\u00f3rias de suas performances esportivas ajudam a contar a hist\u00f3ria n\u00e3o apenas de uma equipe, mas de uma comunidade inteira.<\/p>\n<h2>O Papel de Negrelli na Educa\u00e7\u00e3o F\u00edsica<\/h2>\n<p>Ap\u00f3s encerrar sua carreira nas quadras, Negrelli atuou como professor universit\u00e1rio, lecionando em institui\u00e7\u00f5es como a Unisanta e Unimes. Ele formou muitos profissionais da \u00e1rea de Educa\u00e7\u00e3o F\u00edsica, contribuindo para a qualifica\u00e7\u00e3o de novos educadores e fomentando o amor ao esporte entre eles. Al\u00e9m disso, Negrelli liderou a Funda\u00e7\u00e3o Pr\u00f3-Esporte de Santos, mostrando seu comprometimento n\u00e3o s\u00f3 como atleta, mas tamb\u00e9m como um educador e l\u00edder na promo\u00e7\u00e3o do esporte local.<\/p>\n\n<div style=\"font-size: 0px; height: 0px; line-height: 0px; margin: 0; padding: 0; clear: both;\"><\/div>","protected":false},"excerpt":{"rendered":"<p>Exposi\u00e7\u00e3o em homenagem a Negrelli em Santos traz hist\u00f3ria do gigante do v\u00f4lei.<\/p>\n","protected":false},"author":1,"featured_media":5396,"comment_status":"open","ping_status":"closed","sticky":false,"template":"","format":"standard","meta":{"footnotes":""},"categories":[6],"tags":[],"class_list":["post-5397","post","type-post","status-publish","format-standard","has-post-thumbnail","hentry","category-noticias-em-santos","has_thumb"],"yoast_head":"<!-- This site is optimized with the Yoast SEO plugin v26.4 - https:\/\/yoast.com\/wordpress\/plugins\/seo\/ -->\n<title>Exposi\u00e7\u00e3o em homenagem a Negrelli vai a shopping de Santos - Encontra Santos<\/title>\n<meta name=\"robots\" content=\"index, follow, max-snippet:-1, max-image-preview:large, max-video-preview:-1\" \/>\n<link rel=\"canonical\" href=\"https:\/\/www.encontrasantos.com.br\/sobre\/exposicao-em-homenagem-a-negrelli-vai-a-shopping-de-santos\/\" \/>\n<meta property=\"og:locale\" content=\"pt_BR\" \/>\n<meta property=\"og:type\" content=\"article\" \/>\n<meta property=\"og:title\" content=\"Exposi\u00e7\u00e3o em homenagem a Negrelli vai a shopping de Santos - Encontra Santos\" \/>\n<meta property=\"og:description\" content=\"Exposi\u00e7\u00e3o em homenagem a Negrelli em Santos traz hist\u00f3ria do gigante do v\u00f4lei.\" \/>\n<meta property=\"og:url\" content=\"https:\/\/www.encontrasantos.com.br\/sobre\/exposicao-em-homenagem-a-negrelli-vai-a-shopping-de-santos\/\" \/>\n<meta property=\"og:site_name\" content=\"Encontra Santos\" \/>\n<meta property=\"article:published_time\" content=\"2026-04-27T15:31:02+00:00\" \/>\n<meta property=\"og:image\" content=\"https:\/\/www.encontrasantos.com.br\/sobre\/wp-content\/uploads\/2026\/04\/exposicao-em-homenagem-a-negrelli-vai-a-shopping-de-santos.webp\" \/>\n<meta name=\"author\" content=\"Encontra Santos\" \/>\n<meta name=\"twitter:card\" content=\"summary_large_image\" \/>\n<meta name=\"twitter:label1\" content=\"Escrito por\" \/>\n\t<meta name=\"twitter:data1\" content=\"Encontra Santos\" \/>\n\t<meta name=\"twitter:label2\" content=\"Est. tempo de leitura\" \/>\n\t<meta name=\"twitter:data2\" content=\"4 minutos\" \/>\n<script type=\"application\/ld+json\" class=\"yoast-schema-graph\">{\"@context\":\"https:\/\/schema.org\",\"@graph\":[{\"@type\":\"WebPage\",\"@id\":\"https:\/\/www.encontrasantos.com.br\/sobre\/exposicao-em-homenagem-a-negrelli-vai-a-shopping-de-santos\/\",\"url\":\"https:\/\/www.encontrasantos.com.br\/sobre\/exposicao-em-homenagem-a-negrelli-vai-a-shopping-de-santos\/\",\"name\":\"Exposi\u00e7\u00e3o em homenagem a Negrelli vai a shopping de Santos - Encontra Santos\",\"isPartOf\":{\"@id\":\"https:\/\/www.encontrasantos.com.br\/sobre\/#website\"},\"primaryImageOfPage\":{\"@id\":\"https:\/\/www.encontrasantos.com.br\/sobre\/exposicao-em-homenagem-a-negrelli-vai-a-shopping-de-santos\/#primaryimage\"},\"image\":{\"@id\":\"https:\/\/www.encontrasantos.com.br\/sobre\/exposicao-em-homenagem-a-negrelli-vai-a-shopping-de-santos\/#primaryimage\"},\"thumbnailUrl\":\"https:\/\/www.encontrasantos.com.br\/sobre\/wp-content\/uploads\/2026\/04\/exposicao-em-homenagem-a-negrelli-vai-a-shopping-de-santos.webp\",\"datePublished\":\"2026-04-27T15:31:02+00:00\",\"author\":{\"@id\":\"https:\/\/www.encontrasantos.com.br\/sobre\/#\/schema\/person\/c048a1af2d003b660d350a57d8081717\"},\"breadcrumb\":{\"@id\":\"https:\/\/www.encontrasantos.com.br\/sobre\/exposicao-em-homenagem-a-negrelli-vai-a-shopping-de-santos\/#breadcrumb\"},\"inLanguage\":\"pt-BR\",\"potentialAction\":[{\"@type\":\"ReadAction\",\"target\":[\"https:\/\/www.encontrasantos.com.br\/sobre\/exposicao-em-homenagem-a-negrelli-vai-a-shopping-de-santos\/\"]}]},{\"@type\":\"ImageObject\",\"inLanguage\":\"pt-BR\",\"@id\":\"https:\/\/www.encontrasantos.com.br\/sobre\/exposicao-em-homenagem-a-negrelli-vai-a-shopping-de-santos\/#primaryimage\",\"url\":\"https:\/\/www.encontrasantos.com.br\/sobre\/wp-content\/uploads\/2026\/04\/exposicao-em-homenagem-a-negrelli-vai-a-shopping-de-santos.webp\",\"contentUrl\":\"https:\/\/www.encontrasantos.com.br\/sobre\/wp-content\/uploads\/2026\/04\/exposicao-em-homenagem-a-negrelli-vai-a-shopping-de-santos.webp\",\"width\":280,\"height\":280,\"caption\":\"exposi\u00e7\u00e3o em homenagem a Negrelli\"},{\"@type\":\"BreadcrumbList\",\"@id\":\"https:\/\/www.encontrasantos.com.br\/sobre\/exposicao-em-homenagem-a-negrelli-vai-a-shopping-de-santos\/#breadcrumb\",\"itemListElement\":[{\"@type\":\"ListItem\",\"position\":1,\"name\":\"In\u00edcio\",\"item\":\"https:\/\/www.encontrasantos.com.br\/sobre\/\"},{\"@type\":\"ListItem\",\"position\":2,\"name\":\"Exposi\u00e7\u00e3o em homenagem a Negrelli vai a shopping de Santos\"}]},{\"@type\":\"WebSite\",\"@id\":\"https:\/\/www.encontrasantos.com.br\/sobre\/#website\",\"url\":\"https:\/\/www.encontrasantos.com.br\/sobre\/\",\"name\":\"Encontra Santos\",\"description\":\"Not\u00edcias, eventos, informa\u00e7\u00f5es e dicas na cidade de Santos e regi\u00e3o\",\"potentialAction\":[{\"@type\":\"SearchAction\",\"target\":{\"@type\":\"EntryPoint\",\"urlTemplate\":\"https:\/\/www.encontrasantos.com.br\/sobre\/?s={search_term_string}\"},\"query-input\":{\"@type\":\"PropertyValueSpecification\",\"valueRequired\":true,\"valueName\":\"search_term_string\"}}],\"inLanguage\":\"pt-BR\"},{\"@type\":\"Person\",\"@id\":\"https:\/\/www.encontrasantos.com.br\/sobre\/#\/schema\/person\/c048a1af2d003b660d350a57d8081717\",\"name\":\"Encontra Santos\",\"image\":{\"@type\":\"ImageObject\",\"inLanguage\":\"pt-BR\",\"@id\":\"https:\/\/www.encontrasantos.com.br\/sobre\/#\/schema\/person\/image\/\",\"url\":\"https:\/\/secure.gravatar.com\/avatar\/507340682b8270222e1f208e23198b6ae7e2c6a1033ae84e99bc6bce4f82a387?s=96&d=mm&r=g\",\"contentUrl\":\"https:\/\/secure.gravatar.com\/avatar\/507340682b8270222e1f208e23198b6ae7e2c6a1033ae84e99bc6bce4f82a387?s=96&d=mm&r=g\",\"caption\":\"Encontra Santos\"},\"sameAs\":[\"http:\/\/www.encontrasantos.com.br\"],\"url\":\"https:\/\/www.encontrasantos.com.br\/sobre\/author\/esantos\/\"}]}<\/script>\n<!-- \/ Yoast SEO plugin. -->","yoast_head_json":{"title":"Exposi\u00e7\u00e3o em homenagem a Negrelli vai a shopping de Santos - Encontra Santos","robots":{"index":"index","follow":"follow","max-snippet":"max-snippet:-1","max-image-preview":"max-image-preview:large","max-video-preview":"max-video-preview:-1"},"canonical":"https:\/\/www.encontrasantos.com.br\/sobre\/exposicao-em-homenagem-a-negrelli-vai-a-shopping-de-santos\/","og_locale":"pt_BR","og_type":"article","og_title":"Exposi\u00e7\u00e3o em homenagem a Negrelli vai a shopping de Santos - Encontra Santos","og_description":"Exposi\u00e7\u00e3o em homenagem a Negrelli em Santos traz hist\u00f3ria do gigante do v\u00f4lei.","og_url":"https:\/\/www.encontrasantos.com.br\/sobre\/exposicao-em-homenagem-a-negrelli-vai-a-shopping-de-santos\/","og_site_name":"Encontra Santos","article_published_time":"2026-04-27T15:31:02+00:00","og_image":[{"url":"https:\/\/www.encontrasantos.com.br\/sobre\/wp-content\/uploads\/2026\/04\/exposicao-em-homenagem-a-negrelli-vai-a-shopping-de-santos.webp","type":"","width":"","height":""}],"author":"Encontra Santos","twitter_card":"summary_large_image","twitter_misc":{"Escrito por":"Encontra Santos","Est. tempo de leitura":"4 minutos"},"schema":{"@context":"https:\/\/schema.org","@graph":[{"@type":"WebPage","@id":"https:\/\/www.encontrasantos.com.br\/sobre\/exposicao-em-homenagem-a-negrelli-vai-a-shopping-de-santos\/","url":"https:\/\/www.encontrasantos.com.br\/sobre\/exposicao-em-homenagem-a-negrelli-vai-a-shopping-de-santos\/","name":"Exposi\u00e7\u00e3o em homenagem a Negrelli vai a shopping de Santos - Encontra Santos","isPartOf":{"@id":"https:\/\/www.encontrasantos.com.br\/sobre\/#website"},"primaryImageOfPage":{"@id":"https:\/\/www.encontrasantos.com.br\/sobre\/exposicao-em-homenagem-a-negrelli-vai-a-shopping-de-santos\/#primaryimage"},"image":{"@id":"https:\/\/www.encontrasantos.com.br\/sobre\/exposicao-em-homenagem-a-negrelli-vai-a-shopping-de-santos\/#primaryimage"},"thumbnailUrl":"https:\/\/www.encontrasantos.com.br\/sobre\/wp-content\/uploads\/2026\/04\/exposicao-em-homenagem-a-negrelli-vai-a-shopping-de-santos.webp","datePublished":"2026-04-27T15:31:02+00:00","author":{"@id":"https:\/\/www.encontrasantos.com.br\/sobre\/#\/schema\/person\/c048a1af2d003b660d350a57d8081717"},"breadcrumb":{"@id":"https:\/\/www.encontrasantos.com.br\/sobre\/exposicao-em-homenagem-a-negrelli-vai-a-shopping-de-santos\/#breadcrumb"},"inLanguage":"pt-BR","potentialAction":[{"@type":"ReadAction","target":["https:\/\/www.encontrasantos.com.br\/sobre\/exposicao-em-homenagem-a-negrelli-vai-a-shopping-de-santos\/"]}]},{"@type":"ImageObject","inLanguage":"pt-BR","@id":"https:\/\/www.encontrasantos.com.br\/sobre\/exposicao-em-homenagem-a-negrelli-vai-a-shopping-de-santos\/#primaryimage","url":"https:\/\/www.encontrasantos.com.br\/sobre\/wp-content\/uploads\/2026\/04\/exposicao-em-homenagem-a-negrelli-vai-a-shopping-de-santos.webp","contentUrl":"https:\/\/www.encontrasantos.com.br\/sobre\/wp-content\/uploads\/2026\/04\/exposicao-em-homenagem-a-negrelli-vai-a-shopping-de-santos.webp","width":280,"height":280,"caption":"exposi\u00e7\u00e3o em homenagem a Negrelli"},{"@type":"BreadcrumbList","@id":"https:\/\/www.encontrasantos.com.br\/sobre\/exposicao-em-homenagem-a-negrelli-vai-a-shopping-de-santos\/#breadcrumb","itemListElement":[{"@type":"ListItem","position":1,"name":"In\u00edcio","item":"https:\/\/www.encontrasantos.com.br\/sobre\/"},{"@type":"ListItem","position":2,"name":"Exposi\u00e7\u00e3o em homenagem a Negrelli vai a shopping de Santos"}]},{"@type":"WebSite","@id":"https:\/\/www.encontrasantos.com.br\/sobre\/#website","url":"https:\/\/www.encontrasantos.com.br\/sobre\/","name":"Encontra Santos","description":"Not\u00edcias, eventos, informa\u00e7\u00f5es e dicas na cidade de Santos e regi\u00e3o","potentialAction":[{"@type":"SearchAction","target":{"@type":"EntryPoint","urlTemplate":"https:\/\/www.encontrasantos.com.br\/sobre\/?s={search_term_string}"},"query-input":{"@type":"PropertyValueSpecification","valueRequired":true,"valueName":"search_term_string"}}],"inLanguage":"pt-BR"},{"@type":"Person","@id":"https:\/\/www.encontrasantos.com.br\/sobre\/#\/schema\/person\/c048a1af2d003b660d350a57d8081717","name":"Encontra Santos","image":{"@type":"ImageObject","inLanguage":"pt-BR","@id":"https:\/\/www.encontrasantos.com.br\/sobre\/#\/schema\/person\/image\/","url":"https:\/\/secure.gravatar.com\/avatar\/507340682b8270222e1f208e23198b6ae7e2c6a1033ae84e99bc6bce4f82a387?s=96&d=mm&r=g","contentUrl":"https:\/\/secure.gravatar.com\/avatar\/507340682b8270222e1f208e23198b6ae7e2c6a1033ae84e99bc6bce4f82a387?s=96&d=mm&r=g","caption":"Encontra Santos"},"sameAs":["http:\/\/www.encontrasantos.com.br"],"url":"https:\/\/www.encontrasantos.com.br\/sobre\/author\/esantos\/"}]}},"_links":{"self":[{"href":"https:\/\/www.encontrasantos.com.br\/sobre\/wp-json\/wp\/v2\/posts\/5397","targetHints":{"allow":["GET"]}}],"collection":[{"href":"https:\/\/www.encontrasantos.com.br\/sobre\/wp-json\/wp\/v2\/posts"}],"about":[{"href":"https:\/\/www.encontrasantos.com.br\/sobre\/wp-json\/wp\/v2\/types\/post"}],"author":[{"embeddable":true,"href":"https:\/\/www.encontrasantos.com.br\/sobre\/wp-json\/wp\/v2\/users\/1"}],"replies":[{"embeddable":true,"href":"https:\/\/www.encontrasantos.com.br\/sobre\/wp-json\/wp\/v2\/comments?post=5397"}],"version-history":[{"count":0,"href":"https:\/\/www.encontrasantos.com.br\/sobre\/wp-json\/wp\/v2\/posts\/5397\/revisions"}],"wp:featuredmedia":[{"embeddable":true,"href":"https:\/\/www.encontrasantos.com.br\/sobre\/wp-json\/wp\/v2\/media\/5396"}],"wp:attachment":[{"href":"https:\/\/www.encontrasantos.com.br\/sobre\/wp-json\/wp\/v2\/media?parent=5397"}],"wp:term":[{"taxonomy":"category","embeddable":true,"href":"https:\/\/www.encontrasantos.com.br\/sobre\/wp-json\/wp\/v2\/categories?post=5397"},{"taxonomy":"post_tag","embeddable":true,"href":"https:\/\/www.encontrasantos.com.br\/sobre\/wp-json\/wp\/v2\/tags?post=5397"}],"curies":[{"name":"wp","href":"https:\/\/api.w.org\/{rel}","templated":true}]}}