{"id":5385,"date":"2026-04-25T12:42:38","date_gmt":"2026-04-25T15:42:38","guid":{"rendered":"https:\/\/www.encontrasantos.com.br\/sobre\/mais-62-aprovados-em-concurso-sao-nomeados-pela-prefeitura-de-santos\/"},"modified":"2026-04-25T12:42:38","modified_gmt":"2026-04-25T15:42:38","slug":"mais-62-aprovados-em-concurso-sao-nomeados-pela-prefeitura-de-santos","status":"publish","type":"post","link":"https:\/\/www.encontrasantos.com.br\/sobre\/mais-62-aprovados-em-concurso-sao-nomeados-pela-prefeitura-de-santos\/","title":{"rendered":"Mais 62 aprovados em concurso s\u00e3o nomeados pela Prefeitura de Santos"},"content":{"rendered":"<div class=\"79600775c85722932cbf26dff21860fb\" data-index=\"1\" style=\"float: none; margin:0px;\">\n<!-- Anuncio display - global -->\r\n<ins class=\"adsbygoogle\"\r\n     style=\"display:block\"\r\n     data-ad-client=\"ca-pub-8585364105181520\"\r\n     data-ad-slot=\"8789329856\"\r\n     data-ad-format=\"auto\"\r\n     data-full-width-responsive=\"true\"><\/ins>\r\n<script>\r\n     (adsbygoogle = window.adsbygoogle || []).push({});\r\n<\/script>\n<\/div>\n<h2>Detalhes sobre as Nomea\u00e7\u00f5es<\/h2>\n<p>A Prefeitura de Santos anunciou a nomea\u00e7\u00e3o de 62 candidatos que obtiveram aprova\u00e7\u00e3o em concurso p\u00fablico, abrangendo um total de oito diferentes cargos. Dentre as fun\u00e7\u00f5es mais solicitadas, destaca-se a de professor adjunto II, que registrou um impressionante n\u00famero de 23 nomea\u00e7\u00f5es. Essas convoca\u00e7\u00f5es est\u00e3o voltadas para as \u00e1reas de Matem\u00e1tica, Libras e educa\u00e7\u00e3o especial, refletindo a busca por qualifica\u00e7\u00e3o na educa\u00e7\u00e3o p\u00fablica da cidade.<\/p>\n<h2>Cargos e Distribui\u00e7\u00e3o dos Professores<\/h2>\n<p>No que tange \u00e0 distribui\u00e7\u00e3o dos cargos, observou-se a seguinte configura\u00e7\u00e3o:<\/p>\n<ul>\n<li><strong>Professor adjunto II:<\/strong> 23 nomea\u00e7\u00f5es (Matem\u00e1tica, Libras e educa\u00e7\u00e3o especial).<\/li>\n<li><strong>Guarda civil municipal:<\/strong> 19 nomea\u00e7\u00f5es.<\/li>\n<li><strong>Professor adjunto I:<\/strong> 15 nomea\u00e7\u00f5es.<\/li>\n<li><strong>Outras Fun\u00e7\u00f5es:<\/strong> Nomea\u00e7\u00f5es \u00fanicas para analista de sistemas, operador radiof\u00f4nico, agente comunit\u00e1rio de sa\u00fade, t\u00e9cnico de raio-x e m\u00e9dico cardiologista.<\/li>\n<\/ul>\n<p>Este cen\u00e1rio de nomea\u00e7\u00f5es \u00e9 um indicativo positivo para a expans\u00e3o das capacidades educacionais e de seguran\u00e7a p\u00fablica na regi\u00e3o, evidenciando a prioridade dada \u00e0 educa\u00e7\u00e3o na gest\u00e3o atual.<\/p>\n<p><img decoding=\"async\" src=\"https:\/\/www.encontrasantos.com.br\/sobre\/wp-content\/uploads\/2026\/04\/mais-62-aprovados-em-concurso-sao-nomeados-pela-prefeitura-de-santos.webp\" alt=\"nomea\u00e7\u00e3o de professores\" loading=\"lazy\" \/><\/p>\n<h2>Impacto na Educa\u00e7\u00e3o em Santos<\/h2>\n<p>A inclus\u00e3o de novos profissionais na esfera educacional \u00e9 bastante significativa, pois impacta diretamente na qualidade do ensino oferecido \u00e0s comunidades. Com a contrata\u00e7\u00e3o de professores qualificados, espera-se uma melhora consider\u00e1vel no atendimento \u00e0s demandas educacionais da popula\u00e7\u00e3o. Isso n\u00e3o s\u00f3 prov\u00ea suporte \u00e0s \u00e1reas acad\u00eamicas como tamb\u00e9m contribui para o desenvolvimento inclusivo de alunos com necessidades especiais, garantido por meio da modalidade de Libras para surdos e a educa\u00e7\u00e3o especial.<\/p>\n<h2>Como Participar do Processo de Nomea\u00e7\u00e3o<\/h2>\n<p>Os candidatos que foram nomeados devem seguir algumas etapas para formalizar sua posse. Entre os passos principais, destaca-se o contato com a Se\u00e7\u00e3o de Medicina do Trabalho (Semed), onde \u00e9 necess\u00e1rio enviar um documento com foto em at\u00e9 tr\u00eas dias \u00fateis ap\u00f3s a divulga\u00e7\u00e3o das nomea\u00e7\u00f5es. Este procedimento visa agendar a realiza\u00e7\u00e3o dos exames m\u00e9dicos pr\u00e9-admissionais, essenciais para a obten\u00e7\u00e3o do Atestado de Sa\u00fade Ocupacional (ASO).<\/p>\n<h2>Import\u00e2ncia da Forma\u00e7\u00e3o Docente<\/h2>\n<p>A forma\u00e7\u00e3o cont\u00ednua dos docentes \u00e9 fundamental para atender \u00e0s exig\u00eancias de um ambiente educacional em constante evolu\u00e7\u00e3o. Ser professor exige adaptabilidade diante de novas metodologias de ensino e inclus\u00e3o de tecnologias. Portanto, a sele\u00e7\u00e3o de profissionais qualificados \u00e9 um reflexo do comprometimento do governo com um padr\u00e3o elevado de educa\u00e7\u00e3o, crucial para o desenvolvimento de um futuro promissor para os alunos.<\/p>\n<h2>Desafios Enfrentados pelos Novos Professores<\/h2>\n<p>Embora a nomea\u00e7\u00e3o de novos professores seja um avan\u00e7o significativo, esses profissionais enfrentar\u00e3o desafios ao se adaptarem ao ambiente escolar. Entre os principais desafios, podemos citar:<\/p>\n<ul>\n<li><strong>Adapta\u00e7\u00e3o Curricular:<\/strong> Familiarizar-se com a estrutura curricular e pol\u00edticas educacionais da institui\u00e7\u00e3o.<\/li>\n<li><strong>Gest\u00e3o da Sala de Aula:<\/strong> Desenvolver habilidades eficazes de gerenciamento para manter a disciplina e o engajamento dos alunos.<\/li>\n<li><strong>Integra\u00e7\u00e3o com a Equipe Escolar:<\/strong> Estabelecer rela\u00e7\u00f5es colaborativas com colegas e educadores para promover um ambiente de trabalho positivo.<\/li>\n<li><strong>Inclus\u00e3o de Alunos com Necessidades Especiais:<\/strong> Preparar-se para atender alunos com diferentes habilidades, assegurando uma educa\u00e7\u00e3o equitativa.<\/li>\n<\/ul>\n<h2>Expectativas da Comunidade Educacional<\/h2>\n<p>A nomea\u00e7\u00e3o de professores gerou expectativas positivas na comunidade educacional. Pais, alunos e membros da comunidade t\u00eam demonstrado entusiasmo com a chegada de novos educadores que possam trazer inova\u00e7\u00f5es e maior comprometimento na forma\u00e7\u00e3o dos estudantes. A experi\u00eancia e as qualifica\u00e7\u00f5es dos novos professores t\u00eam sido enfatizadas como fatores que podem contribuir significativamente para a melhoria do ensino e dos resultados escolares.<\/p>\n<h2>Exames Necess\u00e1rios para a Posse<\/h2>\n<p>Os exames m\u00e9dicos s\u00e3o um requisito essencial para a posse. Os candidatos devem agendar esses exames com a Se\u00e7\u00e3o de Medicina do Trabalho (Semed) e apresentar um documento com foto. O ASO \u00e9 fundamental para garantir que os novos servidores estejam em condi\u00e7\u00f5es de sa\u00fade adequadas para desempenhar suas fun\u00e7\u00f5es. \u00c9 importante que todos os nomeados compreendam a import\u00e2ncia desse processo e cumpram os prazos estabelecidos.<\/p>\n<h2>Documenta\u00e7\u00e3o Requerida para os Candidatos<\/h2>\n<p>Para efetuar a posse, os candidatos devem entregar documenta\u00e7\u00e3o espec\u00edfica. Al\u00e9m do ASO, devem inserir o n\u00famero do PIS\/PASEP em um documento de forma digitalizada, que dever\u00e1 ser enviado ao e-mail indicado para verifica\u00e7\u00e3o de v\u00ednculos anteriores com a administra\u00e7\u00e3o p\u00fablica. \u00c9 crucial que os novos professores estejam cientes da necessidade de apresentar essa documenta\u00e7\u00e3o, evitando problemas que possam atrasar sua inclus\u00e3o no corpo docente.<\/p>\n<h2>Perspectivas Futuras para a Educa\u00e7\u00e3o em Santos<\/h2>\n<p>As perspectivas futuras para a educa\u00e7\u00e3o em Santos s\u00e3o otimistas, especialmente com a inclus\u00e3o de novos profissionais no sistema. Existe uma expectativa segura de que a qualidade do ensino seja elevada, al\u00e9m de um foco renovado em pr\u00e1ticas pedag\u00f3gicas que integrem tecnologia e metodologias modernas. A gest\u00e3o da Prefeitura busca atender \u00e0s demandas da educa\u00e7\u00e3o com responsabilidade, comprometendo-se a proporcionar um ambiente no qual alunos e professores tenham condi\u00e7\u00f5es adequadas para um aprendizado significativo.<\/p>\n\n<div style=\"font-size: 0px; height: 0px; line-height: 0px; margin: 0; padding: 0; clear: both;\"><\/div>","protected":false},"excerpt":{"rendered":"<p>Mais 62 professores foram nomeados pela Prefeitura de Santos. Confira os detalhes!<\/p>\n","protected":false},"author":1,"featured_media":5384,"comment_status":"open","ping_status":"closed","sticky":false,"template":"","format":"standard","meta":{"footnotes":""},"categories":[6],"tags":[],"class_list":["post-5385","post","type-post","status-publish","format-standard","has-post-thumbnail","hentry","category-noticias-em-santos","has_thumb"],"yoast_head":"<!-- This site is optimized with the Yoast SEO plugin v26.4 - https:\/\/yoast.com\/wordpress\/plugins\/seo\/ -->\n<title>Mais 62 aprovados em concurso s\u00e3o nomeados pela Prefeitura de Santos - Encontra Santos<\/title>\n<meta name=\"robots\" content=\"index, follow, max-snippet:-1, max-image-preview:large, max-video-preview:-1\" \/>\n<link rel=\"canonical\" href=\"https:\/\/www.encontrasantos.com.br\/sobre\/mais-62-aprovados-em-concurso-sao-nomeados-pela-prefeitura-de-santos\/\" \/>\n<meta property=\"og:locale\" content=\"pt_BR\" \/>\n<meta property=\"og:type\" content=\"article\" \/>\n<meta property=\"og:title\" content=\"Mais 62 aprovados em concurso s\u00e3o nomeados pela Prefeitura de Santos - Encontra Santos\" \/>\n<meta property=\"og:description\" content=\"Mais 62 professores foram nomeados pela Prefeitura de Santos. Confira os detalhes!\" \/>\n<meta property=\"og:url\" content=\"https:\/\/www.encontrasantos.com.br\/sobre\/mais-62-aprovados-em-concurso-sao-nomeados-pela-prefeitura-de-santos\/\" \/>\n<meta property=\"og:site_name\" content=\"Encontra Santos\" \/>\n<meta property=\"article:published_time\" content=\"2026-04-25T15:42:38+00:00\" \/>\n<meta property=\"og:image\" content=\"https:\/\/www.encontrasantos.com.br\/sobre\/wp-content\/uploads\/2026\/04\/mais-62-aprovados-em-concurso-sao-nomeados-pela-prefeitura-de-santos.webp\" \/>\n<meta name=\"author\" content=\"Encontra Santos\" \/>\n<meta name=\"twitter:card\" content=\"summary_large_image\" \/>\n<meta name=\"twitter:label1\" content=\"Escrito por\" \/>\n\t<meta name=\"twitter:data1\" content=\"Encontra Santos\" \/>\n\t<meta name=\"twitter:label2\" content=\"Est. tempo de leitura\" \/>\n\t<meta name=\"twitter:data2\" content=\"4 minutos\" \/>\n<script type=\"application\/ld+json\" class=\"yoast-schema-graph\">{\"@context\":\"https:\/\/schema.org\",\"@graph\":[{\"@type\":\"WebPage\",\"@id\":\"https:\/\/www.encontrasantos.com.br\/sobre\/mais-62-aprovados-em-concurso-sao-nomeados-pela-prefeitura-de-santos\/\",\"url\":\"https:\/\/www.encontrasantos.com.br\/sobre\/mais-62-aprovados-em-concurso-sao-nomeados-pela-prefeitura-de-santos\/\",\"name\":\"Mais 62 aprovados em concurso s\u00e3o nomeados pela Prefeitura de Santos - Encontra Santos\",\"isPartOf\":{\"@id\":\"https:\/\/www.encontrasantos.com.br\/sobre\/#website\"},\"primaryImageOfPage\":{\"@id\":\"https:\/\/www.encontrasantos.com.br\/sobre\/mais-62-aprovados-em-concurso-sao-nomeados-pela-prefeitura-de-santos\/#primaryimage\"},\"image\":{\"@id\":\"https:\/\/www.encontrasantos.com.br\/sobre\/mais-62-aprovados-em-concurso-sao-nomeados-pela-prefeitura-de-santos\/#primaryimage\"},\"thumbnailUrl\":\"https:\/\/www.encontrasantos.com.br\/sobre\/wp-content\/uploads\/2026\/04\/mais-62-aprovados-em-concurso-sao-nomeados-pela-prefeitura-de-santos.webp\",\"datePublished\":\"2026-04-25T15:42:38+00:00\",\"author\":{\"@id\":\"https:\/\/www.encontrasantos.com.br\/sobre\/#\/schema\/person\/c048a1af2d003b660d350a57d8081717\"},\"breadcrumb\":{\"@id\":\"https:\/\/www.encontrasantos.com.br\/sobre\/mais-62-aprovados-em-concurso-sao-nomeados-pela-prefeitura-de-santos\/#breadcrumb\"},\"inLanguage\":\"pt-BR\",\"potentialAction\":[{\"@type\":\"ReadAction\",\"target\":[\"https:\/\/www.encontrasantos.com.br\/sobre\/mais-62-aprovados-em-concurso-sao-nomeados-pela-prefeitura-de-santos\/\"]}]},{\"@type\":\"ImageObject\",\"inLanguage\":\"pt-BR\",\"@id\":\"https:\/\/www.encontrasantos.com.br\/sobre\/mais-62-aprovados-em-concurso-sao-nomeados-pela-prefeitura-de-santos\/#primaryimage\",\"url\":\"https:\/\/www.encontrasantos.com.br\/sobre\/wp-content\/uploads\/2026\/04\/mais-62-aprovados-em-concurso-sao-nomeados-pela-prefeitura-de-santos.webp\",\"contentUrl\":\"https:\/\/www.encontrasantos.com.br\/sobre\/wp-content\/uploads\/2026\/04\/mais-62-aprovados-em-concurso-sao-nomeados-pela-prefeitura-de-santos.webp\",\"width\":280,\"height\":280,\"caption\":\"nomea\u00e7\u00e3o de professores\"},{\"@type\":\"BreadcrumbList\",\"@id\":\"https:\/\/www.encontrasantos.com.br\/sobre\/mais-62-aprovados-em-concurso-sao-nomeados-pela-prefeitura-de-santos\/#breadcrumb\",\"itemListElement\":[{\"@type\":\"ListItem\",\"position\":1,\"name\":\"In\u00edcio\",\"item\":\"https:\/\/www.encontrasantos.com.br\/sobre\/\"},{\"@type\":\"ListItem\",\"position\":2,\"name\":\"Mais 62 aprovados em concurso s\u00e3o nomeados pela Prefeitura de Santos\"}]},{\"@type\":\"WebSite\",\"@id\":\"https:\/\/www.encontrasantos.com.br\/sobre\/#website\",\"url\":\"https:\/\/www.encontrasantos.com.br\/sobre\/\",\"name\":\"Encontra Santos\",\"description\":\"Not\u00edcias, eventos, informa\u00e7\u00f5es e dicas na cidade de Santos e regi\u00e3o\",\"potentialAction\":[{\"@type\":\"SearchAction\",\"target\":{\"@type\":\"EntryPoint\",\"urlTemplate\":\"https:\/\/www.encontrasantos.com.br\/sobre\/?s={search_term_string}\"},\"query-input\":{\"@type\":\"PropertyValueSpecification\",\"valueRequired\":true,\"valueName\":\"search_term_string\"}}],\"inLanguage\":\"pt-BR\"},{\"@type\":\"Person\",\"@id\":\"https:\/\/www.encontrasantos.com.br\/sobre\/#\/schema\/person\/c048a1af2d003b660d350a57d8081717\",\"name\":\"Encontra Santos\",\"image\":{\"@type\":\"ImageObject\",\"inLanguage\":\"pt-BR\",\"@id\":\"https:\/\/www.encontrasantos.com.br\/sobre\/#\/schema\/person\/image\/\",\"url\":\"https:\/\/secure.gravatar.com\/avatar\/507340682b8270222e1f208e23198b6ae7e2c6a1033ae84e99bc6bce4f82a387?s=96&d=mm&r=g\",\"contentUrl\":\"https:\/\/secure.gravatar.com\/avatar\/507340682b8270222e1f208e23198b6ae7e2c6a1033ae84e99bc6bce4f82a387?s=96&d=mm&r=g\",\"caption\":\"Encontra Santos\"},\"sameAs\":[\"http:\/\/www.encontrasantos.com.br\"],\"url\":\"https:\/\/www.encontrasantos.com.br\/sobre\/author\/esantos\/\"}]}<\/script>\n<!-- \/ Yoast SEO plugin. -->","yoast_head_json":{"title":"Mais 62 aprovados em concurso s\u00e3o nomeados pela Prefeitura de Santos - Encontra Santos","robots":{"index":"index","follow":"follow","max-snippet":"max-snippet:-1","max-image-preview":"max-image-preview:large","max-video-preview":"max-video-preview:-1"},"canonical":"https:\/\/www.encontrasantos.com.br\/sobre\/mais-62-aprovados-em-concurso-sao-nomeados-pela-prefeitura-de-santos\/","og_locale":"pt_BR","og_type":"article","og_title":"Mais 62 aprovados em concurso s\u00e3o nomeados pela Prefeitura de Santos - Encontra Santos","og_description":"Mais 62 professores foram nomeados pela Prefeitura de Santos. Confira os detalhes!","og_url":"https:\/\/www.encontrasantos.com.br\/sobre\/mais-62-aprovados-em-concurso-sao-nomeados-pela-prefeitura-de-santos\/","og_site_name":"Encontra Santos","article_published_time":"2026-04-25T15:42:38+00:00","og_image":[{"url":"https:\/\/www.encontrasantos.com.br\/sobre\/wp-content\/uploads\/2026\/04\/mais-62-aprovados-em-concurso-sao-nomeados-pela-prefeitura-de-santos.webp","type":"","width":"","height":""}],"author":"Encontra Santos","twitter_card":"summary_large_image","twitter_misc":{"Escrito por":"Encontra Santos","Est. tempo de leitura":"4 minutos"},"schema":{"@context":"https:\/\/schema.org","@graph":[{"@type":"WebPage","@id":"https:\/\/www.encontrasantos.com.br\/sobre\/mais-62-aprovados-em-concurso-sao-nomeados-pela-prefeitura-de-santos\/","url":"https:\/\/www.encontrasantos.com.br\/sobre\/mais-62-aprovados-em-concurso-sao-nomeados-pela-prefeitura-de-santos\/","name":"Mais 62 aprovados em concurso s\u00e3o nomeados pela Prefeitura de Santos - Encontra Santos","isPartOf":{"@id":"https:\/\/www.encontrasantos.com.br\/sobre\/#website"},"primaryImageOfPage":{"@id":"https:\/\/www.encontrasantos.com.br\/sobre\/mais-62-aprovados-em-concurso-sao-nomeados-pela-prefeitura-de-santos\/#primaryimage"},"image":{"@id":"https:\/\/www.encontrasantos.com.br\/sobre\/mais-62-aprovados-em-concurso-sao-nomeados-pela-prefeitura-de-santos\/#primaryimage"},"thumbnailUrl":"https:\/\/www.encontrasantos.com.br\/sobre\/wp-content\/uploads\/2026\/04\/mais-62-aprovados-em-concurso-sao-nomeados-pela-prefeitura-de-santos.webp","datePublished":"2026-04-25T15:42:38+00:00","author":{"@id":"https:\/\/www.encontrasantos.com.br\/sobre\/#\/schema\/person\/c048a1af2d003b660d350a57d8081717"},"breadcrumb":{"@id":"https:\/\/www.encontrasantos.com.br\/sobre\/mais-62-aprovados-em-concurso-sao-nomeados-pela-prefeitura-de-santos\/#breadcrumb"},"inLanguage":"pt-BR","potentialAction":[{"@type":"ReadAction","target":["https:\/\/www.encontrasantos.com.br\/sobre\/mais-62-aprovados-em-concurso-sao-nomeados-pela-prefeitura-de-santos\/"]}]},{"@type":"ImageObject","inLanguage":"pt-BR","@id":"https:\/\/www.encontrasantos.com.br\/sobre\/mais-62-aprovados-em-concurso-sao-nomeados-pela-prefeitura-de-santos\/#primaryimage","url":"https:\/\/www.encontrasantos.com.br\/sobre\/wp-content\/uploads\/2026\/04\/mais-62-aprovados-em-concurso-sao-nomeados-pela-prefeitura-de-santos.webp","contentUrl":"https:\/\/www.encontrasantos.com.br\/sobre\/wp-content\/uploads\/2026\/04\/mais-62-aprovados-em-concurso-sao-nomeados-pela-prefeitura-de-santos.webp","width":280,"height":280,"caption":"nomea\u00e7\u00e3o de professores"},{"@type":"BreadcrumbList","@id":"https:\/\/www.encontrasantos.com.br\/sobre\/mais-62-aprovados-em-concurso-sao-nomeados-pela-prefeitura-de-santos\/#breadcrumb","itemListElement":[{"@type":"ListItem","position":1,"name":"In\u00edcio","item":"https:\/\/www.encontrasantos.com.br\/sobre\/"},{"@type":"ListItem","position":2,"name":"Mais 62 aprovados em concurso s\u00e3o nomeados pela Prefeitura de Santos"}]},{"@type":"WebSite","@id":"https:\/\/www.encontrasantos.com.br\/sobre\/#website","url":"https:\/\/www.encontrasantos.com.br\/sobre\/","name":"Encontra Santos","description":"Not\u00edcias, eventos, informa\u00e7\u00f5es e dicas na cidade de Santos e regi\u00e3o","potentialAction":[{"@type":"SearchAction","target":{"@type":"EntryPoint","urlTemplate":"https:\/\/www.encontrasantos.com.br\/sobre\/?s={search_term_string}"},"query-input":{"@type":"PropertyValueSpecification","valueRequired":true,"valueName":"search_term_string"}}],"inLanguage":"pt-BR"},{"@type":"Person","@id":"https:\/\/www.encontrasantos.com.br\/sobre\/#\/schema\/person\/c048a1af2d003b660d350a57d8081717","name":"Encontra Santos","image":{"@type":"ImageObject","inLanguage":"pt-BR","@id":"https:\/\/www.encontrasantos.com.br\/sobre\/#\/schema\/person\/image\/","url":"https:\/\/secure.gravatar.com\/avatar\/507340682b8270222e1f208e23198b6ae7e2c6a1033ae84e99bc6bce4f82a387?s=96&d=mm&r=g","contentUrl":"https:\/\/secure.gravatar.com\/avatar\/507340682b8270222e1f208e23198b6ae7e2c6a1033ae84e99bc6bce4f82a387?s=96&d=mm&r=g","caption":"Encontra Santos"},"sameAs":["http:\/\/www.encontrasantos.com.br"],"url":"https:\/\/www.encontrasantos.com.br\/sobre\/author\/esantos\/"}]}},"_links":{"self":[{"href":"https:\/\/www.encontrasantos.com.br\/sobre\/wp-json\/wp\/v2\/posts\/5385","targetHints":{"allow":["GET"]}}],"collection":[{"href":"https:\/\/www.encontrasantos.com.br\/sobre\/wp-json\/wp\/v2\/posts"}],"about":[{"href":"https:\/\/www.encontrasantos.com.br\/sobre\/wp-json\/wp\/v2\/types\/post"}],"author":[{"embeddable":true,"href":"https:\/\/www.encontrasantos.com.br\/sobre\/wp-json\/wp\/v2\/users\/1"}],"replies":[{"embeddable":true,"href":"https:\/\/www.encontrasantos.com.br\/sobre\/wp-json\/wp\/v2\/comments?post=5385"}],"version-history":[{"count":0,"href":"https:\/\/www.encontrasantos.com.br\/sobre\/wp-json\/wp\/v2\/posts\/5385\/revisions"}],"wp:featuredmedia":[{"embeddable":true,"href":"https:\/\/www.encontrasantos.com.br\/sobre\/wp-json\/wp\/v2\/media\/5384"}],"wp:attachment":[{"href":"https:\/\/www.encontrasantos.com.br\/sobre\/wp-json\/wp\/v2\/media?parent=5385"}],"wp:term":[{"taxonomy":"category","embeddable":true,"href":"https:\/\/www.encontrasantos.com.br\/sobre\/wp-json\/wp\/v2\/categories?post=5385"},{"taxonomy":"post_tag","embeddable":true,"href":"https:\/\/www.encontrasantos.com.br\/sobre\/wp-json\/wp\/v2\/tags?post=5385"}],"curies":[{"name":"wp","href":"https:\/\/api.w.org\/{rel}","templated":true}]}}