{"id":382,"date":"2011-08-16T15:11:48","date_gmt":"2011-08-16T18:11:48","guid":{"rendered":"http:\/\/www.encontrasantos.com.br\/noticias\/?p=382"},"modified":"2019-04-29T18:03:40","modified_gmt":"2019-04-29T21:03:40","slug":"guardas-municipais-de-santos-terao-reforco-de-armas-nao-letais","status":"publish","type":"post","link":"https:\/\/www.encontrasantos.com.br\/sobre\/guardas-municipais-de-santos-terao-reforco-de-armas-nao-letais\/","title":{"rendered":"Guardas municipais de Santos ter\u00e3o refor\u00e7o de armas n\u00e3o letais"},"content":{"rendered":"<div class=\"79600775c85722932cbf26dff21860fb\" data-index=\"1\" style=\"float: none; margin:0px;\">\n<!-- Anuncio display - global -->\r\n<ins class=\"adsbygoogle\"\r\n     style=\"display:block\"\r\n     data-ad-client=\"ca-pub-8585364105181520\"\r\n     data-ad-slot=\"8789329856\"\r\n     data-ad-format=\"auto\"\r\n     data-full-width-responsive=\"true\"><\/ins>\r\n<script>\r\n     (adsbygoogle = window.adsbygoogle || []).push({});\r\n<\/script>\n<\/div>\n<p>A Guarda Municipal da cidade Santos deve contar com 35 pistolas n\u00e3o letais e 60 novos agentes aprovados em concurso p\u00fablico, que se somar\u00e3o aos 400 atuais da corpora\u00e7\u00e3o. As novidades foram anunciadas nesta segunda-feira pelo secret\u00e1rio de seguran\u00e7a p\u00fablica, Renato Perrenaud, durante cerim\u00f4nia comemorativa aos 26 anos da GM.<\/p>\n<p>As pistolas ser\u00e3o utilizadas pelos guardas a partir de outubro e foram doadas pela Secretaria Nacional de Seguran\u00e7a P\u00fablica. O armamento, da categoria taser, libera descarga el\u00e9trica, provocando a perda moment\u00e2nea de movimentos. Ainda este m\u00eas, os funcion\u00e1rios far\u00e3o exame psicot\u00e9cnico e os aprovados ser\u00e3o treinados pela Pol\u00edcia Militar.<\/p>\n<p>Os guardas fazem patrulhamento em viaturas na orla, zonas leste e noroeste, morros, Centro Hist\u00f3rico e \u00e1rea continental. Tamb\u00e9m est\u00e3o em postos fixos, como o Pa\u00e7o Municipal, escolas municipais, prontos-socorros e cemit\u00e9rios.<\/p>\n<p>Perrenoud tamb\u00e9m anunciou a implementa\u00e7\u00e3o de base compartilhada com a Pol\u00edcia Militar, na \u00c1rea Continental, nos mesmos moldes do que acontece desde o in\u00edcio do ano na Pra\u00e7a dos Andradas (Centro Hist\u00f3rico); e a instala\u00e7\u00e3o de GPS a partir de setembro.<\/p>\n<p>\u201cAinda este ano ser\u00e1 consolidado o plano de cargos, sal\u00e1rios e carreira, que d\u00e1 perspectivas de futuro \u00e0 corpora\u00e7\u00e3o. A sociedade exige servidores comprometidos. E este \u00e9 o melhor momento da Guarda Municipal\u201d, disse o prefeito Jo\u00e3o Paulo Papa.<\/p>\n<p>A comemora\u00e7\u00e3o teve ainda homenagens a vereadores, \u00e0 Base A\u00e9rea de Santos e ao guarda municipal Manoel Rodrigues, de 63 anos, que receberam a medalha Oswaldo Justo.<\/p>\n<p><em>Fonte: A Tribuna<\/em><\/p>\n\n<div style=\"font-size: 0px; height: 0px; line-height: 0px; margin: 0; padding: 0; clear: both;\"><\/div>","protected":false},"excerpt":{"rendered":"<p>A Guarda Municipal da cidade Santos deve contar com 35 pistolas n\u00e3o letais e 60 novos agentes aprovados em concurso p\u00fablico, que se somar\u00e3o aos 400 atuais da corpora\u00e7\u00e3o. As novidades foram anunciadas nesta segunda-feira pelo secret\u00e1rio de seguran\u00e7a p\u00fablica, Renato Perrenaud, durante cerim\u00f4nia comemorativa aos 26 anos da GM. As pistolas ser\u00e3o utilizadas pelos guardas a partir de outubro e foram doadas pela Secretaria Nacional de Seguran\u00e7a P\u00fablica. O armamento, da categoria taser, libera descarga el\u00e9trica, provocando a perda moment\u00e2nea de movimentos. Ainda este m\u00eas, os funcion\u00e1rios far\u00e3o exame psicot\u00e9cnico e os aprovados ser\u00e3o treinados pela Pol\u00edcia Militar. Os <\/p>\n","protected":false},"author":1,"featured_media":0,"comment_status":"open","ping_status":"closed","sticky":false,"template":"","format":"standard","meta":{"footnotes":""},"categories":[6],"tags":[14],"class_list":["post-382","post","type-post","status-publish","format-standard","hentry","category-noticias-em-santos","tag-santos"],"yoast_head":"<!-- This site is optimized with the Yoast SEO plugin v26.4 - https:\/\/yoast.com\/wordpress\/plugins\/seo\/ -->\n<title>Guardas municipais de Santos ter\u00e3o refor\u00e7o de armas n\u00e3o letais - Encontra Santos<\/title>\n<meta name=\"robots\" content=\"index, follow, max-snippet:-1, max-image-preview:large, max-video-preview:-1\" \/>\n<link rel=\"canonical\" href=\"https:\/\/www.encontrasantos.com.br\/sobre\/guardas-municipais-de-santos-terao-reforco-de-armas-nao-letais\/\" \/>\n<meta property=\"og:locale\" content=\"pt_BR\" \/>\n<meta property=\"og:type\" content=\"article\" \/>\n<meta property=\"og:title\" content=\"Guardas municipais de Santos ter\u00e3o refor\u00e7o de armas n\u00e3o letais - Encontra Santos\" \/>\n<meta property=\"og:description\" content=\"A Guarda Municipal da cidade Santos deve contar com 35 pistolas n\u00e3o letais e 60 novos agentes aprovados em concurso p\u00fablico, que se somar\u00e3o aos 400 atuais da corpora\u00e7\u00e3o. As novidades foram anunciadas nesta segunda-feira pelo secret\u00e1rio de seguran\u00e7a p\u00fablica, Renato Perrenaud, durante cerim\u00f4nia comemorativa aos 26 anos da GM. As pistolas ser\u00e3o utilizadas pelos guardas a partir de outubro e foram doadas pela Secretaria Nacional de Seguran\u00e7a P\u00fablica. O armamento, da categoria taser, libera descarga el\u00e9trica, provocando a perda moment\u00e2nea de movimentos. Ainda este m\u00eas, os funcion\u00e1rios far\u00e3o exame psicot\u00e9cnico e os aprovados ser\u00e3o treinados pela Pol\u00edcia Militar. Os\" \/>\n<meta property=\"og:url\" content=\"https:\/\/www.encontrasantos.com.br\/sobre\/guardas-municipais-de-santos-terao-reforco-de-armas-nao-letais\/\" \/>\n<meta property=\"og:site_name\" content=\"Encontra Santos\" \/>\n<meta property=\"article:published_time\" content=\"2011-08-16T18:11:48+00:00\" \/>\n<meta property=\"article:modified_time\" content=\"2019-04-29T21:03:40+00:00\" \/>\n<meta name=\"author\" content=\"Encontra Santos\" \/>\n<meta name=\"twitter:card\" content=\"summary_large_image\" \/>\n<meta name=\"twitter:label1\" content=\"Escrito por\" \/>\n\t<meta name=\"twitter:data1\" content=\"Encontra Santos\" \/>\n\t<meta name=\"twitter:label2\" content=\"Est. tempo de leitura\" \/>\n\t<meta name=\"twitter:data2\" content=\"1 minuto\" \/>\n<script type=\"application\/ld+json\" class=\"yoast-schema-graph\">{\"@context\":\"https:\/\/schema.org\",\"@graph\":[{\"@type\":\"WebPage\",\"@id\":\"https:\/\/www.encontrasantos.com.br\/sobre\/guardas-municipais-de-santos-terao-reforco-de-armas-nao-letais\/\",\"url\":\"https:\/\/www.encontrasantos.com.br\/sobre\/guardas-municipais-de-santos-terao-reforco-de-armas-nao-letais\/\",\"name\":\"Guardas municipais de Santos ter\u00e3o refor\u00e7o de armas n\u00e3o letais - Encontra Santos\",\"isPartOf\":{\"@id\":\"https:\/\/www.encontrasantos.com.br\/sobre\/#website\"},\"datePublished\":\"2011-08-16T18:11:48+00:00\",\"dateModified\":\"2019-04-29T21:03:40+00:00\",\"author\":{\"@id\":\"https:\/\/www.encontrasantos.com.br\/sobre\/#\/schema\/person\/c048a1af2d003b660d350a57d8081717\"},\"breadcrumb\":{\"@id\":\"https:\/\/www.encontrasantos.com.br\/sobre\/guardas-municipais-de-santos-terao-reforco-de-armas-nao-letais\/#breadcrumb\"},\"inLanguage\":\"pt-BR\",\"potentialAction\":[{\"@type\":\"ReadAction\",\"target\":[\"https:\/\/www.encontrasantos.com.br\/sobre\/guardas-municipais-de-santos-terao-reforco-de-armas-nao-letais\/\"]}]},{\"@type\":\"BreadcrumbList\",\"@id\":\"https:\/\/www.encontrasantos.com.br\/sobre\/guardas-municipais-de-santos-terao-reforco-de-armas-nao-letais\/#breadcrumb\",\"itemListElement\":[{\"@type\":\"ListItem\",\"position\":1,\"name\":\"In\u00edcio\",\"item\":\"https:\/\/www.encontrasantos.com.br\/sobre\/\"},{\"@type\":\"ListItem\",\"position\":2,\"name\":\"Guardas municipais de Santos ter\u00e3o refor\u00e7o de armas n\u00e3o letais\"}]},{\"@type\":\"WebSite\",\"@id\":\"https:\/\/www.encontrasantos.com.br\/sobre\/#website\",\"url\":\"https:\/\/www.encontrasantos.com.br\/sobre\/\",\"name\":\"Encontra Santos\",\"description\":\"Not\u00edcias, eventos, informa\u00e7\u00f5es e dicas na cidade de Santos e regi\u00e3o\",\"potentialAction\":[{\"@type\":\"SearchAction\",\"target\":{\"@type\":\"EntryPoint\",\"urlTemplate\":\"https:\/\/www.encontrasantos.com.br\/sobre\/?s={search_term_string}\"},\"query-input\":{\"@type\":\"PropertyValueSpecification\",\"valueRequired\":true,\"valueName\":\"search_term_string\"}}],\"inLanguage\":\"pt-BR\"},{\"@type\":\"Person\",\"@id\":\"https:\/\/www.encontrasantos.com.br\/sobre\/#\/schema\/person\/c048a1af2d003b660d350a57d8081717\",\"name\":\"Encontra Santos\",\"image\":{\"@type\":\"ImageObject\",\"inLanguage\":\"pt-BR\",\"@id\":\"https:\/\/www.encontrasantos.com.br\/sobre\/#\/schema\/person\/image\/\",\"url\":\"https:\/\/secure.gravatar.com\/avatar\/507340682b8270222e1f208e23198b6ae7e2c6a1033ae84e99bc6bce4f82a387?s=96&d=mm&r=g\",\"contentUrl\":\"https:\/\/secure.gravatar.com\/avatar\/507340682b8270222e1f208e23198b6ae7e2c6a1033ae84e99bc6bce4f82a387?s=96&d=mm&r=g\",\"caption\":\"Encontra Santos\"},\"sameAs\":[\"http:\/\/www.encontrasantos.com.br\"],\"url\":\"https:\/\/www.encontrasantos.com.br\/sobre\/author\/esantos\/\"}]}<\/script>\n<!-- \/ Yoast SEO plugin. -->","yoast_head_json":{"title":"Guardas municipais de Santos ter\u00e3o refor\u00e7o de armas n\u00e3o letais - Encontra Santos","robots":{"index":"index","follow":"follow","max-snippet":"max-snippet:-1","max-image-preview":"max-image-preview:large","max-video-preview":"max-video-preview:-1"},"canonical":"https:\/\/www.encontrasantos.com.br\/sobre\/guardas-municipais-de-santos-terao-reforco-de-armas-nao-letais\/","og_locale":"pt_BR","og_type":"article","og_title":"Guardas municipais de Santos ter\u00e3o refor\u00e7o de armas n\u00e3o letais - Encontra Santos","og_description":"A Guarda Municipal da cidade Santos deve contar com 35 pistolas n\u00e3o letais e 60 novos agentes aprovados em concurso p\u00fablico, que se somar\u00e3o aos 400 atuais da corpora\u00e7\u00e3o. As novidades foram anunciadas nesta segunda-feira pelo secret\u00e1rio de seguran\u00e7a p\u00fablica, Renato Perrenaud, durante cerim\u00f4nia comemorativa aos 26 anos da GM. As pistolas ser\u00e3o utilizadas pelos guardas a partir de outubro e foram doadas pela Secretaria Nacional de Seguran\u00e7a P\u00fablica. O armamento, da categoria taser, libera descarga el\u00e9trica, provocando a perda moment\u00e2nea de movimentos. Ainda este m\u00eas, os funcion\u00e1rios far\u00e3o exame psicot\u00e9cnico e os aprovados ser\u00e3o treinados pela Pol\u00edcia Militar. Os","og_url":"https:\/\/www.encontrasantos.com.br\/sobre\/guardas-municipais-de-santos-terao-reforco-de-armas-nao-letais\/","og_site_name":"Encontra Santos","article_published_time":"2011-08-16T18:11:48+00:00","article_modified_time":"2019-04-29T21:03:40+00:00","author":"Encontra Santos","twitter_card":"summary_large_image","twitter_misc":{"Escrito por":"Encontra Santos","Est. tempo de leitura":"1 minuto"},"schema":{"@context":"https:\/\/schema.org","@graph":[{"@type":"WebPage","@id":"https:\/\/www.encontrasantos.com.br\/sobre\/guardas-municipais-de-santos-terao-reforco-de-armas-nao-letais\/","url":"https:\/\/www.encontrasantos.com.br\/sobre\/guardas-municipais-de-santos-terao-reforco-de-armas-nao-letais\/","name":"Guardas municipais de Santos ter\u00e3o refor\u00e7o de armas n\u00e3o letais - Encontra Santos","isPartOf":{"@id":"https:\/\/www.encontrasantos.com.br\/sobre\/#website"},"datePublished":"2011-08-16T18:11:48+00:00","dateModified":"2019-04-29T21:03:40+00:00","author":{"@id":"https:\/\/www.encontrasantos.com.br\/sobre\/#\/schema\/person\/c048a1af2d003b660d350a57d8081717"},"breadcrumb":{"@id":"https:\/\/www.encontrasantos.com.br\/sobre\/guardas-municipais-de-santos-terao-reforco-de-armas-nao-letais\/#breadcrumb"},"inLanguage":"pt-BR","potentialAction":[{"@type":"ReadAction","target":["https:\/\/www.encontrasantos.com.br\/sobre\/guardas-municipais-de-santos-terao-reforco-de-armas-nao-letais\/"]}]},{"@type":"BreadcrumbList","@id":"https:\/\/www.encontrasantos.com.br\/sobre\/guardas-municipais-de-santos-terao-reforco-de-armas-nao-letais\/#breadcrumb","itemListElement":[{"@type":"ListItem","position":1,"name":"In\u00edcio","item":"https:\/\/www.encontrasantos.com.br\/sobre\/"},{"@type":"ListItem","position":2,"name":"Guardas municipais de Santos ter\u00e3o refor\u00e7o de armas n\u00e3o letais"}]},{"@type":"WebSite","@id":"https:\/\/www.encontrasantos.com.br\/sobre\/#website","url":"https:\/\/www.encontrasantos.com.br\/sobre\/","name":"Encontra Santos","description":"Not\u00edcias, eventos, informa\u00e7\u00f5es e dicas na cidade de Santos e regi\u00e3o","potentialAction":[{"@type":"SearchAction","target":{"@type":"EntryPoint","urlTemplate":"https:\/\/www.encontrasantos.com.br\/sobre\/?s={search_term_string}"},"query-input":{"@type":"PropertyValueSpecification","valueRequired":true,"valueName":"search_term_string"}}],"inLanguage":"pt-BR"},{"@type":"Person","@id":"https:\/\/www.encontrasantos.com.br\/sobre\/#\/schema\/person\/c048a1af2d003b660d350a57d8081717","name":"Encontra Santos","image":{"@type":"ImageObject","inLanguage":"pt-BR","@id":"https:\/\/www.encontrasantos.com.br\/sobre\/#\/schema\/person\/image\/","url":"https:\/\/secure.gravatar.com\/avatar\/507340682b8270222e1f208e23198b6ae7e2c6a1033ae84e99bc6bce4f82a387?s=96&d=mm&r=g","contentUrl":"https:\/\/secure.gravatar.com\/avatar\/507340682b8270222e1f208e23198b6ae7e2c6a1033ae84e99bc6bce4f82a387?s=96&d=mm&r=g","caption":"Encontra Santos"},"sameAs":["http:\/\/www.encontrasantos.com.br"],"url":"https:\/\/www.encontrasantos.com.br\/sobre\/author\/esantos\/"}]}},"_links":{"self":[{"href":"https:\/\/www.encontrasantos.com.br\/sobre\/wp-json\/wp\/v2\/posts\/382","targetHints":{"allow":["GET"]}}],"collection":[{"href":"https:\/\/www.encontrasantos.com.br\/sobre\/wp-json\/wp\/v2\/posts"}],"about":[{"href":"https:\/\/www.encontrasantos.com.br\/sobre\/wp-json\/wp\/v2\/types\/post"}],"author":[{"embeddable":true,"href":"https:\/\/www.encontrasantos.com.br\/sobre\/wp-json\/wp\/v2\/users\/1"}],"replies":[{"embeddable":true,"href":"https:\/\/www.encontrasantos.com.br\/sobre\/wp-json\/wp\/v2\/comments?post=382"}],"version-history":[{"count":0,"href":"https:\/\/www.encontrasantos.com.br\/sobre\/wp-json\/wp\/v2\/posts\/382\/revisions"}],"wp:attachment":[{"href":"https:\/\/www.encontrasantos.com.br\/sobre\/wp-json\/wp\/v2\/media?parent=382"}],"wp:term":[{"taxonomy":"category","embeddable":true,"href":"https:\/\/www.encontrasantos.com.br\/sobre\/wp-json\/wp\/v2\/categories?post=382"},{"taxonomy":"post_tag","embeddable":true,"href":"https:\/\/www.encontrasantos.com.br\/sobre\/wp-json\/wp\/v2\/tags?post=382"}],"curies":[{"name":"wp","href":"https:\/\/api.w.org\/{rel}","templated":true}]}}