{"id":380,"date":"2011-08-16T15:10:25","date_gmt":"2011-08-16T18:10:25","guid":{"rendered":"http:\/\/www.encontrasantos.com.br\/noticias\/?p=380"},"modified":"2019-04-29T18:03:40","modified_gmt":"2019-04-29T21:03:40","slug":"curso-em-santos-prepara-deficientes-para-mercado-de-trabalho","status":"publish","type":"post","link":"https:\/\/www.encontrasantos.com.br\/sobre\/curso-em-santos-prepara-deficientes-para-mercado-de-trabalho\/","title":{"rendered":"Curso em Santos prepara deficientes para mercado de trabalho"},"content":{"rendered":"<div class=\"79600775c85722932cbf26dff21860fb\" data-index=\"1\" style=\"float: none; margin:0px;\">\n<!-- Anuncio display - global -->\r\n<ins class=\"adsbygoogle\"\r\n     style=\"display:block\"\r\n     data-ad-client=\"ca-pub-8585364105181520\"\r\n     data-ad-slot=\"8789329856\"\r\n     data-ad-format=\"auto\"\r\n     data-full-width-responsive=\"true\"><\/ins>\r\n<script>\r\n     (adsbygoogle = window.adsbygoogle || []).push({});\r\n<\/script>\n<\/div>\n<p>Cerca de cem pessoas da Baixada com algum tipo de defici\u00eancia come\u00e7aram ter\u00e7a-feira (16) quatro cursos profissionalizantes em guia de Santos. Entre elas, estava o cadeirante Helton Nascimento da Silva Santos, residente no bairro Santo Antonio, em Guaruj\u00e1.<\/p>\n<p>Para chegar ao pr\u00e9dio do Unimonte, na Vila Mathias, onde est\u00e1 sendo dado o curso, ele precisa sair de casa \u00e0s 10h30, ou seja duas horas e meia antes da aula, \u00e0s 13h.<\/p>\n<p>Santos utiliza dois \u00f4nibus e a barca para travessia do estu\u00e1rio. \u201cEste \u00e9 o terceiro curso que fa\u00e7o (\u00e9 formado em atendente de portaria e auxiliar administrativo) e acredito que sabendo montar e utilizar computadores posso conseguir um emprego\u201d.<\/p>\n<p>As aulas ministradas pela Avape (Associa\u00e7\u00e3o para Valoriza\u00e7\u00e3o de Pessoas com Defici\u00eancia) e Centro Paula Souza possuem, inclusive, int\u00e9rprete de libras (l\u00edngua de sinais) para auxiliar os deficientes auditivos.<\/p>\n<p>Luciana dos Santos Mota \u00e9 quem faz a tradu\u00e7\u00e3o para Pedro Henrique da Silva Ferreira, de 22 anos, que quer se tornar operador de computador.<\/p>\n<p>Os cursos de inform\u00e1tica b\u00e1sica, armazenagem e reposi\u00e7\u00e3o de mercadorias, auxiliar de escrit\u00f3rio e operador de computador fazem parte do programa \u2018Via R\u00e1pida Emprego\u2019, da Secretaria Estadual de Desenvolvimento Econ\u00f4mico, Ci\u00eancia e Tecnologia, em parceria com a prefeitura, por meio da Code (Coordenadoria de Defesa de Pol\u00edticas para Pessoas com Defici\u00eancia).<\/p>\n<p>Os selecionados recebem material did\u00e1tico e subs\u00eddio de transporte de R$ 120,00. Os desempregados, sem seguro-desemprego ou benef\u00edcio previdenci\u00e1rio, tamb\u00e9m t\u00eam direito \u00e0 bolsa-aux\u00edlio mensal de R$ 210,00 durante o curso. As aulas s\u00e3o dadas de segunda a sexta, de manh\u00e3 ou \u00e0 tarde, com dura\u00e7\u00e3o de 42 dias.<\/p>\n<p><em>Fonte: Prefeitura de Santos<\/em><\/p>\n\n<div style=\"font-size: 0px; height: 0px; line-height: 0px; margin: 0; padding: 0; clear: both;\"><\/div>","protected":false},"excerpt":{"rendered":"<p>Cerca de cem pessoas da Baixada com algum tipo de defici\u00eancia come\u00e7aram ter\u00e7a-feira (16) quatro cursos profissionalizantes em guia de Santos. Entre elas, estava o cadeirante Helton Nascimento da Silva Santos, residente no bairro Santo Antonio, em Guaruj\u00e1. Para chegar ao pr\u00e9dio do Unimonte, na Vila Mathias, onde est\u00e1 sendo dado o curso, ele precisa sair de casa \u00e0s 10h30, ou seja duas horas e meia antes da aula, \u00e0s 13h. Santos utiliza dois \u00f4nibus e a barca para travessia do estu\u00e1rio. \u201cEste \u00e9 o terceiro curso que fa\u00e7o (\u00e9 formado em atendente de portaria e auxiliar administrativo) e acredito <\/p>\n","protected":false},"author":1,"featured_media":0,"comment_status":"open","ping_status":"closed","sticky":false,"template":"","format":"standard","meta":{"footnotes":""},"categories":[3],"tags":[14],"class_list":["post-380","post","type-post","status-publish","format-standard","hentry","category-cursos-em-santos","tag-santos"],"yoast_head":"<!-- This site is optimized with the Yoast SEO plugin v26.4 - https:\/\/yoast.com\/wordpress\/plugins\/seo\/ -->\n<title>Curso em Santos prepara deficientes para mercado de trabalho - Encontra Santos<\/title>\n<meta name=\"robots\" content=\"index, follow, max-snippet:-1, max-image-preview:large, max-video-preview:-1\" \/>\n<link rel=\"canonical\" href=\"https:\/\/www.encontrasantos.com.br\/sobre\/curso-em-santos-prepara-deficientes-para-mercado-de-trabalho\/\" \/>\n<meta property=\"og:locale\" content=\"pt_BR\" \/>\n<meta property=\"og:type\" content=\"article\" \/>\n<meta property=\"og:title\" content=\"Curso em Santos prepara deficientes para mercado de trabalho - Encontra Santos\" \/>\n<meta property=\"og:description\" content=\"Cerca de cem pessoas da Baixada com algum tipo de defici\u00eancia come\u00e7aram ter\u00e7a-feira (16) quatro cursos profissionalizantes em guia de Santos. Entre elas, estava o cadeirante Helton Nascimento da Silva Santos, residente no bairro Santo Antonio, em Guaruj\u00e1. Para chegar ao pr\u00e9dio do Unimonte, na Vila Mathias, onde est\u00e1 sendo dado o curso, ele precisa sair de casa \u00e0s 10h30, ou seja duas horas e meia antes da aula, \u00e0s 13h. Santos utiliza dois \u00f4nibus e a barca para travessia do estu\u00e1rio. \u201cEste \u00e9 o terceiro curso que fa\u00e7o (\u00e9 formado em atendente de portaria e auxiliar administrativo) e acredito\" \/>\n<meta property=\"og:url\" content=\"https:\/\/www.encontrasantos.com.br\/sobre\/curso-em-santos-prepara-deficientes-para-mercado-de-trabalho\/\" \/>\n<meta property=\"og:site_name\" content=\"Encontra Santos\" \/>\n<meta property=\"article:published_time\" content=\"2011-08-16T18:10:25+00:00\" \/>\n<meta property=\"article:modified_time\" content=\"2019-04-29T21:03:40+00:00\" \/>\n<meta name=\"author\" content=\"Encontra Santos\" \/>\n<meta name=\"twitter:card\" content=\"summary_large_image\" \/>\n<meta name=\"twitter:label1\" content=\"Escrito por\" \/>\n\t<meta name=\"twitter:data1\" content=\"Encontra Santos\" \/>\n\t<meta name=\"twitter:label2\" content=\"Est. tempo de leitura\" \/>\n\t<meta name=\"twitter:data2\" content=\"1 minuto\" \/>\n<script type=\"application\/ld+json\" class=\"yoast-schema-graph\">{\"@context\":\"https:\/\/schema.org\",\"@graph\":[{\"@type\":\"WebPage\",\"@id\":\"https:\/\/www.encontrasantos.com.br\/sobre\/curso-em-santos-prepara-deficientes-para-mercado-de-trabalho\/\",\"url\":\"https:\/\/www.encontrasantos.com.br\/sobre\/curso-em-santos-prepara-deficientes-para-mercado-de-trabalho\/\",\"name\":\"Curso em Santos prepara deficientes para mercado de trabalho - Encontra Santos\",\"isPartOf\":{\"@id\":\"https:\/\/www.encontrasantos.com.br\/sobre\/#website\"},\"datePublished\":\"2011-08-16T18:10:25+00:00\",\"dateModified\":\"2019-04-29T21:03:40+00:00\",\"author\":{\"@id\":\"https:\/\/www.encontrasantos.com.br\/sobre\/#\/schema\/person\/c048a1af2d003b660d350a57d8081717\"},\"breadcrumb\":{\"@id\":\"https:\/\/www.encontrasantos.com.br\/sobre\/curso-em-santos-prepara-deficientes-para-mercado-de-trabalho\/#breadcrumb\"},\"inLanguage\":\"pt-BR\",\"potentialAction\":[{\"@type\":\"ReadAction\",\"target\":[\"https:\/\/www.encontrasantos.com.br\/sobre\/curso-em-santos-prepara-deficientes-para-mercado-de-trabalho\/\"]}]},{\"@type\":\"BreadcrumbList\",\"@id\":\"https:\/\/www.encontrasantos.com.br\/sobre\/curso-em-santos-prepara-deficientes-para-mercado-de-trabalho\/#breadcrumb\",\"itemListElement\":[{\"@type\":\"ListItem\",\"position\":1,\"name\":\"In\u00edcio\",\"item\":\"https:\/\/www.encontrasantos.com.br\/sobre\/\"},{\"@type\":\"ListItem\",\"position\":2,\"name\":\"Curso em Santos prepara deficientes para mercado de trabalho\"}]},{\"@type\":\"WebSite\",\"@id\":\"https:\/\/www.encontrasantos.com.br\/sobre\/#website\",\"url\":\"https:\/\/www.encontrasantos.com.br\/sobre\/\",\"name\":\"Encontra Santos\",\"description\":\"Not\u00edcias, eventos, informa\u00e7\u00f5es e dicas na cidade de Santos e regi\u00e3o\",\"potentialAction\":[{\"@type\":\"SearchAction\",\"target\":{\"@type\":\"EntryPoint\",\"urlTemplate\":\"https:\/\/www.encontrasantos.com.br\/sobre\/?s={search_term_string}\"},\"query-input\":{\"@type\":\"PropertyValueSpecification\",\"valueRequired\":true,\"valueName\":\"search_term_string\"}}],\"inLanguage\":\"pt-BR\"},{\"@type\":\"Person\",\"@id\":\"https:\/\/www.encontrasantos.com.br\/sobre\/#\/schema\/person\/c048a1af2d003b660d350a57d8081717\",\"name\":\"Encontra Santos\",\"image\":{\"@type\":\"ImageObject\",\"inLanguage\":\"pt-BR\",\"@id\":\"https:\/\/www.encontrasantos.com.br\/sobre\/#\/schema\/person\/image\/\",\"url\":\"https:\/\/secure.gravatar.com\/avatar\/507340682b8270222e1f208e23198b6ae7e2c6a1033ae84e99bc6bce4f82a387?s=96&d=mm&r=g\",\"contentUrl\":\"https:\/\/secure.gravatar.com\/avatar\/507340682b8270222e1f208e23198b6ae7e2c6a1033ae84e99bc6bce4f82a387?s=96&d=mm&r=g\",\"caption\":\"Encontra Santos\"},\"sameAs\":[\"http:\/\/www.encontrasantos.com.br\"],\"url\":\"https:\/\/www.encontrasantos.com.br\/sobre\/author\/esantos\/\"}]}<\/script>\n<!-- \/ Yoast SEO plugin. -->","yoast_head_json":{"title":"Curso em Santos prepara deficientes para mercado de trabalho - Encontra Santos","robots":{"index":"index","follow":"follow","max-snippet":"max-snippet:-1","max-image-preview":"max-image-preview:large","max-video-preview":"max-video-preview:-1"},"canonical":"https:\/\/www.encontrasantos.com.br\/sobre\/curso-em-santos-prepara-deficientes-para-mercado-de-trabalho\/","og_locale":"pt_BR","og_type":"article","og_title":"Curso em Santos prepara deficientes para mercado de trabalho - Encontra Santos","og_description":"Cerca de cem pessoas da Baixada com algum tipo de defici\u00eancia come\u00e7aram ter\u00e7a-feira (16) quatro cursos profissionalizantes em guia de Santos. Entre elas, estava o cadeirante Helton Nascimento da Silva Santos, residente no bairro Santo Antonio, em Guaruj\u00e1. Para chegar ao pr\u00e9dio do Unimonte, na Vila Mathias, onde est\u00e1 sendo dado o curso, ele precisa sair de casa \u00e0s 10h30, ou seja duas horas e meia antes da aula, \u00e0s 13h. Santos utiliza dois \u00f4nibus e a barca para travessia do estu\u00e1rio. \u201cEste \u00e9 o terceiro curso que fa\u00e7o (\u00e9 formado em atendente de portaria e auxiliar administrativo) e acredito","og_url":"https:\/\/www.encontrasantos.com.br\/sobre\/curso-em-santos-prepara-deficientes-para-mercado-de-trabalho\/","og_site_name":"Encontra Santos","article_published_time":"2011-08-16T18:10:25+00:00","article_modified_time":"2019-04-29T21:03:40+00:00","author":"Encontra Santos","twitter_card":"summary_large_image","twitter_misc":{"Escrito por":"Encontra Santos","Est. tempo de leitura":"1 minuto"},"schema":{"@context":"https:\/\/schema.org","@graph":[{"@type":"WebPage","@id":"https:\/\/www.encontrasantos.com.br\/sobre\/curso-em-santos-prepara-deficientes-para-mercado-de-trabalho\/","url":"https:\/\/www.encontrasantos.com.br\/sobre\/curso-em-santos-prepara-deficientes-para-mercado-de-trabalho\/","name":"Curso em Santos prepara deficientes para mercado de trabalho - Encontra Santos","isPartOf":{"@id":"https:\/\/www.encontrasantos.com.br\/sobre\/#website"},"datePublished":"2011-08-16T18:10:25+00:00","dateModified":"2019-04-29T21:03:40+00:00","author":{"@id":"https:\/\/www.encontrasantos.com.br\/sobre\/#\/schema\/person\/c048a1af2d003b660d350a57d8081717"},"breadcrumb":{"@id":"https:\/\/www.encontrasantos.com.br\/sobre\/curso-em-santos-prepara-deficientes-para-mercado-de-trabalho\/#breadcrumb"},"inLanguage":"pt-BR","potentialAction":[{"@type":"ReadAction","target":["https:\/\/www.encontrasantos.com.br\/sobre\/curso-em-santos-prepara-deficientes-para-mercado-de-trabalho\/"]}]},{"@type":"BreadcrumbList","@id":"https:\/\/www.encontrasantos.com.br\/sobre\/curso-em-santos-prepara-deficientes-para-mercado-de-trabalho\/#breadcrumb","itemListElement":[{"@type":"ListItem","position":1,"name":"In\u00edcio","item":"https:\/\/www.encontrasantos.com.br\/sobre\/"},{"@type":"ListItem","position":2,"name":"Curso em Santos prepara deficientes para mercado de trabalho"}]},{"@type":"WebSite","@id":"https:\/\/www.encontrasantos.com.br\/sobre\/#website","url":"https:\/\/www.encontrasantos.com.br\/sobre\/","name":"Encontra Santos","description":"Not\u00edcias, eventos, informa\u00e7\u00f5es e dicas na cidade de Santos e regi\u00e3o","potentialAction":[{"@type":"SearchAction","target":{"@type":"EntryPoint","urlTemplate":"https:\/\/www.encontrasantos.com.br\/sobre\/?s={search_term_string}"},"query-input":{"@type":"PropertyValueSpecification","valueRequired":true,"valueName":"search_term_string"}}],"inLanguage":"pt-BR"},{"@type":"Person","@id":"https:\/\/www.encontrasantos.com.br\/sobre\/#\/schema\/person\/c048a1af2d003b660d350a57d8081717","name":"Encontra Santos","image":{"@type":"ImageObject","inLanguage":"pt-BR","@id":"https:\/\/www.encontrasantos.com.br\/sobre\/#\/schema\/person\/image\/","url":"https:\/\/secure.gravatar.com\/avatar\/507340682b8270222e1f208e23198b6ae7e2c6a1033ae84e99bc6bce4f82a387?s=96&d=mm&r=g","contentUrl":"https:\/\/secure.gravatar.com\/avatar\/507340682b8270222e1f208e23198b6ae7e2c6a1033ae84e99bc6bce4f82a387?s=96&d=mm&r=g","caption":"Encontra Santos"},"sameAs":["http:\/\/www.encontrasantos.com.br"],"url":"https:\/\/www.encontrasantos.com.br\/sobre\/author\/esantos\/"}]}},"_links":{"self":[{"href":"https:\/\/www.encontrasantos.com.br\/sobre\/wp-json\/wp\/v2\/posts\/380","targetHints":{"allow":["GET"]}}],"collection":[{"href":"https:\/\/www.encontrasantos.com.br\/sobre\/wp-json\/wp\/v2\/posts"}],"about":[{"href":"https:\/\/www.encontrasantos.com.br\/sobre\/wp-json\/wp\/v2\/types\/post"}],"author":[{"embeddable":true,"href":"https:\/\/www.encontrasantos.com.br\/sobre\/wp-json\/wp\/v2\/users\/1"}],"replies":[{"embeddable":true,"href":"https:\/\/www.encontrasantos.com.br\/sobre\/wp-json\/wp\/v2\/comments?post=380"}],"version-history":[{"count":0,"href":"https:\/\/www.encontrasantos.com.br\/sobre\/wp-json\/wp\/v2\/posts\/380\/revisions"}],"wp:attachment":[{"href":"https:\/\/www.encontrasantos.com.br\/sobre\/wp-json\/wp\/v2\/media?parent=380"}],"wp:term":[{"taxonomy":"category","embeddable":true,"href":"https:\/\/www.encontrasantos.com.br\/sobre\/wp-json\/wp\/v2\/categories?post=380"},{"taxonomy":"post_tag","embeddable":true,"href":"https:\/\/www.encontrasantos.com.br\/sobre\/wp-json\/wp\/v2\/tags?post=380"}],"curies":[{"name":"wp","href":"https:\/\/api.w.org\/{rel}","templated":true}]}}